{"id":10291,"date":"2017-06-08T12:57:34","date_gmt":"2017-06-08T10:57:34","guid":{"rendered":"http:\/\/serveiseducatius.xtec.cat\/creda-lleida\/?p=10291"},"modified":"2018-11-27T12:57:15","modified_gmt":"2018-11-27T11:57:15","slug":"reconeixement-a-lamanda-martinez-rodes-per-part-de-laula-hospitalaria-de-lhospital-arnau-de-vilanova-de-lleida","status":"publish","type":"post","link":"https:\/\/serveiseducatius.xtec.cat\/creda-lleida\/families\/reconeixement-a-lamanda-martinez-rodes-per-part-de-laula-hospitalaria-de-lhospital-arnau-de-vilanova-de-lleida\/","title":{"rendered":"Reconeixement a l&#8217;Amanda Mart\u00ednez Rod\u00e9s."},"content":{"rendered":"<p><a href=\"http:\/\/serveiseducatius.xtec.cat\/creda-lleida\/wp-content\/uploads\/usu1335\/2017\/06\/20170531_123502.jpg\"><img loading=\"lazy\" decoding=\"async\" class=\" wp-image-10292\" src=\"http:\/\/serveiseducatius.xtec.cat\/creda-lleida\/wp-content\/uploads\/usu1335\/2017\/06\/20170531_123502-1024x857.jpg\" alt=\"?\" width=\"663\" height=\"555\" srcset=\"https:\/\/serveiseducatius.xtec.cat\/creda-lleida\/wp-content\/uploads\/usu1335\/2017\/06\/20170531_123502-1024x857.jpg 1024w, https:\/\/serveiseducatius.xtec.cat\/creda-lleida\/wp-content\/uploads\/usu1335\/2017\/06\/20170531_123502-300x250.jpg 300w, https:\/\/serveiseducatius.xtec.cat\/creda-lleida\/wp-content\/uploads\/usu1335\/2017\/06\/20170531_123502-768x642.jpg 768w\" sizes=\"auto, (max-width: 663px) 100vw, 663px\" \/><\/a><\/p>\n<p>RECONEIXEMENT\u00a0 A L\u2019ALUMNA AMANDA MART\u00cdNEZ \u00a0ROD\u00c9S PER PART DE L\u2019AULA HOSPITAL\u00c0RIA DE L\u2019HOSPITAL ARNAU DE VILANOVA DE LLEIDA<\/p>\n<p>L\u2019Amanda va assistir juntament amb la seva mare i la logopeda Merc\u00e8 Rosell, a recollir el\u00a0 premi del certamen literari organitzat per l\u2019aula hospital\u00e0ria de l\u2019Arnau de Vilanova el dia 31 de maig a les 11 del mat\u00ed.<\/p>\n<p>Amb motiu d\u2019aquest certamen literari, l\u2019aula hospital\u00e0ria premia els millors escrits de l\u2019any dels nens que han participat o que han tingut una estada a l\u2019aula durant el per\u00edode en que han estat ingressats a l\u2019hospital.<\/p>\n<p>L\u2019Amanda va patir una forta migranya amb p\u00e8rdua de mem\u00f2ria que la va tenir hospitalitzada durant dos nits.\u00a0 En acabar, l\u2019Amanda va agrair\u00a0 en una carta dirigida al personal i metges de l\u2019hospital la bona acollida i el tracte obtingut.<\/p>\n<p>L\u2019 escrit va estar publicat al diari Granada Costa, Proyecto Nacional de Cultura, diari dins de l\u2019\u00e0mbit hospitalari. Va tenir molt bona acollida i va ser llegit per molta gent.<\/p>\n<p>L\u2019Amanda \u00e9s una nena amb discapacitat auditiva, que disposa d\u2019un implant coclear que li permet fer una vida\u00a0 normalitzada . Cal dir que cursa 6\u00e8 d\u2019EP a l\u2019escola Montroig de Balaguer i segueix la seva escolaritat amb molt bons resultats acad\u00e8mics.<\/p>\n<p>Per tot plegat cal recon\u00e8ixer el seu esfor\u00e7 i\u00a0 treball que queden recollits en aquest reconeixement.<\/p>\n<p>&nbsp;<\/p>\n","protected":false},"excerpt":{"rendered":"<p>L&#8217;Amanda va estar ingressada a l&#8217;Arnau de Vilanova de Lleida per un greu maldecap i p\u00e8rdua de mem\u00f2ria. Va assistir a l&#8217;aula hospital\u00e0ria on va fer un escrit de reconeixement als metges i personal per la seva feina.<br \/>\nAquest escrit ha estat premiat en motiu del certamen literari de l&#8217;aula hospital\u00e0ria i publicat a la seva revista.<\/p>\n","protected":false},"author":17,"featured_media":0,"comment_status":"open","ping_status":"closed","sticky":false,"template":"","format":"standard","meta":{"_bbp_topic_count":0,"_bbp_reply_count":0,"_bbp_total_topic_count":0,"_bbp_total_reply_count":0,"_bbp_voice_count":0,"_bbp_anonymous_reply_count":0,"_bbp_topic_count_hidden":0,"_bbp_reply_count_hidden":0,"_bbp_forum_subforum_count":0,"site-sidebar-layout":"default","site-content-layout":"","ast-site-content-layout":"","site-content-style":"default","site-sidebar-style":"default","ast-global-header-display":"","ast-banner-title-visibility":"","ast-main-header-display":"","ast-hfb-above-header-display":"","ast-hfb-below-header-display":"","ast-hfb-mobile-header-display":"","site-post-title":"","ast-breadcrumbs-content":"","ast-featured-img":"","footer-sml-layout":"","theme-transparent-header-meta":"","adv-header-id-meta":"","stick-header-meta":"","header-above-stick-meta":"","header-main-stick-meta":"","header-below-stick-meta":"","astra-migrate-meta-layouts":"default","ast-page-background-enabled":"default","ast-page-background-meta":{"desktop":{"background-color":"var(--ast-global-color-4)","background-image":"","background-repeat":"repeat","background-position":"center center","background-size":"auto","background-attachment":"scroll","background-type":"","background-media":"","overlay-type":"","overlay-color":"","overlay-opacity":"","overlay-gradient":""},"tablet":{"background-color":"","background-image":"","background-repeat":"repeat","background-position":"center center","background-size":"auto","background-attachment":"scroll","background-type":"","background-media":"","overlay-type":"","overlay-color":"","overlay-opacity":"","overlay-gradient":""},"mobile":{"background-color":"","background-image":"","background-repeat":"repeat","background-position":"center center","background-size":"auto","background-attachment":"scroll","background-type":"","background-media":"","overlay-type":"","overlay-color":"","overlay-opacity":"","overlay-gradient":""}},"ast-content-background-meta":{"desktop":{"background-color":"var(--ast-global-color-5)","background-image":"","background-repeat":"repeat","background-position":"center center","background-size":"auto","background-attachment":"scroll","background-type":"","background-media":"","overlay-type":"","overlay-color":"","overlay-opacity":"","overlay-gradient":""},"tablet":{"background-color":"var(--ast-global-color-5)","background-image":"","background-repeat":"repeat","background-position":"center center","background-size":"auto","background-attachment":"scroll","background-type":"","background-media":"","overlay-type":"","overlay-color":"","overlay-opacity":"","overlay-gradient":""},"mobile":{"background-color":"var(--ast-global-color-5)","background-image":"","background-repeat":"repeat","background-position":"center center","background-size":"auto","background-attachment":"scroll","background-type":"","background-media":"","overlay-type":"","overlay-color":"","overlay-opacity":"","overlay-gradient":""}},"footnotes":""},"categories":[272,271],"tags":[384,404,308,351,358,310],"class_list":["post-10291","post","type-post","status-publish","format-standard","hentry","category-alumnes","category-families","tag-accessibilitat","tag-comunicacio","tag-estructura-frase","tag-families","tag-sordesa","tag-vocabulari"],"post_mailing_queue_ids":[],"_links":{"self":[{"href":"https:\/\/serveiseducatius.xtec.cat\/creda-lleida\/wp-json\/wp\/v2\/posts\/10291","targetHints":{"allow":["GET"]}}],"collection":[{"href":"https:\/\/serveiseducatius.xtec.cat\/creda-lleida\/wp-json\/wp\/v2\/posts"}],"about":[{"href":"https:\/\/serveiseducatius.xtec.cat\/creda-lleida\/wp-json\/wp\/v2\/types\/post"}],"author":[{"embeddable":true,"href":"https:\/\/serveiseducatius.xtec.cat\/creda-lleida\/wp-json\/wp\/v2\/users\/17"}],"replies":[{"embeddable":true,"href":"https:\/\/serveiseducatius.xtec.cat\/creda-lleida\/wp-json\/wp\/v2\/comments?post=10291"}],"version-history":[{"count":3,"href":"https:\/\/serveiseducatius.xtec.cat\/creda-lleida\/wp-json\/wp\/v2\/posts\/10291\/revisions"}],"predecessor-version":[{"id":10303,"href":"https:\/\/serveiseducatius.xtec.cat\/creda-lleida\/wp-json\/wp\/v2\/posts\/10291\/revisions\/10303"}],"wp:attachment":[{"href":"https:\/\/serveiseducatius.xtec.cat\/creda-lleida\/wp-json\/wp\/v2\/media?parent=10291"}],"wp:term":[{"taxonomy":"category","embeddable":true,"href":"https:\/\/serveiseducatius.xtec.cat\/creda-lleida\/wp-json\/wp\/v2\/categories?post=10291"},{"taxonomy":"post_tag","embeddable":true,"href":"https:\/\/serveiseducatius.xtec.cat\/creda-lleida\/wp-json\/wp\/v2\/tags?post=10291"}],"curies":[{"name":"wp","href":"https:\/\/api.w.org\/{rel}","templated":true}]}}