{"id":9808,"date":"2017-03-28T11:09:57","date_gmt":"2017-03-28T09:09:57","guid":{"rendered":"http:\/\/serveiseducatius.xtec.cat\/creda-jordiperello\/?p=9808"},"modified":"2017-04-04T09:37:17","modified_gmt":"2017-04-04T07:37:17","slug":"la-descoberta-dels-sons-del-catala-a-traves-dels-objectes","status":"publish","type":"post","link":"https:\/\/serveiseducatius.xtec.cat\/creda-jordiperello\/recursos\/fonetica-fonologia\/la-descoberta-dels-sons-del-catala-a-traves-dels-objectes\/","title":{"rendered":"La descoberta dels sons del catal\u00e0 a trav\u00e9s dels objectes"},"content":{"rendered":"<p style=\"text-align: justify;\">La Merc\u00e8 Calaf\u00ed, l&#8217;Eva Oca\u00f1a, la Montse Segarra i la Rosa Vives, logopedes del nostre CREDA, han col\u00b7laborat amb un cap\u00edtol del llibre <strong>&#8220;L&#8217;ensenyament de la pronunciaci\u00f3 del catal\u00e0. Eines, recursos, estrat\u00e8gies i experi\u00e8ncies&#8221;<\/strong> publicat per l&#8217;editorial Gra\u00f3, titulat <strong>&#8220;La descoberta dels sons del catal\u00e0 a trav\u00e9s dels objectes&#8221;<\/strong>.<\/p>\n<p style=\"text-align: justify;\"><a href=\"http:\/\/serveiseducatius.xtec.cat\/creda-jordiperello\/wp-content\/uploads\/usu975\/2017\/03\/capsa.jpg\"><img loading=\"lazy\" decoding=\"async\" class=\" wp-image-9809 alignleft\" src=\"http:\/\/serveiseducatius.xtec.cat\/creda-jordiperello\/wp-content\/uploads\/usu975\/2017\/03\/capsa.jpg\" alt=\"capsa\" width=\"206\" height=\"279\" srcset=\"https:\/\/serveiseducatius.xtec.cat\/creda-jordiperello\/wp-content\/uploads\/usu975\/2017\/03\/capsa.jpg 250w, https:\/\/serveiseducatius.xtec.cat\/creda-jordiperello\/wp-content\/uploads\/usu975\/2017\/03\/capsa-222x300.jpg 222w\" sizes=\"auto, (max-width: 206px) 100vw, 206px\" \/><\/a><\/p>\n<p style=\"text-align: justify;\">En aquest cap\u00edtol les nostres companyes presenten alguns dels recursos que han desenvolupat \u00a0i experimentat en diferents contextos educatius per tal d&#8217;ensenyar la pronunciaci\u00f3 del catal\u00e0 especialment als infants sords i als que presenten retards en l&#8217;adquisici\u00f3 del llenguatge i de la parla. Aquests recursos que presenten s\u00f3n els que s&#8217;engloben dins del que anomenen <strong>&#8220;la capsa dels sons&#8221;<\/strong>, en que cada so s&#8217;associa a un objecte espec\u00edfic que n&#8217;evoca, de manera visual, les caracter\u00edstiques articulat\u00f2ries del so.<\/p>\n<p style=\"text-align: justify;\">Tot l&#8217;equip de professionals del CREDA Jordi Perell\u00f3 estem molt orgullosos d&#8217;elles i del reconeixement que ha tingut el seu treball. Moltes felicitats Merc\u00e8, Eva, Montse i Rosa!!!<\/p>\n","protected":false},"excerpt":{"rendered":"<p>La Merc\u00e8 Calaf\u00ed, l&#8217;Eva Oca\u00f1a, la Montse Segarra i la Rosa Vives, logopedes del nostre CREDA, han col\u00b7laborat amb un cap\u00edtol del llibre &#8220;L&#8217;ensenyament de la pronunciaci\u00f3 del catal\u00e0. Eines, recursos, estrat\u00e8gies i experi\u00e8ncies&#8221; publicat per l&#8217;editorial Gra\u00f3, titulat &#8220;La descoberta dels sons del catal\u00e0 a trav\u00e9s dels objectes&#8221;.<\/p>\n","protected":false},"author":1,"featured_media":9809,"comment_status":"open","ping_status":"open","sticky":false,"template":"","format":"standard","meta":{"_bbp_topic_count":0,"_bbp_reply_count":0,"_bbp_total_topic_count":0,"_bbp_total_reply_count":0,"_bbp_voice_count":0,"_bbp_anonymous_reply_count":0,"_bbp_topic_count_hidden":0,"_bbp_reply_count_hidden":0,"_bbp_forum_subforum_count":0,"site-sidebar-layout":"default","site-content-layout":"","ast-site-content-layout":"","site-content-style":"default","site-sidebar-style":"default","ast-global-header-display":"","ast-banner-title-visibility":"","ast-main-header-display":"","ast-hfb-above-header-display":"","ast-hfb-below-header-display":"","ast-hfb-mobile-header-display":"","site-post-title":"","ast-breadcrumbs-content":"","ast-featured-img":"","footer-sml-layout":"","theme-transparent-header-meta":"","adv-header-id-meta":"","stick-header-meta":"","header-above-stick-meta":"","header-main-stick-meta":"","header-below-stick-meta":"","astra-migrate-meta-layouts":"default","ast-page-background-enabled":"default","ast-page-background-meta":{"desktop":{"background-color":"var(--ast-global-color-4)","background-image":"","background-repeat":"repeat","background-position":"center center","background-size":"auto","background-attachment":"scroll","background-type":"","background-media":"","overlay-type":"","overlay-color":"","overlay-opacity":"","overlay-gradient":""},"tablet":{"background-color":"","background-image":"","background-repeat":"repeat","background-position":"center center","background-size":"auto","background-attachment":"scroll","background-type":"","background-media":"","overlay-type":"","overlay-color":"","overlay-opacity":"","overlay-gradient":""},"mobile":{"background-color":"","background-image":"","background-repeat":"repeat","background-position":"center center","background-size":"auto","background-attachment":"scroll","background-type":"","background-media":"","overlay-type":"","overlay-color":"","overlay-opacity":"","overlay-gradient":""}},"ast-content-background-meta":{"desktop":{"background-color":"var(--ast-global-color-5)","background-image":"","background-repeat":"repeat","background-position":"center center","background-size":"auto","background-attachment":"scroll","background-type":"","background-media":"","overlay-type":"","overlay-color":"","overlay-opacity":"","overlay-gradient":""},"tablet":{"background-color":"var(--ast-global-color-5)","background-image":"","background-repeat":"repeat","background-position":"center center","background-size":"auto","background-attachment":"scroll","background-type":"","background-media":"","overlay-type":"","overlay-color":"","overlay-opacity":"","overlay-gradient":""},"mobile":{"background-color":"var(--ast-global-color-5)","background-image":"","background-repeat":"repeat","background-position":"center center","background-size":"auto","background-attachment":"scroll","background-type":"","background-media":"","overlay-type":"","overlay-color":"","overlay-opacity":"","overlay-gradient":""}},"footnotes":""},"categories":[266,273],"tags":[605,477],"class_list":["post-9808","post","type-post","status-publish","format-standard","has-post-thumbnail","hentry","category-fonetica-fonologia","category-portada","tag-capsa-del-sons","tag-fonologia"],"post_mailing_queue_ids":[],"_links":{"self":[{"href":"https:\/\/serveiseducatius.xtec.cat\/creda-jordiperello\/wp-json\/wp\/v2\/posts\/9808","targetHints":{"allow":["GET"]}}],"collection":[{"href":"https:\/\/serveiseducatius.xtec.cat\/creda-jordiperello\/wp-json\/wp\/v2\/posts"}],"about":[{"href":"https:\/\/serveiseducatius.xtec.cat\/creda-jordiperello\/wp-json\/wp\/v2\/types\/post"}],"author":[{"embeddable":true,"href":"https:\/\/serveiseducatius.xtec.cat\/creda-jordiperello\/wp-json\/wp\/v2\/users\/1"}],"replies":[{"embeddable":true,"href":"https:\/\/serveiseducatius.xtec.cat\/creda-jordiperello\/wp-json\/wp\/v2\/comments?post=9808"}],"version-history":[{"count":3,"href":"https:\/\/serveiseducatius.xtec.cat\/creda-jordiperello\/wp-json\/wp\/v2\/posts\/9808\/revisions"}],"predecessor-version":[{"id":9829,"href":"https:\/\/serveiseducatius.xtec.cat\/creda-jordiperello\/wp-json\/wp\/v2\/posts\/9808\/revisions\/9829"}],"wp:featuredmedia":[{"embeddable":true,"href":"https:\/\/serveiseducatius.xtec.cat\/creda-jordiperello\/wp-json\/wp\/v2\/media\/9809"}],"wp:attachment":[{"href":"https:\/\/serveiseducatius.xtec.cat\/creda-jordiperello\/wp-json\/wp\/v2\/media?parent=9808"}],"wp:term":[{"taxonomy":"category","embeddable":true,"href":"https:\/\/serveiseducatius.xtec.cat\/creda-jordiperello\/wp-json\/wp\/v2\/categories?post=9808"},{"taxonomy":"post_tag","embeddable":true,"href":"https:\/\/serveiseducatius.xtec.cat\/creda-jordiperello\/wp-json\/wp\/v2\/tags?post=9808"}],"curies":[{"name":"wp","href":"https:\/\/api.w.org\/{rel}","templated":true}]}}