{"id":9491,"date":"2017-01-10T11:02:25","date_gmt":"2017-01-10T10:02:25","guid":{"rendered":"http:\/\/serveiseducatius.xtec.cat\/creda-jordiperello\/?p=9491"},"modified":"2017-01-10T11:05:28","modified_gmt":"2017-01-10T10:05:28","slug":"auels-organitza-nous-cursos-de-formacio","status":"publish","type":"post","link":"https:\/\/serveiseducatius.xtec.cat\/creda-jordiperello\/portada\/auels-organitza-nous-cursos-de-formacio\/","title":{"rendered":"Nous cursos de formaci\u00f3 d&#8217;AUELS"},"content":{"rendered":"<p style=\"text-align: justify;\">L&#8217;<em>Associaci\u00f3 d&#8217;Usuaris i Estudiants de Llengua de Signes<\/em> (AUELS)\u00a0ens han fet arribar les seves activitats de formaci\u00f3.<\/p>\n<p style=\"text-align: justify;\">S&#8217;organitzem tres noves edicions del curs de Psicosociologia de la Comunitat Sorda durant el curs 2016-17 totes reconeixement com a formaci\u00f3 permanent\u00a0del\u00a0professorat pel Departament d&#8217;Ensenyament de la Generalitat de Catalunya.<\/p>\n<p style=\"text-align: justify;\">Aquests cursos\u00a0s\u00f3n cursos 100% telem\u00e0tics amb la intenci\u00f3 d&#8217;evitar despla\u00e7ament i poder conciliar la vida laboral i personal de les persones interessades.<\/p>\n<p style=\"text-align: justify;\">L&#8217;AUELS \u00e9s\u00a0una entitat social sense \u00e0nim de lucre que es dedica a la formaci\u00f3 sobre temes relacionats amb les persones sordes, especialment dins de l&#8217;\u00e0mbit docent.\u00a0Podeu saber m\u00e9s sobre AUELS i sobre aquests cursos a la seva p\u00e0gina web \u00a0<a href=\"http:\/\/www.auelsignes.org\/\" target=\"_blank\" data-saferedirecturl=\"https:\/\/www.google.com\/url?hl=ca&amp;q=http:\/\/www.auelsignes.org&amp;source=gmail&amp;ust=1484127416362000&amp;usg=AFQjCNFL1NcuVyEvCNhaL8UpEW2BE_ZDFA\">www.auelsignes.org\u00a0<\/a>\u00a0Els formadors del curs tamb\u00e9 s\u00f3n personal docent del Departament d&#8217;Ensenyament. Podeu contactar AUELS telef\u00f2nicament (fora de l&#8217;horari escolar) al tel\u00e8fon 666 159 836.<\/p>\n<div style=\"text-align: justify;\"><\/div>\n<div style=\"text-align: justify;\"><\/div>\n<div><\/div>\n","protected":false},"excerpt":{"rendered":"<p>L&#8217;Associaci\u00f3 d&#8217;Usuaris i Estudiants de Llengua de Signes (AUELS) ens han fet arribar les seves activitats de formaci\u00f3 telem\u00e0tica sobre Psicosociologia de la Comunicat Sorda reconegudes pel Departament d&#8217;Ensenyament.<\/p>\n","protected":false},"author":1,"featured_media":9494,"comment_status":"open","ping_status":"open","sticky":false,"template":"","format":"standard","meta":{"_bbp_topic_count":0,"_bbp_reply_count":0,"_bbp_total_topic_count":0,"_bbp_total_reply_count":0,"_bbp_voice_count":0,"_bbp_anonymous_reply_count":0,"_bbp_topic_count_hidden":0,"_bbp_reply_count_hidden":0,"_bbp_forum_subforum_count":0,"site-sidebar-layout":"default","site-content-layout":"","ast-site-content-layout":"","site-content-style":"default","site-sidebar-style":"default","ast-global-header-display":"","ast-banner-title-visibility":"","ast-main-header-display":"","ast-hfb-above-header-display":"","ast-hfb-below-header-display":"","ast-hfb-mobile-header-display":"","site-post-title":"","ast-breadcrumbs-content":"","ast-featured-img":"","footer-sml-layout":"","theme-transparent-header-meta":"","adv-header-id-meta":"","stick-header-meta":"","header-above-stick-meta":"","header-main-stick-meta":"","header-below-stick-meta":"","astra-migrate-meta-layouts":"default","ast-page-background-enabled":"default","ast-page-background-meta":{"desktop":{"background-color":"var(--ast-global-color-4)","background-image":"","background-repeat":"repeat","background-position":"center center","background-size":"auto","background-attachment":"scroll","background-type":"","background-media":"","overlay-type":"","overlay-color":"","overlay-opacity":"","overlay-gradient":""},"tablet":{"background-color":"","background-image":"","background-repeat":"repeat","background-position":"center center","background-size":"auto","background-attachment":"scroll","background-type":"","background-media":"","overlay-type":"","overlay-color":"","overlay-opacity":"","overlay-gradient":""},"mobile":{"background-color":"","background-image":"","background-repeat":"repeat","background-position":"center center","background-size":"auto","background-attachment":"scroll","background-type":"","background-media":"","overlay-type":"","overlay-color":"","overlay-opacity":"","overlay-gradient":""}},"ast-content-background-meta":{"desktop":{"background-color":"var(--ast-global-color-5)","background-image":"","background-repeat":"repeat","background-position":"center center","background-size":"auto","background-attachment":"scroll","background-type":"","background-media":"","overlay-type":"","overlay-color":"","overlay-opacity":"","overlay-gradient":""},"tablet":{"background-color":"var(--ast-global-color-5)","background-image":"","background-repeat":"repeat","background-position":"center center","background-size":"auto","background-attachment":"scroll","background-type":"","background-media":"","overlay-type":"","overlay-color":"","overlay-opacity":"","overlay-gradient":""},"mobile":{"background-color":"var(--ast-global-color-5)","background-image":"","background-repeat":"repeat","background-position":"center center","background-size":"auto","background-attachment":"scroll","background-type":"","background-media":"","overlay-type":"","overlay-color":"","overlay-opacity":"","overlay-gradient":""}},"footnotes":""},"categories":[288,296,273],"tags":[554,317],"class_list":["post-9491","post","type-post","status-publish","format-standard","has-post-thumbnail","hentry","category-formacio","category-llengua-de-signes","category-portada","tag-formacio","tag-lsc"],"post_mailing_queue_ids":[],"_links":{"self":[{"href":"https:\/\/serveiseducatius.xtec.cat\/creda-jordiperello\/wp-json\/wp\/v2\/posts\/9491","targetHints":{"allow":["GET"]}}],"collection":[{"href":"https:\/\/serveiseducatius.xtec.cat\/creda-jordiperello\/wp-json\/wp\/v2\/posts"}],"about":[{"href":"https:\/\/serveiseducatius.xtec.cat\/creda-jordiperello\/wp-json\/wp\/v2\/types\/post"}],"author":[{"embeddable":true,"href":"https:\/\/serveiseducatius.xtec.cat\/creda-jordiperello\/wp-json\/wp\/v2\/users\/1"}],"replies":[{"embeddable":true,"href":"https:\/\/serveiseducatius.xtec.cat\/creda-jordiperello\/wp-json\/wp\/v2\/comments?post=9491"}],"version-history":[{"count":3,"href":"https:\/\/serveiseducatius.xtec.cat\/creda-jordiperello\/wp-json\/wp\/v2\/posts\/9491\/revisions"}],"predecessor-version":[{"id":9497,"href":"https:\/\/serveiseducatius.xtec.cat\/creda-jordiperello\/wp-json\/wp\/v2\/posts\/9491\/revisions\/9497"}],"wp:featuredmedia":[{"embeddable":true,"href":"https:\/\/serveiseducatius.xtec.cat\/creda-jordiperello\/wp-json\/wp\/v2\/media\/9494"}],"wp:attachment":[{"href":"https:\/\/serveiseducatius.xtec.cat\/creda-jordiperello\/wp-json\/wp\/v2\/media?parent=9491"}],"wp:term":[{"taxonomy":"category","embeddable":true,"href":"https:\/\/serveiseducatius.xtec.cat\/creda-jordiperello\/wp-json\/wp\/v2\/categories?post=9491"},{"taxonomy":"post_tag","embeddable":true,"href":"https:\/\/serveiseducatius.xtec.cat\/creda-jordiperello\/wp-json\/wp\/v2\/tags?post=9491"}],"curies":[{"name":"wp","href":"https:\/\/api.w.org\/{rel}","templated":true}]}}