{"id":9287,"date":"2016-11-08T23:58:05","date_gmt":"2016-11-08T22:58:05","guid":{"rendered":"http:\/\/serveiseducatius.xtec.cat\/creda-jordiperello\/?p=9287"},"modified":"2016-11-08T23:58:32","modified_gmt":"2016-11-08T22:58:32","slug":"seminari-sobre-dislexia","status":"publish","type":"post","link":"https:\/\/serveiseducatius.xtec.cat\/creda-jordiperello\/professionals\/seminari-sobre-dislexia\/","title":{"rendered":"Seminari sobre Disl\u00e8xia"},"content":{"rendered":"<p style=\"text-align: justify;\">En el marc del\u00a0 M\u00e0ster Universitari de Dificultat de l&#8217;Aprenentatge i Trastorns de Llenguatge de la UOC s&#8217;organitza un cicle de &#8220;Seminaris d\u2019Educaci\u00f3&#8221; organitzats conjuntament entre la Xarxa Territorial de la Universitat Oberta de Catalunya i el M\u00e0ster de Dificultats de l&#8217;Aprenentatge i Trastorns del Llenguatge. Aquests seminaris es portaran generalment a terme l&#8217;\u00faltim dimecres de cada mes a la tarda a diferents seus de la UOC.<\/p>\n<p style=\"text-align: justify;\">En cada Seminari un professional que es dedica a la intervenci\u00f3 en dificultats de l&#8217;aprenentatge i\/o trastorns del llenguatge presentar\u00e0 el cas d&#8217;un nen amb una dificultat (disl\u00e8xia, discalc\u00falia, TEL, discapacitat motriu, TDAH, etc.). Aquesta presentaci\u00f3 inclour\u00e0 la descripci\u00f3 del cas, informaci\u00f3 relativa al proc\u00e9s d&#8217;identificaci\u00f3 de les seves necessitats educatives i la descripci\u00f3 de la intervenci\u00f3 portada a terme. La duraci\u00f3 de cada seminari ser\u00e0 d&#8217;uns 90 minuts en qu\u00e8 primer el ponent exposar\u00e0 el cas i despr\u00e9s s&#8217;obriria un torn de preguntes amb els assistents.<\/p>\n<p style=\"text-align: justify;\">El primer seminari tractar\u00e0 sobre la <strong>disl\u00e8xia<\/strong> on es far\u00e0 un breu recorregut hist\u00f2ric per ajudar a comprendre el que es sap a dia d&#8217;avui sobre aquest trastorn espec\u00edfic de l&#8217;aprenentatge. Es comentaran creences err\u00f2nies i encertades sobre les dificultats espec\u00edfiques de la lectura, es repassaran els diferents perfils de d\u00e8ficit a partir d&#8217;exemples reals, i es revisar\u00e0 l&#8217;efic\u00e0cia de diferents propostes d&#8217;intervenci\u00f3.<\/p>\n<p style=\"text-align: justify;\">El seminari anir\u00e0 a c\u00e0rrec de Javier Rodr\u00edguez-Ferreiro, doctor en Psicologia, especialista en Psicoling\u00fc\u00edstica i Neuropsicologia del Llenguatge. A m\u00e9s de ser professor a l\u2019\u00e0rea de Psicologia del Pensament i del Llenguatge de la Universitat de Barcelona col\u00b7labora com a consultor al M\u00e0ster en Dificultats de l&#8217;Aprenentatge i Trastorns del Llenguatge de la UOC.<\/p>\n<p style=\"text-align: justify;\">Aquest seminari tindr\u00e0 lloc el 23 de novembre de 2016 a \u00a0les 18.30h, a la Seu UOC de Lleida (Edifici Consell Comarcal del Segri\u00e0 \u2013 Canyeret, 12, 2\u00aa planta, 25.007 Lleida)Tel\u00e8fon: 973 72 70 77. Correu electr\u00f2nic: <a href=\"mailto:uoclleida@uoc.edu\">uoclleida@uoc.edu .<\/a><\/p>\n<p style=\"text-align: justify;\">A tots els assistents se\u2019ls expedir\u00e0 un certificat d\u2019assist\u00e8ncia de 2 hores. L\u2019assist\u00e8ncia a la sessi\u00f3 \u00e9s gratu\u00efta, per\u00f2 caldr\u00e0 que s&#8217;empleneu aquest\u00a0<a href=\"https:\/\/symposium.uoc.edu\/event_detail\/6320\/detail\/cicle-andquot;seminaris-dreducacioandquot;.html\">formulari<\/a>.<\/p>\n","protected":false},"excerpt":{"rendered":"<p>En el marc del\u00a0 M\u00e0ster Universitari de Dificultat de l&#8217;Aprenentatge i Trastorns de Llenguatge de la UOC s&#8217;organitza un cicle de &#8220;Seminaris d\u2019Educaci\u00f3&#8221; organitzats conjuntament entre la Xarxa Territorial de la Universitat Oberta de Catalunya i el M\u00e0ster de Dificultats de l&#8217;Aprenentatge i Trastorns del Llenguatge. Aquests seminaris es portaran generalment a terme l&#8217;\u00faltim dimecres [&hellip;]<\/p>\n","protected":false},"author":1,"featured_media":9288,"comment_status":"open","ping_status":"open","sticky":false,"template":"","format":"standard","meta":{"_bbp_topic_count":0,"_bbp_reply_count":0,"_bbp_total_topic_count":0,"_bbp_total_reply_count":0,"_bbp_voice_count":0,"_bbp_anonymous_reply_count":0,"_bbp_topic_count_hidden":0,"_bbp_reply_count_hidden":0,"_bbp_forum_subforum_count":0,"site-sidebar-layout":"default","site-content-layout":"","ast-site-content-layout":"","site-content-style":"default","site-sidebar-style":"default","ast-global-header-display":"","ast-banner-title-visibility":"","ast-main-header-display":"","ast-hfb-above-header-display":"","ast-hfb-below-header-display":"","ast-hfb-mobile-header-display":"","site-post-title":"","ast-breadcrumbs-content":"","ast-featured-img":"","footer-sml-layout":"","theme-transparent-header-meta":"","adv-header-id-meta":"","stick-header-meta":"","header-above-stick-meta":"","header-main-stick-meta":"","header-below-stick-meta":"","astra-migrate-meta-layouts":"default","ast-page-background-enabled":"default","ast-page-background-meta":{"desktop":{"background-color":"var(--ast-global-color-4)","background-image":"","background-repeat":"repeat","background-position":"center center","background-size":"auto","background-attachment":"scroll","background-type":"","background-media":"","overlay-type":"","overlay-color":"","overlay-opacity":"","overlay-gradient":""},"tablet":{"background-color":"","background-image":"","background-repeat":"repeat","background-position":"center center","background-size":"auto","background-attachment":"scroll","background-type":"","background-media":"","overlay-type":"","overlay-color":"","overlay-opacity":"","overlay-gradient":""},"mobile":{"background-color":"","background-image":"","background-repeat":"repeat","background-position":"center center","background-size":"auto","background-attachment":"scroll","background-type":"","background-media":"","overlay-type":"","overlay-color":"","overlay-opacity":"","overlay-gradient":""}},"ast-content-background-meta":{"desktop":{"background-color":"var(--ast-global-color-5)","background-image":"","background-repeat":"repeat","background-position":"center center","background-size":"auto","background-attachment":"scroll","background-type":"","background-media":"","overlay-type":"","overlay-color":"","overlay-opacity":"","overlay-gradient":""},"tablet":{"background-color":"var(--ast-global-color-5)","background-image":"","background-repeat":"repeat","background-position":"center center","background-size":"auto","background-attachment":"scroll","background-type":"","background-media":"","overlay-type":"","overlay-color":"","overlay-opacity":"","overlay-gradient":""},"mobile":{"background-color":"var(--ast-global-color-5)","background-image":"","background-repeat":"repeat","background-position":"center center","background-size":"auto","background-attachment":"scroll","background-type":"","background-media":"","overlay-type":"","overlay-color":"","overlay-opacity":"","overlay-gradient":""}},"footnotes":""},"categories":[288,269,273,264],"tags":[523],"class_list":["post-9287","post","type-post","status-publish","format-standard","has-post-thumbnail","hentry","category-formacio","category-lectoescriptura","category-portada","category-professionals","tag-dislexia"],"post_mailing_queue_ids":[],"_links":{"self":[{"href":"https:\/\/serveiseducatius.xtec.cat\/creda-jordiperello\/wp-json\/wp\/v2\/posts\/9287","targetHints":{"allow":["GET"]}}],"collection":[{"href":"https:\/\/serveiseducatius.xtec.cat\/creda-jordiperello\/wp-json\/wp\/v2\/posts"}],"about":[{"href":"https:\/\/serveiseducatius.xtec.cat\/creda-jordiperello\/wp-json\/wp\/v2\/types\/post"}],"author":[{"embeddable":true,"href":"https:\/\/serveiseducatius.xtec.cat\/creda-jordiperello\/wp-json\/wp\/v2\/users\/1"}],"replies":[{"embeddable":true,"href":"https:\/\/serveiseducatius.xtec.cat\/creda-jordiperello\/wp-json\/wp\/v2\/comments?post=9287"}],"version-history":[{"count":3,"href":"https:\/\/serveiseducatius.xtec.cat\/creda-jordiperello\/wp-json\/wp\/v2\/posts\/9287\/revisions"}],"predecessor-version":[{"id":9291,"href":"https:\/\/serveiseducatius.xtec.cat\/creda-jordiperello\/wp-json\/wp\/v2\/posts\/9287\/revisions\/9291"}],"wp:featuredmedia":[{"embeddable":true,"href":"https:\/\/serveiseducatius.xtec.cat\/creda-jordiperello\/wp-json\/wp\/v2\/media\/9288"}],"wp:attachment":[{"href":"https:\/\/serveiseducatius.xtec.cat\/creda-jordiperello\/wp-json\/wp\/v2\/media?parent=9287"}],"wp:term":[{"taxonomy":"category","embeddable":true,"href":"https:\/\/serveiseducatius.xtec.cat\/creda-jordiperello\/wp-json\/wp\/v2\/categories?post=9287"},{"taxonomy":"post_tag","embeddable":true,"href":"https:\/\/serveiseducatius.xtec.cat\/creda-jordiperello\/wp-json\/wp\/v2\/tags?post=9287"}],"curies":[{"name":"wp","href":"https:\/\/api.w.org\/{rel}","templated":true}]}}