{"id":8948,"date":"2016-07-28T22:47:32","date_gmt":"2016-07-28T21:47:32","guid":{"rendered":"http:\/\/serveiseducatius.xtec.cat\/creda-jordiperello\/?p=8948"},"modified":"2016-07-28T22:48:56","modified_gmt":"2016-07-28T21:48:56","slug":"guia-multimedia-de-la-prosodia-del-catala","status":"publish","type":"post","link":"https:\/\/serveiseducatius.xtec.cat\/creda-jordiperello\/recursos\/fonetica-fonologia\/guia-multimedia-de-la-prosodia-del-catala\/","title":{"rendered":"Guia multim\u00e8dia de la pros\u00f2dia del catal\u00e0"},"content":{"rendered":"<p style=\"text-align: justify;\">La Universitat Aut\u00f2noma de Barcelona juntament amb la Universitat Pompeu Fabra han creat la Guia multim\u00e8dia de la pros\u00f2dia del catal\u00e0 i de l&#8217;espanyol amb l&#8217;objectiu d&#8217;oferir el coneixement i la terminologia necessaris per enfrontar-se a l&#8217;an\u00e0lisi pros\u00f2dica d&#8217;aquestes lleng\u00fces. Es presenta el sistema d&#8217;anotaci\u00f3 ToBI i s&#8217;ofereix la possibilitat de realitzar un entrenament. Amb aquest entrenament i l&#8217;ajut del programa d&#8217;anotaci\u00f3 Praat, l&#8217;usuari podr\u00e0 comen\u00e7ar a representar de manera descriptiva fen\u00f2mens entonatius de diferents lleng\u00fces.<\/p>\n<p><a href=\"http:\/\/serveiseducatius.xtec.cat\/creda-jordiperello\/wp-content\/uploads\/usu975\/2016\/07\/Guia-multimedia.png\"><img loading=\"lazy\" decoding=\"async\" class=\"alignnone size-full wp-image-8949\" src=\"http:\/\/serveiseducatius.xtec.cat\/creda-jordiperello\/wp-content\/uploads\/usu975\/2016\/07\/Guia-multimedia.png\" alt=\"Guia multimedia\" width=\"435\" height=\"261\" srcset=\"https:\/\/serveiseducatius.xtec.cat\/creda-jordiperello\/wp-content\/uploads\/usu975\/2016\/07\/Guia-multimedia.png 435w, https:\/\/serveiseducatius.xtec.cat\/creda-jordiperello\/wp-content\/uploads\/usu975\/2016\/07\/Guia-multimedia-300x180.png 300w\" sizes=\"auto, (max-width: 435px) 100vw, 435px\" \/><\/a><\/p>\n<p><a href=\"http:\/\/prado.uab.cat\/guia\/ca\/index.html\">Guia multim\u00e8dia de la pros\u00f2dia del catal\u00e0<\/a><\/p>\n<p><a href=\"http:\/\/prado.uab.cat\/guia\/es\/index.html\">Guia multimedia de la prosodia del espa\u00f1ol<\/a><\/p>\n","protected":false},"excerpt":{"rendered":"<p>La Universitat Aut\u00f2noma de Barcelona juntament amb la Universitat Pompeu Fabra han creat la Guia multim\u00e8dia de la pros\u00f2dia del catal\u00e0 i de l&#8217;espanyol amb l&#8217;objectiu d&#8217;oferir el coneixement i la terminologia necessaris per enfrontar-se a l&#8217;an\u00e0lisi pros\u00f2dica d&#8217;aquestes lleng\u00fces. Es presenta el sistema d&#8217;anotaci\u00f3 ToBI i s&#8217;ofereix la possibilitat de realitzar un entrenament. Amb [&hellip;]<\/p>\n","protected":false},"author":1,"featured_media":8949,"comment_status":"open","ping_status":"open","sticky":false,"template":"","format":"standard","meta":{"_bbp_topic_count":0,"_bbp_reply_count":0,"_bbp_total_topic_count":0,"_bbp_total_reply_count":0,"_bbp_voice_count":0,"_bbp_anonymous_reply_count":0,"_bbp_topic_count_hidden":0,"_bbp_reply_count_hidden":0,"_bbp_forum_subforum_count":0,"site-sidebar-layout":"default","site-content-layout":"","ast-site-content-layout":"","site-content-style":"default","site-sidebar-style":"default","ast-global-header-display":"","ast-banner-title-visibility":"","ast-main-header-display":"","ast-hfb-above-header-display":"","ast-hfb-below-header-display":"","ast-hfb-mobile-header-display":"","site-post-title":"","ast-breadcrumbs-content":"","ast-featured-img":"","footer-sml-layout":"","theme-transparent-header-meta":"","adv-header-id-meta":"","stick-header-meta":"","header-above-stick-meta":"","header-main-stick-meta":"","header-below-stick-meta":"","astra-migrate-meta-layouts":"default","ast-page-background-enabled":"default","ast-page-background-meta":{"desktop":{"background-color":"var(--ast-global-color-4)","background-image":"","background-repeat":"repeat","background-position":"center center","background-size":"auto","background-attachment":"scroll","background-type":"","background-media":"","overlay-type":"","overlay-color":"","overlay-opacity":"","overlay-gradient":""},"tablet":{"background-color":"","background-image":"","background-repeat":"repeat","background-position":"center center","background-size":"auto","background-attachment":"scroll","background-type":"","background-media":"","overlay-type":"","overlay-color":"","overlay-opacity":"","overlay-gradient":""},"mobile":{"background-color":"","background-image":"","background-repeat":"repeat","background-position":"center center","background-size":"auto","background-attachment":"scroll","background-type":"","background-media":"","overlay-type":"","overlay-color":"","overlay-opacity":"","overlay-gradient":""}},"ast-content-background-meta":{"desktop":{"background-color":"var(--ast-global-color-5)","background-image":"","background-repeat":"repeat","background-position":"center center","background-size":"auto","background-attachment":"scroll","background-type":"","background-media":"","overlay-type":"","overlay-color":"","overlay-opacity":"","overlay-gradient":""},"tablet":{"background-color":"var(--ast-global-color-5)","background-image":"","background-repeat":"repeat","background-position":"center center","background-size":"auto","background-attachment":"scroll","background-type":"","background-media":"","overlay-type":"","overlay-color":"","overlay-opacity":"","overlay-gradient":""},"mobile":{"background-color":"var(--ast-global-color-5)","background-image":"","background-repeat":"repeat","background-position":"center center","background-size":"auto","background-attachment":"scroll","background-type":"","background-media":"","overlay-type":"","overlay-color":"","overlay-opacity":"","overlay-gradient":""}},"footnotes":""},"categories":[266,273,281],"tags":[417,416,415],"class_list":["post-8948","post","type-post","status-publish","format-standard","has-post-thumbnail","hentry","category-fonetica-fonologia","category-portada","category-recursos","tag-accentuacio","tag-entonacio","tag-prosodia"],"post_mailing_queue_ids":[],"_links":{"self":[{"href":"https:\/\/serveiseducatius.xtec.cat\/creda-jordiperello\/wp-json\/wp\/v2\/posts\/8948","targetHints":{"allow":["GET"]}}],"collection":[{"href":"https:\/\/serveiseducatius.xtec.cat\/creda-jordiperello\/wp-json\/wp\/v2\/posts"}],"about":[{"href":"https:\/\/serveiseducatius.xtec.cat\/creda-jordiperello\/wp-json\/wp\/v2\/types\/post"}],"author":[{"embeddable":true,"href":"https:\/\/serveiseducatius.xtec.cat\/creda-jordiperello\/wp-json\/wp\/v2\/users\/1"}],"replies":[{"embeddable":true,"href":"https:\/\/serveiseducatius.xtec.cat\/creda-jordiperello\/wp-json\/wp\/v2\/comments?post=8948"}],"version-history":[{"count":1,"href":"https:\/\/serveiseducatius.xtec.cat\/creda-jordiperello\/wp-json\/wp\/v2\/posts\/8948\/revisions"}],"predecessor-version":[{"id":8950,"href":"https:\/\/serveiseducatius.xtec.cat\/creda-jordiperello\/wp-json\/wp\/v2\/posts\/8948\/revisions\/8950"}],"wp:featuredmedia":[{"embeddable":true,"href":"https:\/\/serveiseducatius.xtec.cat\/creda-jordiperello\/wp-json\/wp\/v2\/media\/8949"}],"wp:attachment":[{"href":"https:\/\/serveiseducatius.xtec.cat\/creda-jordiperello\/wp-json\/wp\/v2\/media?parent=8948"}],"wp:term":[{"taxonomy":"category","embeddable":true,"href":"https:\/\/serveiseducatius.xtec.cat\/creda-jordiperello\/wp-json\/wp\/v2\/categories?post=8948"},{"taxonomy":"post_tag","embeddable":true,"href":"https:\/\/serveiseducatius.xtec.cat\/creda-jordiperello\/wp-json\/wp\/v2\/tags?post=8948"}],"curies":[{"name":"wp","href":"https:\/\/api.w.org\/{rel}","templated":true}]}}