{"id":19644,"date":"2026-04-16T22:45:53","date_gmt":"2026-04-16T20:45:53","guid":{"rendered":"https:\/\/serveiseducatius.xtec.cat\/creda-jordiperello\/?p=19644"},"modified":"2026-04-16T22:51:00","modified_gmt":"2026-04-16T20:51:00","slug":"dia-mundial-de-la-veu-16-dabril","status":"publish","type":"post","link":"https:\/\/serveiseducatius.xtec.cat\/creda-jordiperello\/general\/dia-mundial-de-la-veu-16-dabril\/","title":{"rendered":"Dia mundial de la Veu, 16 d&#8217;abril."},"content":{"rendered":"\n<p>El 16 d&#8217;abril es commemora el <strong>Dia Mundial de la Veu<\/strong>, una jornada dedicada a subratllar la import\u00e0ncia d&#8217;aquest instrument de comunicaci\u00f3 fonamental.<\/p>\n\n\n\n<figure class=\"wp-block-image aligncenter size-large is-resized\"><a href=\"https:\/\/salutpublica.gencat.cat\/ca\/detalls\/Article\/Posem-atencio-a-la-veu\" target=\"_blank\" rel=\" noreferrer noopener\"><img loading=\"lazy\" decoding=\"async\" width=\"1024\" height=\"559\" src=\"https:\/\/serveiseducatius.xtec.cat\/creda-jordiperello\/wp-content\/uploads\/usu975\/2026\/04\/Dia-de-la-Veu-1024x559.jpeg\" alt=\"\" class=\"wp-image-19645\" style=\"width:511px;height:auto\" srcset=\"https:\/\/serveiseducatius.xtec.cat\/creda-jordiperello\/wp-content\/uploads\/usu975\/2026\/04\/Dia-de-la-Veu-1024x559.jpeg 1024w, https:\/\/serveiseducatius.xtec.cat\/creda-jordiperello\/wp-content\/uploads\/usu975\/2026\/04\/Dia-de-la-Veu-300x164.jpeg 300w, https:\/\/serveiseducatius.xtec.cat\/creda-jordiperello\/wp-content\/uploads\/usu975\/2026\/04\/Dia-de-la-Veu-768x419.jpeg 768w, https:\/\/serveiseducatius.xtec.cat\/creda-jordiperello\/wp-content\/uploads\/usu975\/2026\/04\/Dia-de-la-Veu.jpeg 1408w\" sizes=\"auto, (max-width: 1024px) 100vw, 1024px\" \/><\/a><\/figure>\n\n\n\n<p>La veu constitueix el principal mitj\u00e0 per a la interacci\u00f3 humana, ja que permet l&#8217;expressi\u00f3 d&#8217;idees i emocions, alhora que \u00e9s una eina de treball indispensable en una \u00e0mplia varietat de professions. Malgrat la seva transcend\u00e8ncia en el dia a dia, sovint \u00e9s un element que passa desapercebut o no rep l&#8217;atenci\u00f3 necess\u00e0ria fins que es presenta alguna alteraci\u00f3.<\/p>\n\n\n\n<p>Aquesta data t\u00e9 com a prop\u00f2sit principal sensibilitzar la societat sobre el valor de la veu, atorgant-li la import\u00e0ncia que mereix com a tret d&#8217;identitat \u00fanic i irrepetible de cada persona i com a pilar essencial de les relacions socials.<\/p>\n\n\n\n<p><\/p>\n","protected":false},"excerpt":{"rendered":"<p>El 16 d&#8217;abril es commemora el Dia Mundial de la Veu, una jornada dedicada a subratllar la import\u00e0ncia d&#8217;aquest instrument de comunicaci\u00f3 fonamental. La veu constitueix el principal mitj\u00e0 per a la interacci\u00f3 humana, ja que permet l&#8217;expressi\u00f3 d&#8217;idees i emocions, alhora que \u00e9s una eina de treball indispensable en una \u00e0mplia varietat de professions. [&hellip;]<\/p>\n","protected":false},"author":1,"featured_media":19645,"comment_status":"closed","ping_status":"open","sticky":false,"template":"","format":"standard","meta":{"_bbp_topic_count":0,"_bbp_reply_count":0,"_bbp_total_topic_count":0,"_bbp_total_reply_count":0,"_bbp_voice_count":0,"_bbp_anonymous_reply_count":0,"_bbp_topic_count_hidden":0,"_bbp_reply_count_hidden":0,"_bbp_forum_subforum_count":0,"site-sidebar-layout":"default","site-content-layout":"","ast-site-content-layout":"default","site-content-style":"default","site-sidebar-style":"default","ast-global-header-display":"","ast-banner-title-visibility":"","ast-main-header-display":"","ast-hfb-above-header-display":"","ast-hfb-below-header-display":"","ast-hfb-mobile-header-display":"","site-post-title":"","ast-breadcrumbs-content":"","ast-featured-img":"","footer-sml-layout":"","theme-transparent-header-meta":"","adv-header-id-meta":"","stick-header-meta":"","header-above-stick-meta":"","header-main-stick-meta":"","header-below-stick-meta":"","astra-migrate-meta-layouts":"set","ast-page-background-enabled":"default","ast-page-background-meta":{"desktop":{"background-color":"var(--ast-global-color-4)","background-image":"","background-repeat":"repeat","background-position":"center center","background-size":"auto","background-attachment":"scroll","background-type":"","background-media":"","overlay-type":"","overlay-color":"","overlay-opacity":"","overlay-gradient":""},"tablet":{"background-color":"","background-image":"","background-repeat":"repeat","background-position":"center center","background-size":"auto","background-attachment":"scroll","background-type":"","background-media":"","overlay-type":"","overlay-color":"","overlay-opacity":"","overlay-gradient":""},"mobile":{"background-color":"","background-image":"","background-repeat":"repeat","background-position":"center center","background-size":"auto","background-attachment":"scroll","background-type":"","background-media":"","overlay-type":"","overlay-color":"","overlay-opacity":"","overlay-gradient":""}},"ast-content-background-meta":{"desktop":{"background-color":"var(--ast-global-color-5)","background-image":"","background-repeat":"repeat","background-position":"center center","background-size":"auto","background-attachment":"scroll","background-type":"","background-media":"","overlay-type":"","overlay-color":"","overlay-opacity":"","overlay-gradient":""},"tablet":{"background-color":"var(--ast-global-color-5)","background-image":"","background-repeat":"repeat","background-position":"center center","background-size":"auto","background-attachment":"scroll","background-type":"","background-media":"","overlay-type":"","overlay-color":"","overlay-opacity":"","overlay-gradient":""},"mobile":{"background-color":"var(--ast-global-color-5)","background-image":"","background-repeat":"repeat","background-position":"center center","background-size":"auto","background-attachment":"scroll","background-type":"","background-media":"","overlay-type":"","overlay-color":"","overlay-opacity":"","overlay-gradient":""}},"footnotes":""},"categories":[1,273],"tags":[],"class_list":["post-19644","post","type-post","status-publish","format-standard","has-post-thumbnail","hentry","category-general","category-portada"],"post_mailing_queue_ids":[],"_links":{"self":[{"href":"https:\/\/serveiseducatius.xtec.cat\/creda-jordiperello\/wp-json\/wp\/v2\/posts\/19644","targetHints":{"allow":["GET"]}}],"collection":[{"href":"https:\/\/serveiseducatius.xtec.cat\/creda-jordiperello\/wp-json\/wp\/v2\/posts"}],"about":[{"href":"https:\/\/serveiseducatius.xtec.cat\/creda-jordiperello\/wp-json\/wp\/v2\/types\/post"}],"author":[{"embeddable":true,"href":"https:\/\/serveiseducatius.xtec.cat\/creda-jordiperello\/wp-json\/wp\/v2\/users\/1"}],"replies":[{"embeddable":true,"href":"https:\/\/serveiseducatius.xtec.cat\/creda-jordiperello\/wp-json\/wp\/v2\/comments?post=19644"}],"version-history":[{"count":2,"href":"https:\/\/serveiseducatius.xtec.cat\/creda-jordiperello\/wp-json\/wp\/v2\/posts\/19644\/revisions"}],"predecessor-version":[{"id":19648,"href":"https:\/\/serveiseducatius.xtec.cat\/creda-jordiperello\/wp-json\/wp\/v2\/posts\/19644\/revisions\/19648"}],"wp:featuredmedia":[{"embeddable":true,"href":"https:\/\/serveiseducatius.xtec.cat\/creda-jordiperello\/wp-json\/wp\/v2\/media\/19645"}],"wp:attachment":[{"href":"https:\/\/serveiseducatius.xtec.cat\/creda-jordiperello\/wp-json\/wp\/v2\/media?parent=19644"}],"wp:term":[{"taxonomy":"category","embeddable":true,"href":"https:\/\/serveiseducatius.xtec.cat\/creda-jordiperello\/wp-json\/wp\/v2\/categories?post=19644"},{"taxonomy":"post_tag","embeddable":true,"href":"https:\/\/serveiseducatius.xtec.cat\/creda-jordiperello\/wp-json\/wp\/v2\/tags?post=19644"}],"curies":[{"name":"wp","href":"https:\/\/api.w.org\/{rel}","templated":true}]}}