{"id":19131,"date":"2025-03-12T17:39:57","date_gmt":"2025-03-12T16:39:57","guid":{"rendered":"https:\/\/serveiseducatius.xtec.cat\/creda-jordiperello\/?p=19131"},"modified":"2025-03-17T14:12:56","modified_gmt":"2025-03-17T13:12:56","slug":"habilitats-sociocognitives-en-infants-amb-sordesa","status":"publish","type":"post","link":"https:\/\/serveiseducatius.xtec.cat\/creda-jordiperello\/general\/habilitats-sociocognitives-en-infants-amb-sordesa\/","title":{"rendered":"HABILITATS SOCIOCOGNITIVES EN INFANTS AMB SORDESA."},"content":{"rendered":"<p style=\"text-align: center;\" data-pm-slice=\"1 1 []\">El passat dit 6 ens va visitar el Dr. Francesc Sidera Caballero de la Universitat de Girona i ens va compartir el seu estudi sobre habilitats sociocognitives en infants amb sordesa.<\/p>\n<p data-pm-slice=\"1 1 []\"><a href=\"https:\/\/serveiseducatius.xtec.cat\/creda-jordiperello\/wp-content\/uploads\/usu975\/2025\/03\/F_Sidera_2.jpeg\"><img loading=\"lazy\" decoding=\"async\" class=\" wp-image-19133 aligncenter\" src=\"https:\/\/serveiseducatius.xtec.cat\/creda-jordiperello\/wp-content\/uploads\/usu975\/2025\/03\/F_Sidera_2-1024x768.jpeg\" alt=\"\" width=\"763\" height=\"572\" srcset=\"https:\/\/serveiseducatius.xtec.cat\/creda-jordiperello\/wp-content\/uploads\/usu975\/2025\/03\/F_Sidera_2-1024x768.jpeg 1024w, https:\/\/serveiseducatius.xtec.cat\/creda-jordiperello\/wp-content\/uploads\/usu975\/2025\/03\/F_Sidera_2-300x225.jpeg 300w, https:\/\/serveiseducatius.xtec.cat\/creda-jordiperello\/wp-content\/uploads\/usu975\/2025\/03\/F_Sidera_2-768x576.jpeg 768w, https:\/\/serveiseducatius.xtec.cat\/creda-jordiperello\/wp-content\/uploads\/usu975\/2025\/03\/F_Sidera_2-1536x1152.jpeg 1536w, https:\/\/serveiseducatius.xtec.cat\/creda-jordiperello\/wp-content\/uploads\/usu975\/2025\/03\/F_Sidera_2-200x150.jpeg 200w, https:\/\/serveiseducatius.xtec.cat\/creda-jordiperello\/wp-content\/uploads\/usu975\/2025\/03\/F_Sidera_2.jpeg 1600w\" sizes=\"auto, (max-width: 763px) 100vw, 763px\" \/><\/a><\/p>\n<p style=\"text-align: center;\">La seva presentaci\u00f3 ens va aportar una visi\u00f3 molt interessant sobre els nostres alumnes posant de manifest la import\u00e0ncia de comprendre i recolzar el desenvolupament d&#8217;aquestes habilitats. Volem agrair profundament la seva contribuci\u00f3 al nostre CREDA i donar-li les gr\u00e0cies per compartir aquests coneixements.<\/p>\n<p><a href=\"https:\/\/serveiseducatius.xtec.cat\/creda-jordiperello\/wp-content\/uploads\/usu975\/2025\/03\/F_Sidera_1.jpeg\"><img loading=\"lazy\" decoding=\"async\" class=\" wp-image-19132 aligncenter\" src=\"https:\/\/serveiseducatius.xtec.cat\/creda-jordiperello\/wp-content\/uploads\/usu975\/2025\/03\/F_Sidera_1-1024x472.jpeg\" alt=\"\" width=\"790\" height=\"364\" srcset=\"https:\/\/serveiseducatius.xtec.cat\/creda-jordiperello\/wp-content\/uploads\/usu975\/2025\/03\/F_Sidera_1-1024x472.jpeg 1024w, https:\/\/serveiseducatius.xtec.cat\/creda-jordiperello\/wp-content\/uploads\/usu975\/2025\/03\/F_Sidera_1-300x138.jpeg 300w, https:\/\/serveiseducatius.xtec.cat\/creda-jordiperello\/wp-content\/uploads\/usu975\/2025\/03\/F_Sidera_1-768x354.jpeg 768w, https:\/\/serveiseducatius.xtec.cat\/creda-jordiperello\/wp-content\/uploads\/usu975\/2025\/03\/F_Sidera_1-1536x708.jpeg 1536w, https:\/\/serveiseducatius.xtec.cat\/creda-jordiperello\/wp-content\/uploads\/usu975\/2025\/03\/F_Sidera_1.jpeg 1600w\" sizes=\"auto, (max-width: 790px) 100vw, 790px\" \/><\/a><\/p>\n<p data-pm-slice=\"1 1 []\">\n","protected":false},"excerpt":{"rendered":"<p>El passat dit 6 ens va visitar el Dr. Francesc Sidera Caballero de la Universitat de Girona i ens va compartir el seu estudi sobre habilitats sociocognitives en infants amb sordesa. La seva presentaci\u00f3 ens va aportar una visi\u00f3 molt interessant sobre els nostres alumnes posant de manifest la import\u00e0ncia de comprendre i recolzar el [&hellip;]<\/p>\n","protected":false},"author":1,"featured_media":19134,"comment_status":"closed","ping_status":"closed","sticky":false,"template":"","format":"standard","meta":{"_bbp_topic_count":0,"_bbp_reply_count":0,"_bbp_total_topic_count":0,"_bbp_total_reply_count":0,"_bbp_voice_count":0,"_bbp_anonymous_reply_count":0,"_bbp_topic_count_hidden":0,"_bbp_reply_count_hidden":0,"_bbp_forum_subforum_count":0,"site-sidebar-layout":"default","site-content-layout":"","ast-site-content-layout":"","site-content-style":"default","site-sidebar-style":"default","ast-global-header-display":"","ast-banner-title-visibility":"","ast-main-header-display":"","ast-hfb-above-header-display":"","ast-hfb-below-header-display":"","ast-hfb-mobile-header-display":"","site-post-title":"","ast-breadcrumbs-content":"","ast-featured-img":"","footer-sml-layout":"","theme-transparent-header-meta":"","adv-header-id-meta":"","stick-header-meta":"","header-above-stick-meta":"","header-main-stick-meta":"","header-below-stick-meta":"","astra-migrate-meta-layouts":"default","ast-page-background-enabled":"default","ast-page-background-meta":{"desktop":{"background-color":"var(--ast-global-color-4)","background-image":"","background-repeat":"repeat","background-position":"center center","background-size":"auto","background-attachment":"scroll","background-type":"","background-media":"","overlay-type":"","overlay-color":"","overlay-opacity":"","overlay-gradient":""},"tablet":{"background-color":"","background-image":"","background-repeat":"repeat","background-position":"center center","background-size":"auto","background-attachment":"scroll","background-type":"","background-media":"","overlay-type":"","overlay-color":"","overlay-opacity":"","overlay-gradient":""},"mobile":{"background-color":"","background-image":"","background-repeat":"repeat","background-position":"center center","background-size":"auto","background-attachment":"scroll","background-type":"","background-media":"","overlay-type":"","overlay-color":"","overlay-opacity":"","overlay-gradient":""}},"ast-content-background-meta":{"desktop":{"background-color":"var(--ast-global-color-5)","background-image":"","background-repeat":"repeat","background-position":"center center","background-size":"auto","background-attachment":"scroll","background-type":"","background-media":"","overlay-type":"","overlay-color":"","overlay-opacity":"","overlay-gradient":""},"tablet":{"background-color":"var(--ast-global-color-5)","background-image":"","background-repeat":"repeat","background-position":"center center","background-size":"auto","background-attachment":"scroll","background-type":"","background-media":"","overlay-type":"","overlay-color":"","overlay-opacity":"","overlay-gradient":""},"mobile":{"background-color":"var(--ast-global-color-5)","background-image":"","background-repeat":"repeat","background-position":"center center","background-size":"auto","background-attachment":"scroll","background-type":"","background-media":"","overlay-type":"","overlay-color":"","overlay-opacity":"","overlay-gradient":""}},"footnotes":""},"categories":[1,273],"tags":[1570,1571,300,1033],"class_list":["post-19131","post","type-post","status-publish","format-standard","has-post-thumbnail","hentry","category-general","category-portada","tag-habilitats","tag-sociocogniteves","tag-sordesa","tag-sords"],"post_mailing_queue_ids":[],"_links":{"self":[{"href":"https:\/\/serveiseducatius.xtec.cat\/creda-jordiperello\/wp-json\/wp\/v2\/posts\/19131","targetHints":{"allow":["GET"]}}],"collection":[{"href":"https:\/\/serveiseducatius.xtec.cat\/creda-jordiperello\/wp-json\/wp\/v2\/posts"}],"about":[{"href":"https:\/\/serveiseducatius.xtec.cat\/creda-jordiperello\/wp-json\/wp\/v2\/types\/post"}],"author":[{"embeddable":true,"href":"https:\/\/serveiseducatius.xtec.cat\/creda-jordiperello\/wp-json\/wp\/v2\/users\/1"}],"replies":[{"embeddable":true,"href":"https:\/\/serveiseducatius.xtec.cat\/creda-jordiperello\/wp-json\/wp\/v2\/comments?post=19131"}],"version-history":[{"count":1,"href":"https:\/\/serveiseducatius.xtec.cat\/creda-jordiperello\/wp-json\/wp\/v2\/posts\/19131\/revisions"}],"predecessor-version":[{"id":19135,"href":"https:\/\/serveiseducatius.xtec.cat\/creda-jordiperello\/wp-json\/wp\/v2\/posts\/19131\/revisions\/19135"}],"wp:featuredmedia":[{"embeddable":true,"href":"https:\/\/serveiseducatius.xtec.cat\/creda-jordiperello\/wp-json\/wp\/v2\/media\/19134"}],"wp:attachment":[{"href":"https:\/\/serveiseducatius.xtec.cat\/creda-jordiperello\/wp-json\/wp\/v2\/media?parent=19131"}],"wp:term":[{"taxonomy":"category","embeddable":true,"href":"https:\/\/serveiseducatius.xtec.cat\/creda-jordiperello\/wp-json\/wp\/v2\/categories?post=19131"},{"taxonomy":"post_tag","embeddable":true,"href":"https:\/\/serveiseducatius.xtec.cat\/creda-jordiperello\/wp-json\/wp\/v2\/tags?post=19131"}],"curies":[{"name":"wp","href":"https:\/\/api.w.org\/{rel}","templated":true}]}}