{"id":18879,"date":"2024-05-16T16:20:56","date_gmt":"2024-05-16T14:20:56","guid":{"rendered":"https:\/\/serveiseducatius.xtec.cat\/creda-jordiperello\/?p=18879"},"modified":"2024-05-16T16:20:56","modified_gmt":"2024-05-16T14:20:56","slug":"trobada-grans-3r-4t-5e-6e-1r-eso-09-05-2024","status":"publish","type":"post","link":"https:\/\/serveiseducatius.xtec.cat\/creda-jordiperello\/families\/activitats-families\/grup-trobades-grans-trobades-al-creda-trastorns\/trobada-grans-3r-4t-5e-6e-1r-eso-09-05-2024\/","title":{"rendered":"Trobada grans (3r-4t-5\u00e8-6\u00e8- 1r ESO) 09-05-2024"},"content":{"rendered":"<p>Hola fam\u00edlies!<\/p>\n<p><span style=\"font-weight: 400;\">A darrera sessi\u00f3 d\u2019aquest curs, del grup de grans de les Trobades al CREDA, van venir la Peije, la Franyelin, l\u2019Issam, la Sara i la Nicol.<\/span><\/p>\n<p><span style=\"font-weight: 400;\">En primer lloc, vam recordar el nom de cadasc\u00fa i, a m\u00e9s a m\u00e9s, es van presentar la Nicol i la Sara, que no havien vingut mai a les Trobades.\u00a0<\/span><\/p>\n<p><span style=\"font-weight: 400;\">Al mig de la taula es van trobar una botella amb un missatge a dins. El missatge consistia en una mena de formulari on havien de respondre unes preguntes que ajudaven a completar un conte, que encara no coneixien. El resultat va ser un conte una mica boig. Aqu\u00ed teniu l\u2019enlla\u00e7 per poder-lo veure i refer de nou.\u00a0<\/span><\/p>\n<p><a href=\"https:\/\/read.bookcreator.com\/4PKYpOAgxoQc2vkVBDfgSNpmv2s2\/u7Ai4GhWQUq-XsrbEtfPCA\"><span style=\"font-weight: 400;\">https:\/\/read.bookcreator.com\/4PKYpOAgxoQc2vkVBDfgSNpmv2s2\/u7Ai4GhWQUq-XsrbEtfPCA<\/span><\/a><\/p>\n<p><span style=\"font-weight: 400;\">Al final del conte ens conviden a participar a una festa i amb la can\u00e7\u00f3 de \u201cLes nits no moren mai\u201d del grup\u00a0 Dr.Prats, vam fer el joc de les est\u00e0tues. Van estar molt atents perqu\u00e8 quan s\u2019aturava la m\u00fasica es quedaven quiets com una est\u00e0tua i quan es reprenia tornaven a ballar.\u00a0<\/span><\/p>\n<p><span style=\"font-weight: 400;\">Seguidament, vam fer el joc del \u201cPouet pouet\u201d que consistia en representar una acci\u00f3 o fer una onomatopeia, o les dues coses, d\u2019una carta que els havia tocat i la resta del grup ho havia d\u2019endevinar.\u00a0<\/span><\/p>\n<p><span style=\"font-weight: 400;\">Per acabar, van venir els pares i mares i van fer una activitat conjunta. Els nens pr\u00e8viament van fer un dibuix que despr\u00e9s havien d\u2019explicar als pares i aquests havien de dibuixar i despr\u00e9s comparaven si se semblaven. Els dibuixos eren molt bonics i elaborats. Sou uns artistes!<\/span><\/p>\n<p><span style=\"font-weight: 400;\">Esperem que us ho h\u00e0giu passat molt b\u00e9.\u00a0 Ens veiem a les Trobades del proper curs!!<\/span><\/p>\n<p><span style=\"font-weight: 400;\">Nora i Nuria.<\/span><\/p>\n<p>&nbsp;<\/p>\n<p><a href=\"https:\/\/serveiseducatius.xtec.cat\/creda-jordiperello\/wp-content\/uploads\/usu975\/2024\/05\/20240509_154928-scaled.jpg\"><img loading=\"lazy\" decoding=\"async\" class=\"alignnone size-medium wp-image-18880\" src=\"https:\/\/serveiseducatius.xtec.cat\/creda-jordiperello\/wp-content\/uploads\/usu975\/2024\/05\/20240509_154928-300x209.jpg\" alt=\"\" width=\"300\" height=\"209\" srcset=\"https:\/\/serveiseducatius.xtec.cat\/creda-jordiperello\/wp-content\/uploads\/usu975\/2024\/05\/20240509_154928-300x209.jpg 300w, https:\/\/serveiseducatius.xtec.cat\/creda-jordiperello\/wp-content\/uploads\/usu975\/2024\/05\/20240509_154928-1024x714.jpg 1024w, https:\/\/serveiseducatius.xtec.cat\/creda-jordiperello\/wp-content\/uploads\/usu975\/2024\/05\/20240509_154928-768x536.jpg 768w, https:\/\/serveiseducatius.xtec.cat\/creda-jordiperello\/wp-content\/uploads\/usu975\/2024\/05\/20240509_154928-1536x1071.jpg 1536w, https:\/\/serveiseducatius.xtec.cat\/creda-jordiperello\/wp-content\/uploads\/usu975\/2024\/05\/20240509_154928-2048x1428.jpg 2048w\" sizes=\"auto, (max-width: 300px) 100vw, 300px\" \/>\u00a0\u00a0\u00a0 <\/a><a href=\"https:\/\/serveiseducatius.xtec.cat\/creda-jordiperello\/wp-content\/uploads\/usu975\/2024\/05\/20240509_154739-scaled.jpg\"><img loading=\"lazy\" decoding=\"async\" class=\"alignnone size-medium wp-image-18881\" src=\"https:\/\/serveiseducatius.xtec.cat\/creda-jordiperello\/wp-content\/uploads\/usu975\/2024\/05\/20240509_154739-300x195.jpg\" alt=\"\" width=\"300\" height=\"195\" srcset=\"https:\/\/serveiseducatius.xtec.cat\/creda-jordiperello\/wp-content\/uploads\/usu975\/2024\/05\/20240509_154739-300x195.jpg 300w, https:\/\/serveiseducatius.xtec.cat\/creda-jordiperello\/wp-content\/uploads\/usu975\/2024\/05\/20240509_154739-1024x666.jpg 1024w, https:\/\/serveiseducatius.xtec.cat\/creda-jordiperello\/wp-content\/uploads\/usu975\/2024\/05\/20240509_154739-768x500.jpg 768w, https:\/\/serveiseducatius.xtec.cat\/creda-jordiperello\/wp-content\/uploads\/usu975\/2024\/05\/20240509_154739-1536x1000.jpg 1536w, https:\/\/serveiseducatius.xtec.cat\/creda-jordiperello\/wp-content\/uploads\/usu975\/2024\/05\/20240509_154739-2048x1333.jpg 2048w\" sizes=\"auto, (max-width: 300px) 100vw, 300px\" \/><\/a><\/p>\n<p><a href=\"https:\/\/serveiseducatius.xtec.cat\/creda-jordiperello\/wp-content\/uploads\/usu975\/2024\/05\/20240509_154640-scaled.jpg\"><img loading=\"lazy\" decoding=\"async\" class=\"alignnone size-medium wp-image-18882\" src=\"https:\/\/serveiseducatius.xtec.cat\/creda-jordiperello\/wp-content\/uploads\/usu975\/2024\/05\/20240509_154640-300x195.jpg\" alt=\"\" width=\"300\" height=\"195\" srcset=\"https:\/\/serveiseducatius.xtec.cat\/creda-jordiperello\/wp-content\/uploads\/usu975\/2024\/05\/20240509_154640-300x195.jpg 300w, https:\/\/serveiseducatius.xtec.cat\/creda-jordiperello\/wp-content\/uploads\/usu975\/2024\/05\/20240509_154640-1024x664.jpg 1024w, https:\/\/serveiseducatius.xtec.cat\/creda-jordiperello\/wp-content\/uploads\/usu975\/2024\/05\/20240509_154640-768x498.jpg 768w, https:\/\/serveiseducatius.xtec.cat\/creda-jordiperello\/wp-content\/uploads\/usu975\/2024\/05\/20240509_154640-1536x996.jpg 1536w, https:\/\/serveiseducatius.xtec.cat\/creda-jordiperello\/wp-content\/uploads\/usu975\/2024\/05\/20240509_154640-2048x1329.jpg 2048w\" sizes=\"auto, (max-width: 300px) 100vw, 300px\" \/>. \u00a0\u00a0\u00a0 <\/a><a href=\"https:\/\/serveiseducatius.xtec.cat\/creda-jordiperello\/wp-content\/uploads\/usu975\/2024\/05\/20240509_163325-scaled.jpg\"><img loading=\"lazy\" decoding=\"async\" class=\"alignnone size-medium wp-image-18883\" src=\"https:\/\/serveiseducatius.xtec.cat\/creda-jordiperello\/wp-content\/uploads\/usu975\/2024\/05\/20240509_163325-300x197.jpg\" alt=\"\" width=\"300\" height=\"197\" srcset=\"https:\/\/serveiseducatius.xtec.cat\/creda-jordiperello\/wp-content\/uploads\/usu975\/2024\/05\/20240509_163325-300x197.jpg 300w, https:\/\/serveiseducatius.xtec.cat\/creda-jordiperello\/wp-content\/uploads\/usu975\/2024\/05\/20240509_163325-1024x672.jpg 1024w, https:\/\/serveiseducatius.xtec.cat\/creda-jordiperello\/wp-content\/uploads\/usu975\/2024\/05\/20240509_163325-768x504.jpg 768w, https:\/\/serveiseducatius.xtec.cat\/creda-jordiperello\/wp-content\/uploads\/usu975\/2024\/05\/20240509_163325-1536x1008.jpg 1536w, https:\/\/serveiseducatius.xtec.cat\/creda-jordiperello\/wp-content\/uploads\/usu975\/2024\/05\/20240509_163325-2048x1344.jpg 2048w\" sizes=\"auto, (max-width: 300px) 100vw, 300px\" \/><\/a><a href=\"https:\/\/serveiseducatius.xtec.cat\/creda-jordiperello\/wp-content\/uploads\/usu975\/2024\/05\/20240509_163331-scaled.jpg\"><img loading=\"lazy\" decoding=\"async\" class=\"alignnone size-medium wp-image-18884\" src=\"https:\/\/serveiseducatius.xtec.cat\/creda-jordiperello\/wp-content\/uploads\/usu975\/2024\/05\/20240509_163331-300x197.jpg\" alt=\"\" width=\"300\" height=\"197\" srcset=\"https:\/\/serveiseducatius.xtec.cat\/creda-jordiperello\/wp-content\/uploads\/usu975\/2024\/05\/20240509_163331-300x197.jpg 300w, https:\/\/serveiseducatius.xtec.cat\/creda-jordiperello\/wp-content\/uploads\/usu975\/2024\/05\/20240509_163331-1024x672.jpg 1024w, https:\/\/serveiseducatius.xtec.cat\/creda-jordiperello\/wp-content\/uploads\/usu975\/2024\/05\/20240509_163331-768x504.jpg 768w, https:\/\/serveiseducatius.xtec.cat\/creda-jordiperello\/wp-content\/uploads\/usu975\/2024\/05\/20240509_163331-1536x1008.jpg 1536w, https:\/\/serveiseducatius.xtec.cat\/creda-jordiperello\/wp-content\/uploads\/usu975\/2024\/05\/20240509_163331-2048x1343.jpg 2048w\" sizes=\"auto, (max-width: 300px) 100vw, 300px\" \/><\/a><\/p>\n","protected":false},"excerpt":{"rendered":"<p>Hola fam\u00edlies! A darrera sessi\u00f3 d\u2019aquest curs, del grup de grans de les Trobades al CREDA, van venir la Peije, la Franyelin, l\u2019Issam, la Sara i la Nicol. En primer lloc, vam recordar el nom de cadasc\u00fa i, a m\u00e9s a m\u00e9s, es van presentar la Nicol i la Sara, que no havien vingut mai [&hellip;]<\/p>\n","protected":false},"author":68,"featured_media":0,"comment_status":"closed","ping_status":"closed","sticky":false,"template":"","format":"standard","meta":{"_bbp_topic_count":0,"_bbp_reply_count":0,"_bbp_total_topic_count":0,"_bbp_total_reply_count":0,"_bbp_voice_count":0,"_bbp_anonymous_reply_count":0,"_bbp_topic_count_hidden":0,"_bbp_reply_count_hidden":0,"_bbp_forum_subforum_count":0,"site-sidebar-layout":"default","site-content-layout":"","ast-site-content-layout":"","site-content-style":"default","site-sidebar-style":"default","ast-global-header-display":"","ast-banner-title-visibility":"","ast-main-header-display":"","ast-hfb-above-header-display":"","ast-hfb-below-header-display":"","ast-hfb-mobile-header-display":"","site-post-title":"","ast-breadcrumbs-content":"","ast-featured-img":"","footer-sml-layout":"","theme-transparent-header-meta":"","adv-header-id-meta":"","stick-header-meta":"","header-above-stick-meta":"","header-main-stick-meta":"","header-below-stick-meta":"","astra-migrate-meta-layouts":"default","ast-page-background-enabled":"default","ast-page-background-meta":{"desktop":{"background-color":"var(--ast-global-color-4)","background-image":"","background-repeat":"repeat","background-position":"center center","background-size":"auto","background-attachment":"scroll","background-type":"","background-media":"","overlay-type":"","overlay-color":"","overlay-opacity":"","overlay-gradient":""},"tablet":{"background-color":"","background-image":"","background-repeat":"repeat","background-position":"center center","background-size":"auto","background-attachment":"scroll","background-type":"","background-media":"","overlay-type":"","overlay-color":"","overlay-opacity":"","overlay-gradient":""},"mobile":{"background-color":"","background-image":"","background-repeat":"repeat","background-position":"center center","background-size":"auto","background-attachment":"scroll","background-type":"","background-media":"","overlay-type":"","overlay-color":"","overlay-opacity":"","overlay-gradient":""}},"ast-content-background-meta":{"desktop":{"background-color":"var(--ast-global-color-5)","background-image":"","background-repeat":"repeat","background-position":"center center","background-size":"auto","background-attachment":"scroll","background-type":"","background-media":"","overlay-type":"","overlay-color":"","overlay-opacity":"","overlay-gradient":""},"tablet":{"background-color":"var(--ast-global-color-5)","background-image":"","background-repeat":"repeat","background-position":"center center","background-size":"auto","background-attachment":"scroll","background-type":"","background-media":"","overlay-type":"","overlay-color":"","overlay-opacity":"","overlay-gradient":""},"mobile":{"background-color":"var(--ast-global-color-5)","background-image":"","background-repeat":"repeat","background-position":"center center","background-size":"auto","background-attachment":"scroll","background-type":"","background-media":"","overlay-type":"","overlay-color":"","overlay-opacity":"","overlay-gradient":""}},"footnotes":""},"categories":[346],"tags":[],"class_list":["post-18879","post","type-post","status-publish","format-standard","hentry","category-grup-trobades-grans-trobades-al-creda-trastorns"],"post_mailing_queue_ids":[],"_links":{"self":[{"href":"https:\/\/serveiseducatius.xtec.cat\/creda-jordiperello\/wp-json\/wp\/v2\/posts\/18879","targetHints":{"allow":["GET"]}}],"collection":[{"href":"https:\/\/serveiseducatius.xtec.cat\/creda-jordiperello\/wp-json\/wp\/v2\/posts"}],"about":[{"href":"https:\/\/serveiseducatius.xtec.cat\/creda-jordiperello\/wp-json\/wp\/v2\/types\/post"}],"author":[{"embeddable":true,"href":"https:\/\/serveiseducatius.xtec.cat\/creda-jordiperello\/wp-json\/wp\/v2\/users\/68"}],"replies":[{"embeddable":true,"href":"https:\/\/serveiseducatius.xtec.cat\/creda-jordiperello\/wp-json\/wp\/v2\/comments?post=18879"}],"version-history":[{"count":1,"href":"https:\/\/serveiseducatius.xtec.cat\/creda-jordiperello\/wp-json\/wp\/v2\/posts\/18879\/revisions"}],"predecessor-version":[{"id":18885,"href":"https:\/\/serveiseducatius.xtec.cat\/creda-jordiperello\/wp-json\/wp\/v2\/posts\/18879\/revisions\/18885"}],"wp:attachment":[{"href":"https:\/\/serveiseducatius.xtec.cat\/creda-jordiperello\/wp-json\/wp\/v2\/media?parent=18879"}],"wp:term":[{"taxonomy":"category","embeddable":true,"href":"https:\/\/serveiseducatius.xtec.cat\/creda-jordiperello\/wp-json\/wp\/v2\/categories?post=18879"},{"taxonomy":"post_tag","embeddable":true,"href":"https:\/\/serveiseducatius.xtec.cat\/creda-jordiperello\/wp-json\/wp\/v2\/tags?post=18879"}],"curies":[{"name":"wp","href":"https:\/\/api.w.org\/{rel}","templated":true}]}}