{"id":18611,"date":"2024-02-22T16:29:37","date_gmt":"2024-02-22T15:29:37","guid":{"rendered":"https:\/\/serveiseducatius.xtec.cat\/creda-jordiperello\/?p=18611"},"modified":"2024-02-22T16:29:37","modified_gmt":"2024-02-22T15:29:37","slug":"trobada-grans-3r-4t-5e-6e-1r-eso-15-02-2024","status":"publish","type":"post","link":"https:\/\/serveiseducatius.xtec.cat\/creda-jordiperello\/families\/activitats-families\/grup-trobades-grans-trobades-al-creda-trastorns\/trobada-grans-3r-4t-5e-6e-1r-eso-15-02-2024\/","title":{"rendered":"Trobada grans (3r-4t-5\u00e8-6\u00e8- 1r ESO) 15-02-2024"},"content":{"rendered":"<p><span style=\"font-weight: 400;\">A la segona sessi\u00f3, del grup de grans de les Trobades al CREDA, vam passar una bona estona amb el Daniel, la Peije, la Laura, l\u2019Issam i la Lola.<\/span><\/p>\n<p><span style=\"font-weight: 400;\">En primer lloc, vam fer una ronda de presentaci\u00f3 on cadasc\u00fa deia el seu nom, el de l\u2019escola, el curs i el nom de la seva logopeda. Els nens i nenes ens van preguntar a quina escola hav\u00edem anat de petites.<\/span><\/p>\n<p><span style=\"font-weight: 400;\">A continuaci\u00f3, la primera activitat va ser la de crear entre tots una hist\u00f2ria curta a partir de les preguntes: Qui, com \u00e9s, que fa, que, on , quan i per qu\u00e8? Hi va participar tothom, els nens en dos grups i nosaltres individualment.\u00a0 Cada cop que es feia una pregunta, es responia, es doblegava el full (per tapar la resposta) i es passava al grup seg\u00fcent. De manera que el resultat dels escrits van ser\u00a0 4 hist\u00f2ries ben esbojarrades:)\u00a0<\/span><\/p>\n<p><span style=\"font-weight: 400;\">Seguidament, van fer el joc de terra, mar i aire. Calia estar atent per no equivocar-se. Cada vegada que es deia unes de les paraules havien de canviar de lloc i fer un moviment representatiu, quan d\u00e8iem aire havien de fer veure que volaven, quan deien mar que nedaven i quan d\u00e8iem terra havien de quedar-se quiets.\u00a0<\/span><\/p>\n<p><span style=\"font-weight: 400;\">A la tercera activitat hav\u00edem d\u2019endevinar qu\u00e8\/qui \u00e9rem, d\u00faiem una cinta al cap amb una tarja i hav\u00edem de fer preguntes fins a endevinar-ho, vam riure molt amb les targetes que van sortir.<\/span><\/p>\n<p><span style=\"font-weight: 400;\">Per \u00faltim, van venir els pares per fer conjuntament amb els seus fills el joc de la T, \u00e9s un joc semblant el Tangram, que amb unes peces havien de formar un gos, un drac i un ninot.<\/span><\/p>\n<p><span style=\"font-weight: 400;\">Esperem que h\u00e0giu gaudit for\u00e7a.\u00a0 Ens veiem a la propera Trobada!<\/span><\/p>\n<p><span style=\"font-weight: 400;\">Nora i Nuria.<\/span><\/p>\n<p>&nbsp;<\/p>\n<p><span style=\"font-weight: 400;\"><br \/>\n<a href=\"https:\/\/serveiseducatius.xtec.cat\/creda-jordiperello\/wp-content\/uploads\/usu975\/2024\/02\/20240215_152948-rotated.jpeg\"><img loading=\"lazy\" decoding=\"async\" class=\"size-medium wp-image-18612 alignleft\" src=\"https:\/\/serveiseducatius.xtec.cat\/creda-jordiperello\/wp-content\/uploads\/usu975\/2024\/02\/IMG_6854-300x225.jpg\" alt=\"\" width=\"300\" height=\"225\" srcset=\"https:\/\/serveiseducatius.xtec.cat\/creda-jordiperello\/wp-content\/uploads\/usu975\/2024\/02\/IMG_6854-300x225.jpg 300w, https:\/\/serveiseducatius.xtec.cat\/creda-jordiperello\/wp-content\/uploads\/usu975\/2024\/02\/IMG_6854-200x150.jpg 200w, https:\/\/serveiseducatius.xtec.cat\/creda-jordiperello\/wp-content\/uploads\/usu975\/2024\/02\/IMG_6854.jpg 640w\" sizes=\"auto, (max-width: 300px) 100vw, 300px\" \/><\/a><a href=\"https:\/\/serveiseducatius.xtec.cat\/creda-jordiperello\/wp-content\/uploads\/usu975\/2024\/02\/IMG_6857.jpg\"><img loading=\"lazy\" decoding=\"async\" class=\"alignnone size-medium wp-image-18614\" src=\"https:\/\/serveiseducatius.xtec.cat\/creda-jordiperello\/wp-content\/uploads\/usu975\/2024\/02\/IMG_6857-300x225.jpg\" alt=\"\" width=\"300\" height=\"225\" srcset=\"https:\/\/serveiseducatius.xtec.cat\/creda-jordiperello\/wp-content\/uploads\/usu975\/2024\/02\/IMG_6857-300x225.jpg 300w, https:\/\/serveiseducatius.xtec.cat\/creda-jordiperello\/wp-content\/uploads\/usu975\/2024\/02\/IMG_6857-200x150.jpg 200w, https:\/\/serveiseducatius.xtec.cat\/creda-jordiperello\/wp-content\/uploads\/usu975\/2024\/02\/IMG_6857.jpg 640w\" sizes=\"auto, (max-width: 300px) 100vw, 300px\" \/><\/a><a href=\"https:\/\/serveiseducatius.xtec.cat\/creda-jordiperello\/wp-content\/uploads\/usu975\/2024\/02\/IMG_6857.jpg\"><img loading=\"lazy\" decoding=\"async\" class=\"alignnone size-medium wp-image-18614\" src=\"https:\/\/serveiseducatius.xtec.cat\/creda-jordiperello\/wp-content\/uploads\/usu975\/2024\/02\/IMG_6857-300x225.jpg\" alt=\"\" width=\"300\" height=\"225\" srcset=\"https:\/\/serveiseducatius.xtec.cat\/creda-jordiperello\/wp-content\/uploads\/usu975\/2024\/02\/IMG_6857-300x225.jpg 300w, https:\/\/serveiseducatius.xtec.cat\/creda-jordiperello\/wp-content\/uploads\/usu975\/2024\/02\/IMG_6857-200x150.jpg 200w, https:\/\/serveiseducatius.xtec.cat\/creda-jordiperello\/wp-content\/uploads\/usu975\/2024\/02\/IMG_6857.jpg 640w\" sizes=\"auto, (max-width: 300px) 100vw, 300px\" \/><\/a><a href=\"https:\/\/serveiseducatius.xtec.cat\/creda-jordiperello\/wp-content\/uploads\/usu975\/2024\/02\/20240215_152948-rotated.jpeg\"><br \/>\n<\/a><\/span><\/p>\n<p><a href=\"https:\/\/serveiseducatius.xtec.cat\/creda-jordiperello\/wp-content\/uploads\/usu975\/2024\/02\/IMG_6858-rotated.jpg\"><img loading=\"lazy\" decoding=\"async\" class=\"alignnone size-medium wp-image-18616\" src=\"https:\/\/serveiseducatius.xtec.cat\/creda-jordiperello\/wp-content\/uploads\/usu975\/2024\/02\/IMG_6858-225x300.jpg\" alt=\"\" width=\"225\" height=\"300\" srcset=\"https:\/\/serveiseducatius.xtec.cat\/creda-jordiperello\/wp-content\/uploads\/usu975\/2024\/02\/IMG_6858-225x300.jpg 225w, https:\/\/serveiseducatius.xtec.cat\/creda-jordiperello\/wp-content\/uploads\/usu975\/2024\/02\/IMG_6858-rotated.jpg 480w\" sizes=\"auto, (max-width: 225px) 100vw, 225px\" \/>. \u00a0<\/a><a href=\"https:\/\/serveiseducatius.xtec.cat\/creda-jordiperello\/wp-content\/uploads\/usu975\/2024\/02\/IMG_6865.jpg\"><img loading=\"lazy\" decoding=\"async\" class=\"alignnone size-medium wp-image-18615\" src=\"https:\/\/serveiseducatius.xtec.cat\/creda-jordiperello\/wp-content\/uploads\/usu975\/2024\/02\/IMG_6865-300x225.jpg\" alt=\"\" width=\"300\" height=\"225\" srcset=\"https:\/\/serveiseducatius.xtec.cat\/creda-jordiperello\/wp-content\/uploads\/usu975\/2024\/02\/IMG_6865-300x225.jpg 300w, https:\/\/serveiseducatius.xtec.cat\/creda-jordiperello\/wp-content\/uploads\/usu975\/2024\/02\/IMG_6865-200x150.jpg 200w, https:\/\/serveiseducatius.xtec.cat\/creda-jordiperello\/wp-content\/uploads\/usu975\/2024\/02\/IMG_6865.jpg 640w\" sizes=\"auto, (max-width: 300px) 100vw, 300px\" \/> <\/a><a href=\"https:\/\/serveiseducatius.xtec.cat\/creda-jordiperello\/wp-content\/uploads\/usu975\/2024\/02\/20240215_162158.jpeg\"><img loading=\"lazy\" decoding=\"async\" class=\"alignnone size-medium wp-image-18617\" src=\"https:\/\/serveiseducatius.xtec.cat\/creda-jordiperello\/wp-content\/uploads\/usu975\/2024\/02\/20240215_162158-300x225.jpeg\" alt=\"\" width=\"300\" height=\"225\" srcset=\"https:\/\/serveiseducatius.xtec.cat\/creda-jordiperello\/wp-content\/uploads\/usu975\/2024\/02\/20240215_162158-300x225.jpeg 300w, https:\/\/serveiseducatius.xtec.cat\/creda-jordiperello\/wp-content\/uploads\/usu975\/2024\/02\/20240215_162158-200x150.jpeg 200w, https:\/\/serveiseducatius.xtec.cat\/creda-jordiperello\/wp-content\/uploads\/usu975\/2024\/02\/20240215_162158.jpeg 640w\" sizes=\"auto, (max-width: 300px) 100vw, 300px\" \/><\/a><\/p>\n<p><a href=\"https:\/\/serveiseducatius.xtec.cat\/creda-jordiperello\/wp-content\/uploads\/usu975\/2024\/02\/20240215_162202.jpeg\"><img loading=\"lazy\" decoding=\"async\" class=\"alignnone size-medium wp-image-18618\" src=\"https:\/\/serveiseducatius.xtec.cat\/creda-jordiperello\/wp-content\/uploads\/usu975\/2024\/02\/20240215_162202-300x225.jpeg\" alt=\"\" width=\"300\" height=\"225\" srcset=\"https:\/\/serveiseducatius.xtec.cat\/creda-jordiperello\/wp-content\/uploads\/usu975\/2024\/02\/20240215_162202-300x225.jpeg 300w, https:\/\/serveiseducatius.xtec.cat\/creda-jordiperello\/wp-content\/uploads\/usu975\/2024\/02\/20240215_162202-200x150.jpeg 200w, https:\/\/serveiseducatius.xtec.cat\/creda-jordiperello\/wp-content\/uploads\/usu975\/2024\/02\/20240215_162202.jpeg 640w\" sizes=\"auto, (max-width: 300px) 100vw, 300px\" \/><\/a><a href=\"https:\/\/serveiseducatius.xtec.cat\/creda-jordiperello\/wp-content\/uploads\/usu975\/2024\/02\/20240215_162211.jpeg\"><img loading=\"lazy\" decoding=\"async\" class=\"alignnone size-medium wp-image-18619\" src=\"https:\/\/serveiseducatius.xtec.cat\/creda-jordiperello\/wp-content\/uploads\/usu975\/2024\/02\/20240215_162211-300x225.jpeg\" alt=\"\" width=\"300\" height=\"225\" srcset=\"https:\/\/serveiseducatius.xtec.cat\/creda-jordiperello\/wp-content\/uploads\/usu975\/2024\/02\/20240215_162211-300x225.jpeg 300w, https:\/\/serveiseducatius.xtec.cat\/creda-jordiperello\/wp-content\/uploads\/usu975\/2024\/02\/20240215_162211-200x150.jpeg 200w, https:\/\/serveiseducatius.xtec.cat\/creda-jordiperello\/wp-content\/uploads\/usu975\/2024\/02\/20240215_162211.jpeg 640w\" sizes=\"auto, (max-width: 300px) 100vw, 300px\" \/><\/a><\/p>\n","protected":false},"excerpt":{"rendered":"<p>A la segona sessi\u00f3, del grup de grans de les Trobades al CREDA, vam passar una bona estona amb el Daniel, la Peije, la Laura, l\u2019Issam i la Lola. En primer lloc, vam fer una ronda de presentaci\u00f3 on cadasc\u00fa deia el seu nom, el de l\u2019escola, el curs i el nom de la seva [&hellip;]<\/p>\n","protected":false},"author":68,"featured_media":0,"comment_status":"closed","ping_status":"closed","sticky":false,"template":"","format":"standard","meta":{"_bbp_topic_count":0,"_bbp_reply_count":0,"_bbp_total_topic_count":0,"_bbp_total_reply_count":0,"_bbp_voice_count":0,"_bbp_anonymous_reply_count":0,"_bbp_topic_count_hidden":0,"_bbp_reply_count_hidden":0,"_bbp_forum_subforum_count":0,"site-sidebar-layout":"default","site-content-layout":"","ast-site-content-layout":"","site-content-style":"default","site-sidebar-style":"default","ast-global-header-display":"","ast-banner-title-visibility":"","ast-main-header-display":"","ast-hfb-above-header-display":"","ast-hfb-below-header-display":"","ast-hfb-mobile-header-display":"","site-post-title":"","ast-breadcrumbs-content":"","ast-featured-img":"","footer-sml-layout":"","theme-transparent-header-meta":"","adv-header-id-meta":"","stick-header-meta":"","header-above-stick-meta":"","header-main-stick-meta":"","header-below-stick-meta":"","astra-migrate-meta-layouts":"default","ast-page-background-enabled":"default","ast-page-background-meta":{"desktop":{"background-color":"var(--ast-global-color-4)","background-image":"","background-repeat":"repeat","background-position":"center center","background-size":"auto","background-attachment":"scroll","background-type":"","background-media":"","overlay-type":"","overlay-color":"","overlay-opacity":"","overlay-gradient":""},"tablet":{"background-color":"","background-image":"","background-repeat":"repeat","background-position":"center center","background-size":"auto","background-attachment":"scroll","background-type":"","background-media":"","overlay-type":"","overlay-color":"","overlay-opacity":"","overlay-gradient":""},"mobile":{"background-color":"","background-image":"","background-repeat":"repeat","background-position":"center center","background-size":"auto","background-attachment":"scroll","background-type":"","background-media":"","overlay-type":"","overlay-color":"","overlay-opacity":"","overlay-gradient":""}},"ast-content-background-meta":{"desktop":{"background-color":"var(--ast-global-color-5)","background-image":"","background-repeat":"repeat","background-position":"center center","background-size":"auto","background-attachment":"scroll","background-type":"","background-media":"","overlay-type":"","overlay-color":"","overlay-opacity":"","overlay-gradient":""},"tablet":{"background-color":"var(--ast-global-color-5)","background-image":"","background-repeat":"repeat","background-position":"center center","background-size":"auto","background-attachment":"scroll","background-type":"","background-media":"","overlay-type":"","overlay-color":"","overlay-opacity":"","overlay-gradient":""},"mobile":{"background-color":"var(--ast-global-color-5)","background-image":"","background-repeat":"repeat","background-position":"center center","background-size":"auto","background-attachment":"scroll","background-type":"","background-media":"","overlay-type":"","overlay-color":"","overlay-opacity":"","overlay-gradient":""}},"footnotes":""},"categories":[346],"tags":[],"class_list":["post-18611","post","type-post","status-publish","format-standard","hentry","category-grup-trobades-grans-trobades-al-creda-trastorns"],"post_mailing_queue_ids":[],"_links":{"self":[{"href":"https:\/\/serveiseducatius.xtec.cat\/creda-jordiperello\/wp-json\/wp\/v2\/posts\/18611","targetHints":{"allow":["GET"]}}],"collection":[{"href":"https:\/\/serveiseducatius.xtec.cat\/creda-jordiperello\/wp-json\/wp\/v2\/posts"}],"about":[{"href":"https:\/\/serveiseducatius.xtec.cat\/creda-jordiperello\/wp-json\/wp\/v2\/types\/post"}],"author":[{"embeddable":true,"href":"https:\/\/serveiseducatius.xtec.cat\/creda-jordiperello\/wp-json\/wp\/v2\/users\/68"}],"replies":[{"embeddable":true,"href":"https:\/\/serveiseducatius.xtec.cat\/creda-jordiperello\/wp-json\/wp\/v2\/comments?post=18611"}],"version-history":[{"count":1,"href":"https:\/\/serveiseducatius.xtec.cat\/creda-jordiperello\/wp-json\/wp\/v2\/posts\/18611\/revisions"}],"predecessor-version":[{"id":18620,"href":"https:\/\/serveiseducatius.xtec.cat\/creda-jordiperello\/wp-json\/wp\/v2\/posts\/18611\/revisions\/18620"}],"wp:attachment":[{"href":"https:\/\/serveiseducatius.xtec.cat\/creda-jordiperello\/wp-json\/wp\/v2\/media?parent=18611"}],"wp:term":[{"taxonomy":"category","embeddable":true,"href":"https:\/\/serveiseducatius.xtec.cat\/creda-jordiperello\/wp-json\/wp\/v2\/categories?post=18611"},{"taxonomy":"post_tag","embeddable":true,"href":"https:\/\/serveiseducatius.xtec.cat\/creda-jordiperello\/wp-json\/wp\/v2\/tags?post=18611"}],"curies":[{"name":"wp","href":"https:\/\/api.w.org\/{rel}","templated":true}]}}