{"id":18505,"date":"2023-12-14T16:36:31","date_gmt":"2023-12-14T15:36:31","guid":{"rendered":"https:\/\/serveiseducatius.xtec.cat\/creda-jordiperello\/?p=18505"},"modified":"2023-12-14T16:36:31","modified_gmt":"2023-12-14T15:36:31","slug":"trobada-grans-3r-4t-5e-6e-1r-eso-30-11-23","status":"publish","type":"post","link":"https:\/\/serveiseducatius.xtec.cat\/creda-jordiperello\/families\/activitats-families\/grup-trobades-grans-trobades-al-creda-trastorns\/trobada-grans-3r-4t-5e-6e-1r-eso-30-11-23\/","title":{"rendered":"Trobada grans (3r-4t-5\u00e8-6\u00e8- 1r ESO) 30-11-23"},"content":{"rendered":"<p>La primera sessi\u00f3 de les Trobades al CREDA d\u2019alumnes grans, va anar molt b\u00e9. Van venir: el Dylan, el Daniel, la Peije, l\u2019Izan, el Thiago, l\u2019Eva, la Franyelin i la Lola.<\/p>\n<p>La majoria ja havien vingut a altres trobades i els va fer molta il\u00b7lusi\u00f3 tornar-se a veure aquest curs. Pels que eren nous es van tornar a presentar, per aix\u00f2 s\u2019anaven passant un \u201ccabdell de fil\u201d i qui el rebia deia el seu nom, el de l\u2019escola, el curs i el nom de la seva logopeda.<\/p>\n<p>A continuaci\u00f3, per saber una mica m\u00e9s els uns dels altres vam fer el joc de preguntes amb dos daus grans. Algunes preguntes eren: quin dia \u00e9s el teu aniversari, tens germans o germanes, tens alguna mascota, on vius, quins dibuixos animats t\u2019agraden, etc. Vam passar una bona estona escoltant el que explicaven i vam trobar que tenien coses en com\u00fa.<\/p>\n<p>Seguidament van haver de memoritzar un recorregut, fet de rotllanes de colors, per arribar a trobar una endevinalla que calia llegir i la resta de companys havien de respondre. Tots van voler participar en l\u2019activitat i ho van resoldre molt b\u00e9.<\/p>\n<p>Per saber els propers dies de trobades els hi vam donar un calendari que el van personalitzar.<\/p>\n<p>Per \u00faltim, van baixar a trobar els pares i els van convidar a participar al joc de les endevinalles.<\/p>\n<p>Esperem que us ho hagi passat molt b\u00e9. Ens veiem a la propera Trobada!!<\/p>\n<p>Nora i Nuria.<\/p>\n<p><a href=\"https:\/\/serveiseducatius.xtec.cat\/creda-jordiperello\/wp-content\/uploads\/usu975\/2023\/12\/IMG_5860.jpeg\"><img loading=\"lazy\" decoding=\"async\" class=\"alignnone  wp-image-18506\" src=\"https:\/\/serveiseducatius.xtec.cat\/creda-jordiperello\/wp-content\/uploads\/usu975\/2023\/12\/IMG_5860.jpeg\" alt=\"\" width=\"334\" height=\"219\" srcset=\"https:\/\/serveiseducatius.xtec.cat\/creda-jordiperello\/wp-content\/uploads\/usu975\/2023\/12\/IMG_5860.jpeg 634w, https:\/\/serveiseducatius.xtec.cat\/creda-jordiperello\/wp-content\/uploads\/usu975\/2023\/12\/IMG_5860-300x197.jpeg 300w\" sizes=\"auto, (max-width: 334px) 100vw, 334px\" \/>. \u00a0\u00a0\u00a0 <\/a><a href=\"https:\/\/serveiseducatius.xtec.cat\/creda-jordiperello\/wp-content\/uploads\/usu975\/2023\/12\/689a5343-72a3-4b4b-8c6d-6c079eed1e35.jpeg\"><img loading=\"lazy\" decoding=\"async\" class=\"alignnone  wp-image-18515\" src=\"https:\/\/serveiseducatius.xtec.cat\/creda-jordiperello\/wp-content\/uploads\/usu975\/2023\/12\/689a5343-72a3-4b4b-8c6d-6c079eed1e35.jpeg\" alt=\"\" width=\"203\" height=\"216\" srcset=\"https:\/\/serveiseducatius.xtec.cat\/creda-jordiperello\/wp-content\/uploads\/usu975\/2023\/12\/689a5343-72a3-4b4b-8c6d-6c079eed1e35.jpeg 480w, https:\/\/serveiseducatius.xtec.cat\/creda-jordiperello\/wp-content\/uploads\/usu975\/2023\/12\/689a5343-72a3-4b4b-8c6d-6c079eed1e35-281x300.jpeg 281w\" sizes=\"auto, (max-width: 203px) 100vw, 203px\" \/><\/a> \u00a0 \u00a0 \u00a0 \u00a0 \u00a0<a href=\"https:\/\/serveiseducatius.xtec.cat\/creda-jordiperello\/wp-content\/uploads\/usu975\/2023\/12\/b72eabbc-97fc-46da-ade7-139272d39532.jpeg\"><img loading=\"lazy\" decoding=\"async\" class=\"alignnone  wp-image-18507\" src=\"https:\/\/serveiseducatius.xtec.cat\/creda-jordiperello\/wp-content\/uploads\/usu975\/2023\/12\/b72eabbc-97fc-46da-ade7-139272d39532.jpeg\" alt=\"\" width=\"287\" height=\"215\" srcset=\"https:\/\/serveiseducatius.xtec.cat\/creda-jordiperello\/wp-content\/uploads\/usu975\/2023\/12\/b72eabbc-97fc-46da-ade7-139272d39532.jpeg 640w, https:\/\/serveiseducatius.xtec.cat\/creda-jordiperello\/wp-content\/uploads\/usu975\/2023\/12\/b72eabbc-97fc-46da-ade7-139272d39532-300x225.jpeg 300w, https:\/\/serveiseducatius.xtec.cat\/creda-jordiperello\/wp-content\/uploads\/usu975\/2023\/12\/b72eabbc-97fc-46da-ade7-139272d39532-200x150.jpeg 200w\" sizes=\"auto, (max-width: 287px) 100vw, 287px\" \/>.\u00a0 <\/a>\u00a0 \u00a0\u00a0<a href=\"https:\/\/serveiseducatius.xtec.cat\/creda-jordiperello\/wp-content\/uploads\/usu975\/2023\/12\/7672bbaf-742c-472b-9f7c-6cc8a7ab94da.jpeg\"><img loading=\"lazy\" decoding=\"async\" class=\"alignnone  wp-image-18513\" src=\"https:\/\/serveiseducatius.xtec.cat\/creda-jordiperello\/wp-content\/uploads\/usu975\/2023\/12\/7672bbaf-742c-472b-9f7c-6cc8a7ab94da.jpeg\" alt=\"\" width=\"333\" height=\"179\" srcset=\"https:\/\/serveiseducatius.xtec.cat\/creda-jordiperello\/wp-content\/uploads\/usu975\/2023\/12\/7672bbaf-742c-472b-9f7c-6cc8a7ab94da.jpeg 640w, https:\/\/serveiseducatius.xtec.cat\/creda-jordiperello\/wp-content\/uploads\/usu975\/2023\/12\/7672bbaf-742c-472b-9f7c-6cc8a7ab94da-300x161.jpeg 300w\" sizes=\"auto, (max-width: 333px) 100vw, 333px\" \/>.\u00a0 \u00a0 \u00a0 \u00a0 \u00a0 \u00a0 \u00a0 <\/a><a href=\"https:\/\/serveiseducatius.xtec.cat\/creda-jordiperello\/wp-content\/uploads\/usu975\/2023\/12\/1492d365-7a98-4db5-8724-91e64fd97cdf.jpeg\"><img loading=\"lazy\" decoding=\"async\" class=\"alignnone size-medium wp-image-18516\" src=\"https:\/\/serveiseducatius.xtec.cat\/creda-jordiperello\/wp-content\/uploads\/usu975\/2023\/12\/1492d365-7a98-4db5-8724-91e64fd97cdf-300x225.jpeg\" alt=\"\" width=\"300\" height=\"225\" srcset=\"https:\/\/serveiseducatius.xtec.cat\/creda-jordiperello\/wp-content\/uploads\/usu975\/2023\/12\/1492d365-7a98-4db5-8724-91e64fd97cdf-300x225.jpeg 300w, https:\/\/serveiseducatius.xtec.cat\/creda-jordiperello\/wp-content\/uploads\/usu975\/2023\/12\/1492d365-7a98-4db5-8724-91e64fd97cdf-200x150.jpeg 200w, https:\/\/serveiseducatius.xtec.cat\/creda-jordiperello\/wp-content\/uploads\/usu975\/2023\/12\/1492d365-7a98-4db5-8724-91e64fd97cdf.jpeg 640w\" sizes=\"auto, (max-width: 300px) 100vw, 300px\" \/>. \u00a0\u00a0 <\/a><a href=\"https:\/\/serveiseducatius.xtec.cat\/creda-jordiperello\/wp-content\/uploads\/usu975\/2023\/12\/IMG_5865-1-rotated.jpeg\"><img loading=\"lazy\" decoding=\"async\" class=\"alignnone  wp-image-18518\" src=\"https:\/\/serveiseducatius.xtec.cat\/creda-jordiperello\/wp-content\/uploads\/usu975\/2023\/12\/IMG_5865-1-225x300.jpeg\" alt=\"\" width=\"214\" height=\"285\" srcset=\"https:\/\/serveiseducatius.xtec.cat\/creda-jordiperello\/wp-content\/uploads\/usu975\/2023\/12\/IMG_5865-1-225x300.jpeg 225w, https:\/\/serveiseducatius.xtec.cat\/creda-jordiperello\/wp-content\/uploads\/usu975\/2023\/12\/IMG_5865-1-rotated.jpeg 472w\" sizes=\"auto, (max-width: 214px) 100vw, 214px\" \/><\/a><a href=\"https:\/\/serveiseducatius.xtec.cat\/creda-jordiperello\/wp-content\/uploads\/usu975\/2023\/12\/1492d365-7a98-4db5-8724-91e64fd97cdf.jpeg\">\u00a0 <\/a><a href=\"https:\/\/serveiseducatius.xtec.cat\/creda-jordiperello\/wp-content\/uploads\/usu975\/2023\/12\/1492d365-7a98-4db5-8724-91e64fd97cdf.jpeg\">\u00a0<\/a>\u00a0\u00a0<a href=\"https:\/\/serveiseducatius.xtec.cat\/creda-jordiperello\/wp-content\/uploads\/usu975\/2023\/12\/IMG_5864-1.jpeg\"><img loading=\"lazy\" decoding=\"async\" class=\"alignnone  wp-image-18517\" src=\"https:\/\/serveiseducatius.xtec.cat\/creda-jordiperello\/wp-content\/uploads\/usu975\/2023\/12\/IMG_5864-1-300x225.jpeg\" alt=\"\" width=\"261\" height=\"196\" srcset=\"https:\/\/serveiseducatius.xtec.cat\/creda-jordiperello\/wp-content\/uploads\/usu975\/2023\/12\/IMG_5864-1-300x225.jpeg 300w, https:\/\/serveiseducatius.xtec.cat\/creda-jordiperello\/wp-content\/uploads\/usu975\/2023\/12\/IMG_5864-1-200x150.jpeg 200w, https:\/\/serveiseducatius.xtec.cat\/creda-jordiperello\/wp-content\/uploads\/usu975\/2023\/12\/IMG_5864-1.jpeg 630w\" sizes=\"auto, (max-width: 261px) 100vw, 261px\" \/><\/a>. \u00a0\u00a0 <a href=\"https:\/\/serveiseducatius.xtec.cat\/creda-jordiperello\/wp-content\/uploads\/usu975\/2023\/12\/IMG_5868-1-rotated.jpeg\"><img loading=\"lazy\" decoding=\"async\" class=\"alignnone size-medium wp-image-18519\" src=\"https:\/\/serveiseducatius.xtec.cat\/creda-jordiperello\/wp-content\/uploads\/usu975\/2023\/12\/IMG_5868-1-225x300.jpeg\" alt=\"\" width=\"225\" height=\"300\" srcset=\"https:\/\/serveiseducatius.xtec.cat\/creda-jordiperello\/wp-content\/uploads\/usu975\/2023\/12\/IMG_5868-1-225x300.jpeg 225w, https:\/\/serveiseducatius.xtec.cat\/creda-jordiperello\/wp-content\/uploads\/usu975\/2023\/12\/IMG_5868-1-rotated.jpeg 472w\" sizes=\"auto, (max-width: 225px) 100vw, 225px\" \/><\/a><a href=\"https:\/\/serveiseducatius.xtec.cat\/creda-jordiperello\/wp-content\/uploads\/usu975\/2023\/12\/1492d365-7a98-4db5-8724-91e64fd97cdf.jpeg\">\u00a0 <\/a><a href=\"https:\/\/serveiseducatius.xtec.cat\/creda-jordiperello\/wp-content\/uploads\/usu975\/2023\/12\/IMG_5875-1.jpeg\"><img loading=\"lazy\" decoding=\"async\" class=\"alignnone  wp-image-18520\" src=\"https:\/\/serveiseducatius.xtec.cat\/creda-jordiperello\/wp-content\/uploads\/usu975\/2023\/12\/IMG_5875-1-300x225.jpeg\" alt=\"\" width=\"340\" height=\"255\" srcset=\"https:\/\/serveiseducatius.xtec.cat\/creda-jordiperello\/wp-content\/uploads\/usu975\/2023\/12\/IMG_5875-1-300x225.jpeg 300w, https:\/\/serveiseducatius.xtec.cat\/creda-jordiperello\/wp-content\/uploads\/usu975\/2023\/12\/IMG_5875-1-200x150.jpeg 200w, https:\/\/serveiseducatius.xtec.cat\/creda-jordiperello\/wp-content\/uploads\/usu975\/2023\/12\/IMG_5875-1.jpeg 630w\" sizes=\"auto, (max-width: 340px) 100vw, 340px\" \/><\/a>\u00a0 \u00a0\u00a0<a href=\"https:\/\/serveiseducatius.xtec.cat\/creda-jordiperello\/wp-content\/uploads\/usu975\/2023\/12\/IMG_5875-1.jpeg\">\u00a0 <\/a><\/p>\n<p>&nbsp;<\/p>\n<p>&nbsp;<\/p>\n<p>&nbsp;<\/p>\n<p>&nbsp;<\/p>\n","protected":false},"excerpt":{"rendered":"<p>La primera sessi\u00f3 de les Trobades al CREDA d\u2019alumnes grans, va anar molt b\u00e9. Van venir: el Dylan, el Daniel, la Peije, l\u2019Izan, el Thiago, l\u2019Eva, la Franyelin i la Lola. La majoria ja havien vingut a altres trobades i els va fer molta il\u00b7lusi\u00f3 tornar-se a veure aquest curs. Pels que eren nous es [&hellip;]<\/p>\n","protected":false},"author":68,"featured_media":0,"comment_status":"closed","ping_status":"closed","sticky":false,"template":"","format":"standard","meta":{"_bbp_topic_count":0,"_bbp_reply_count":0,"_bbp_total_topic_count":0,"_bbp_total_reply_count":0,"_bbp_voice_count":0,"_bbp_anonymous_reply_count":0,"_bbp_topic_count_hidden":0,"_bbp_reply_count_hidden":0,"_bbp_forum_subforum_count":0,"site-sidebar-layout":"default","site-content-layout":"","ast-site-content-layout":"","site-content-style":"default","site-sidebar-style":"default","ast-global-header-display":"","ast-banner-title-visibility":"","ast-main-header-display":"","ast-hfb-above-header-display":"","ast-hfb-below-header-display":"","ast-hfb-mobile-header-display":"","site-post-title":"","ast-breadcrumbs-content":"","ast-featured-img":"","footer-sml-layout":"","theme-transparent-header-meta":"","adv-header-id-meta":"","stick-header-meta":"","header-above-stick-meta":"","header-main-stick-meta":"","header-below-stick-meta":"","astra-migrate-meta-layouts":"default","ast-page-background-enabled":"default","ast-page-background-meta":{"desktop":{"background-color":"var(--ast-global-color-4)","background-image":"","background-repeat":"repeat","background-position":"center center","background-size":"auto","background-attachment":"scroll","background-type":"","background-media":"","overlay-type":"","overlay-color":"","overlay-opacity":"","overlay-gradient":""},"tablet":{"background-color":"","background-image":"","background-repeat":"repeat","background-position":"center center","background-size":"auto","background-attachment":"scroll","background-type":"","background-media":"","overlay-type":"","overlay-color":"","overlay-opacity":"","overlay-gradient":""},"mobile":{"background-color":"","background-image":"","background-repeat":"repeat","background-position":"center center","background-size":"auto","background-attachment":"scroll","background-type":"","background-media":"","overlay-type":"","overlay-color":"","overlay-opacity":"","overlay-gradient":""}},"ast-content-background-meta":{"desktop":{"background-color":"var(--ast-global-color-5)","background-image":"","background-repeat":"repeat","background-position":"center center","background-size":"auto","background-attachment":"scroll","background-type":"","background-media":"","overlay-type":"","overlay-color":"","overlay-opacity":"","overlay-gradient":""},"tablet":{"background-color":"var(--ast-global-color-5)","background-image":"","background-repeat":"repeat","background-position":"center center","background-size":"auto","background-attachment":"scroll","background-type":"","background-media":"","overlay-type":"","overlay-color":"","overlay-opacity":"","overlay-gradient":""},"mobile":{"background-color":"var(--ast-global-color-5)","background-image":"","background-repeat":"repeat","background-position":"center center","background-size":"auto","background-attachment":"scroll","background-type":"","background-media":"","overlay-type":"","overlay-color":"","overlay-opacity":"","overlay-gradient":""}},"footnotes":""},"categories":[346],"tags":[],"class_list":["post-18505","post","type-post","status-publish","format-standard","hentry","category-grup-trobades-grans-trobades-al-creda-trastorns"],"post_mailing_queue_ids":[],"_links":{"self":[{"href":"https:\/\/serveiseducatius.xtec.cat\/creda-jordiperello\/wp-json\/wp\/v2\/posts\/18505","targetHints":{"allow":["GET"]}}],"collection":[{"href":"https:\/\/serveiseducatius.xtec.cat\/creda-jordiperello\/wp-json\/wp\/v2\/posts"}],"about":[{"href":"https:\/\/serveiseducatius.xtec.cat\/creda-jordiperello\/wp-json\/wp\/v2\/types\/post"}],"author":[{"embeddable":true,"href":"https:\/\/serveiseducatius.xtec.cat\/creda-jordiperello\/wp-json\/wp\/v2\/users\/68"}],"replies":[{"embeddable":true,"href":"https:\/\/serveiseducatius.xtec.cat\/creda-jordiperello\/wp-json\/wp\/v2\/comments?post=18505"}],"version-history":[{"count":6,"href":"https:\/\/serveiseducatius.xtec.cat\/creda-jordiperello\/wp-json\/wp\/v2\/posts\/18505\/revisions"}],"predecessor-version":[{"id":18530,"href":"https:\/\/serveiseducatius.xtec.cat\/creda-jordiperello\/wp-json\/wp\/v2\/posts\/18505\/revisions\/18530"}],"wp:attachment":[{"href":"https:\/\/serveiseducatius.xtec.cat\/creda-jordiperello\/wp-json\/wp\/v2\/media?parent=18505"}],"wp:term":[{"taxonomy":"category","embeddable":true,"href":"https:\/\/serveiseducatius.xtec.cat\/creda-jordiperello\/wp-json\/wp\/v2\/categories?post=18505"},{"taxonomy":"post_tag","embeddable":true,"href":"https:\/\/serveiseducatius.xtec.cat\/creda-jordiperello\/wp-json\/wp\/v2\/tags?post=18505"}],"curies":[{"name":"wp","href":"https:\/\/api.w.org\/{rel}","templated":true}]}}