{"id":18404,"date":"2023-11-16T15:33:10","date_gmt":"2023-11-16T14:33:10","guid":{"rendered":"https:\/\/serveiseducatius.xtec.cat\/creda-jordiperello\/?p=18404"},"modified":"2023-11-16T15:33:10","modified_gmt":"2023-11-16T14:33:10","slug":"trobada-petits-ei-4-ei-5-1er-ep-2on-ep-09-11-23","status":"publish","type":"post","link":"https:\/\/serveiseducatius.xtec.cat\/creda-jordiperello\/families\/activitats-families\/grup-trobades-petits-trobades-al-creda-trastorns\/trobada-petits-ei-4-ei-5-1er-ep-2on-ep-09-11-23\/","title":{"rendered":"Trobada petits (EI-4, EI-5, 1er EP, 2on EP) 09-11-23"},"content":{"rendered":"<p><span style=\"font-weight: 400;\">Hola fam\u00edlies!<\/span><\/p>\n<p><span style=\"font-weight: 400;\">El passat dijous 9 de novembre, vam fer la primera trobada al CREDA, del grup de petits!\u00a0<\/span><\/p>\n<p><span style=\"font-weight: 400;\">Vam venir: el Jonathan, l\u2019Antonio, la Sara, l\u2019Enzo M., l\u2019Enzo R., la Jhanna, l\u2019Amira, el Kiliam, el Miguel, el Daniel, l\u2019Eiden, l\u2019Abdul, el Jad i el Mohammad. <\/span><span style=\"font-weight: 400;\">Alguns d\u2019ells ja es coneixien d\u2019altres trobades, per\u00f2 per a la majoria era la primera vegada que hi assistien i van fer un bon vincle. En general van estar molt participatius i emocionats.<\/span><\/p>\n<p><span style=\"font-weight: 400;\">Mentre esper\u00e0vem que acabessin d\u2019entrar tots els nens vam fer un joc d\u2019endevinar una paraula sense veu, s\u2019havien de fixar en els llavis. Veure si la paraula era llarga o curta. Per quin so podria comen\u00e7ar. Els m\u00e9s atents es van adonar que comen\u00e7ava per Di , i que la paraula era molt llarga\ud83e\udd96<\/span><\/p>\n<p><span style=\"font-weight: 400;\">Primer, vam jugar a passar-nos la pilota per con\u00e8ixer-nos. D\u00e8iem el nostre nom i pass\u00e0vem\u00a0 la pilota a un altre nen o nena.\u00a0 Despr\u00e9s repet\u00edem la volta\u00a0 per recordar els noms dels companys.\u00a0<\/span><\/p>\n<p><span style=\"font-weight: 400;\">Despr\u00e9s, vam continuar la sessi\u00f3 explicant el conte: \u201cDe qu\u00e8 fa gust la lluna?. Per introduir el conte, vam preguntar si sabien quin gust faria lluna. Alguns van dir de formatge i xocolata. Seguidament, vam explicar el conte i tots van estar molt atents. A mesura que an\u00e0vem explicant el conte anomenaven l\u2019animal que s\u2019enfilava. La Nora ens va donar un trosset de lluna i vam dir de qu\u00e8 ens feia gust a nosaltres; ens feia gust a fruita, a pizza, a xocolata, a paella&#8230; A veure si us expliquen el conte!!<\/span><\/p>\n<p><span style=\"font-weight: 400;\">A continuaci\u00f3, vam enganxar a la porta l\u2019ordre en el que anaven apareixent els animals fins arribar a la lluna.\u00a0 Ho vam fer per torns, d\u00e8iem el nom de l\u2019animal i l\u2019an\u00e0vem col\u00b7locant en l\u2019ordre que apareix en el conte. Vam comparar amb el p\u00f2ster del conte i vam comprovar que ho vam fer correctament. Despr\u00e9s, vam relacionar l\u2019animal amb el menjar que m\u00e9s li agrada a cada \u00fa. Ho vam fer molt b\u00e9!<\/span><\/p>\n<p><span style=\"font-weight: 400;\">M\u00e9s tard, vam fer una activitat on van venir els nostres familiars. Per torns, hav\u00edem de descriure un animal del conte i la resta els hav\u00edem d\u2019endevinar. Tots vam participar molt i ens ho vam passar molt b\u00e9.<\/span><\/p>\n<p><span style=\"font-weight: 400;\">Per \u00faltim, vam decorar els calendaris, amb les dates de les properes trobades. Tots i totes van estar molt contents i contentes i ens van dir que volien tornar a venir! Aix\u00ed doncs\u2026 us esperem a la propera trobada!<\/span><\/p>\n<p><span style=\"font-weight: 400;\">Nora i Nuria<\/span><\/p>\n<p><a href=\"https:\/\/serveiseducatius.xtec.cat\/creda-jordiperello\/wp-content\/uploads\/usu975\/2023\/11\/lluna-.jpeg\"><img loading=\"lazy\" decoding=\"async\" class=\"alignnone  wp-image-18408\" src=\"https:\/\/serveiseducatius.xtec.cat\/creda-jordiperello\/wp-content\/uploads\/usu975\/2023\/11\/lluna-.jpeg\" alt=\"\" width=\"320\" height=\"320\" srcset=\"https:\/\/serveiseducatius.xtec.cat\/creda-jordiperello\/wp-content\/uploads\/usu975\/2023\/11\/lluna-.jpeg 225w, https:\/\/serveiseducatius.xtec.cat\/creda-jordiperello\/wp-content\/uploads\/usu975\/2023\/11\/lluna--150x150.jpeg 150w\" sizes=\"auto, (max-width: 320px) 100vw, 320px\" \/><\/a>.\u00a0 \u00a0 \u00a0 \u00a0 <a href=\"https:\/\/serveiseducatius.xtec.cat\/creda-jordiperello\/wp-content\/uploads\/usu975\/2023\/11\/IMG_5663-1-2-scaled.jpg\"><img loading=\"lazy\" decoding=\"async\" class=\"alignnone  wp-image-18407\" src=\"https:\/\/serveiseducatius.xtec.cat\/creda-jordiperello\/wp-content\/uploads\/usu975\/2023\/11\/IMG_5663-1-2-1024x768.jpg\" alt=\"\" width=\"427\" height=\"320\" srcset=\"https:\/\/serveiseducatius.xtec.cat\/creda-jordiperello\/wp-content\/uploads\/usu975\/2023\/11\/IMG_5663-1-2-1024x768.jpg 1024w, https:\/\/serveiseducatius.xtec.cat\/creda-jordiperello\/wp-content\/uploads\/usu975\/2023\/11\/IMG_5663-1-2-300x225.jpg 300w, https:\/\/serveiseducatius.xtec.cat\/creda-jordiperello\/wp-content\/uploads\/usu975\/2023\/11\/IMG_5663-1-2-768x576.jpg 768w, https:\/\/serveiseducatius.xtec.cat\/creda-jordiperello\/wp-content\/uploads\/usu975\/2023\/11\/IMG_5663-1-2-1536x1152.jpg 1536w, https:\/\/serveiseducatius.xtec.cat\/creda-jordiperello\/wp-content\/uploads\/usu975\/2023\/11\/IMG_5663-1-2-2048x1536.jpg 2048w, https:\/\/serveiseducatius.xtec.cat\/creda-jordiperello\/wp-content\/uploads\/usu975\/2023\/11\/IMG_5663-1-2-200x150.jpg 200w\" sizes=\"auto, (max-width: 427px) 100vw, 427px\" \/><\/a><\/p>\n<p>&nbsp;<\/p>\n<p><a href=\"https:\/\/serveiseducatius.xtec.cat\/creda-jordiperello\/wp-content\/uploads\/usu975\/2023\/11\/IMG_5666-1-scaled.jpg\"><img loading=\"lazy\" decoding=\"async\" class=\"alignnone  wp-image-18410\" src=\"https:\/\/serveiseducatius.xtec.cat\/creda-jordiperello\/wp-content\/uploads\/usu975\/2023\/11\/IMG_5666-1-601x1024.jpg\" alt=\"\" width=\"277\" height=\"472\" srcset=\"https:\/\/serveiseducatius.xtec.cat\/creda-jordiperello\/wp-content\/uploads\/usu975\/2023\/11\/IMG_5666-1-601x1024.jpg 601w, https:\/\/serveiseducatius.xtec.cat\/creda-jordiperello\/wp-content\/uploads\/usu975\/2023\/11\/IMG_5666-1-176x300.jpg 176w, https:\/\/serveiseducatius.xtec.cat\/creda-jordiperello\/wp-content\/uploads\/usu975\/2023\/11\/IMG_5666-1-768x1309.jpg 768w, https:\/\/serveiseducatius.xtec.cat\/creda-jordiperello\/wp-content\/uploads\/usu975\/2023\/11\/IMG_5666-1-901x1536.jpg 901w, https:\/\/serveiseducatius.xtec.cat\/creda-jordiperello\/wp-content\/uploads\/usu975\/2023\/11\/IMG_5666-1-1201x2048.jpg 1201w, https:\/\/serveiseducatius.xtec.cat\/creda-jordiperello\/wp-content\/uploads\/usu975\/2023\/11\/IMG_5666-1-scaled.jpg 1502w\" sizes=\"auto, (max-width: 277px) 100vw, 277px\" \/>. \u00a0\u00a0\u00a0\u00a0\u00a0\u00a0\u00a0\u00a0\u00a0\u00a0\u00a0\u00a0\u00a0\u00a0\u00a0\u00a0\u00a0\u00a0\u00a0\u00a0 <\/a><a href=\"https:\/\/serveiseducatius.xtec.cat\/creda-jordiperello\/wp-content\/uploads\/usu975\/2023\/11\/IMG_5719-1-scaled.jpg\"><img loading=\"lazy\" decoding=\"async\" class=\"alignnone  wp-image-18411\" src=\"https:\/\/serveiseducatius.xtec.cat\/creda-jordiperello\/wp-content\/uploads\/usu975\/2023\/11\/IMG_5719-1-768x1024.jpg\" alt=\"\" width=\"342\" height=\"456\" srcset=\"https:\/\/serveiseducatius.xtec.cat\/creda-jordiperello\/wp-content\/uploads\/usu975\/2023\/11\/IMG_5719-1-768x1024.jpg 768w, https:\/\/serveiseducatius.xtec.cat\/creda-jordiperello\/wp-content\/uploads\/usu975\/2023\/11\/IMG_5719-1-225x300.jpg 225w, https:\/\/serveiseducatius.xtec.cat\/creda-jordiperello\/wp-content\/uploads\/usu975\/2023\/11\/IMG_5719-1-1152x1536.jpg 1152w, https:\/\/serveiseducatius.xtec.cat\/creda-jordiperello\/wp-content\/uploads\/usu975\/2023\/11\/IMG_5719-1-1536x2048.jpg 1536w, https:\/\/serveiseducatius.xtec.cat\/creda-jordiperello\/wp-content\/uploads\/usu975\/2023\/11\/IMG_5719-1-scaled.jpg 1920w\" sizes=\"auto, (max-width: 342px) 100vw, 342px\" \/><\/a><\/p>\n<p>&nbsp;<\/p>\n<p>&nbsp;<\/p>\n","protected":false},"excerpt":{"rendered":"<p>Hola fam\u00edlies! El passat dijous 9 de novembre, vam fer la primera trobada al CREDA, del grup de petits!\u00a0 Vam venir: el Jonathan, l\u2019Antonio, la Sara, l\u2019Enzo M., l\u2019Enzo R., la Jhanna, l\u2019Amira, el Kiliam, el Miguel, el Daniel, l\u2019Eiden, l\u2019Abdul, el Jad i el Mohammad. Alguns d\u2019ells ja es coneixien d\u2019altres trobades, per\u00f2 per [&hellip;]<\/p>\n","protected":false},"author":68,"featured_media":0,"comment_status":"closed","ping_status":"closed","sticky":false,"template":"","format":"standard","meta":{"_bbp_topic_count":0,"_bbp_reply_count":0,"_bbp_total_topic_count":0,"_bbp_total_reply_count":0,"_bbp_voice_count":0,"_bbp_anonymous_reply_count":0,"_bbp_topic_count_hidden":0,"_bbp_reply_count_hidden":0,"_bbp_forum_subforum_count":0,"site-sidebar-layout":"default","site-content-layout":"","ast-site-content-layout":"","site-content-style":"default","site-sidebar-style":"default","ast-global-header-display":"","ast-banner-title-visibility":"","ast-main-header-display":"","ast-hfb-above-header-display":"","ast-hfb-below-header-display":"","ast-hfb-mobile-header-display":"","site-post-title":"","ast-breadcrumbs-content":"","ast-featured-img":"","footer-sml-layout":"","theme-transparent-header-meta":"","adv-header-id-meta":"","stick-header-meta":"","header-above-stick-meta":"","header-main-stick-meta":"","header-below-stick-meta":"","astra-migrate-meta-layouts":"default","ast-page-background-enabled":"default","ast-page-background-meta":{"desktop":{"background-color":"var(--ast-global-color-4)","background-image":"","background-repeat":"repeat","background-position":"center center","background-size":"auto","background-attachment":"scroll","background-type":"","background-media":"","overlay-type":"","overlay-color":"","overlay-opacity":"","overlay-gradient":""},"tablet":{"background-color":"","background-image":"","background-repeat":"repeat","background-position":"center center","background-size":"auto","background-attachment":"scroll","background-type":"","background-media":"","overlay-type":"","overlay-color":"","overlay-opacity":"","overlay-gradient":""},"mobile":{"background-color":"","background-image":"","background-repeat":"repeat","background-position":"center center","background-size":"auto","background-attachment":"scroll","background-type":"","background-media":"","overlay-type":"","overlay-color":"","overlay-opacity":"","overlay-gradient":""}},"ast-content-background-meta":{"desktop":{"background-color":"var(--ast-global-color-5)","background-image":"","background-repeat":"repeat","background-position":"center center","background-size":"auto","background-attachment":"scroll","background-type":"","background-media":"","overlay-type":"","overlay-color":"","overlay-opacity":"","overlay-gradient":""},"tablet":{"background-color":"var(--ast-global-color-5)","background-image":"","background-repeat":"repeat","background-position":"center center","background-size":"auto","background-attachment":"scroll","background-type":"","background-media":"","overlay-type":"","overlay-color":"","overlay-opacity":"","overlay-gradient":""},"mobile":{"background-color":"var(--ast-global-color-5)","background-image":"","background-repeat":"repeat","background-position":"center center","background-size":"auto","background-attachment":"scroll","background-type":"","background-media":"","overlay-type":"","overlay-color":"","overlay-opacity":"","overlay-gradient":""}},"footnotes":""},"categories":[349],"tags":[],"class_list":["post-18404","post","type-post","status-publish","format-standard","hentry","category-grup-trobades-petits-trobades-al-creda-trastorns"],"post_mailing_queue_ids":[],"_links":{"self":[{"href":"https:\/\/serveiseducatius.xtec.cat\/creda-jordiperello\/wp-json\/wp\/v2\/posts\/18404","targetHints":{"allow":["GET"]}}],"collection":[{"href":"https:\/\/serveiseducatius.xtec.cat\/creda-jordiperello\/wp-json\/wp\/v2\/posts"}],"about":[{"href":"https:\/\/serveiseducatius.xtec.cat\/creda-jordiperello\/wp-json\/wp\/v2\/types\/post"}],"author":[{"embeddable":true,"href":"https:\/\/serveiseducatius.xtec.cat\/creda-jordiperello\/wp-json\/wp\/v2\/users\/68"}],"replies":[{"embeddable":true,"href":"https:\/\/serveiseducatius.xtec.cat\/creda-jordiperello\/wp-json\/wp\/v2\/comments?post=18404"}],"version-history":[{"count":3,"href":"https:\/\/serveiseducatius.xtec.cat\/creda-jordiperello\/wp-json\/wp\/v2\/posts\/18404\/revisions"}],"predecessor-version":[{"id":18414,"href":"https:\/\/serveiseducatius.xtec.cat\/creda-jordiperello\/wp-json\/wp\/v2\/posts\/18404\/revisions\/18414"}],"wp:attachment":[{"href":"https:\/\/serveiseducatius.xtec.cat\/creda-jordiperello\/wp-json\/wp\/v2\/media?parent=18404"}],"wp:term":[{"taxonomy":"category","embeddable":true,"href":"https:\/\/serveiseducatius.xtec.cat\/creda-jordiperello\/wp-json\/wp\/v2\/categories?post=18404"},{"taxonomy":"post_tag","embeddable":true,"href":"https:\/\/serveiseducatius.xtec.cat\/creda-jordiperello\/wp-json\/wp\/v2\/tags?post=18404"}],"curies":[{"name":"wp","href":"https:\/\/api.w.org\/{rel}","templated":true}]}}