{"id":18362,"date":"2024-03-20T18:00:37","date_gmt":"2024-03-20T17:00:37","guid":{"rendered":"https:\/\/serveiseducatius.xtec.cat\/creda-jordiperello\/?p=18362"},"modified":"2024-03-20T18:14:17","modified_gmt":"2024-03-20T17:14:17","slug":"grup-1-educacio-infantil-i-primer-de-cicle-inicial-29-de-novembre-del-2023","status":"publish","type":"post","link":"https:\/\/serveiseducatius.xtec.cat\/creda-jordiperello\/families\/activitats-families\/grup-1\/grup-1-educacio-infantil-i-primer-de-cicle-inicial-29-de-novembre-del-2023\/","title":{"rendered":"Grup 1: Educaci\u00f3 Infantil i Primer de Cicle Inicial (20 de mar\u00e7 de 2024)"},"content":{"rendered":"<p>Benvolgudes fam\u00edlies i logopedes!<\/p>\n<p>Avui dia 20 de mar\u00e7 hem seguit les activitats de Grups de Llenguatge amb l&#8217;alumnat d&#8217;Educaci\u00f3 Infantil i Primer curs de Cicle Inicial. Han vingut: el <span class=\"hiddenSpellError\">Javier<\/span>, l&#8217;Aram, la Mar, l&#8217;\u00c0lex i el <span class=\"hiddenSpellError\">Lucas<\/span> i les seves fam\u00edlies que ens han acompanyat tota la tarda. I tamb\u00e9 ha vingut la nostra companya Mavi a ajudar-nos amb les activitats.<\/p>\n<p>A continuaci\u00f3 us expliquem quines activitats hem fet al llarg de la tarda. En primer lloc, hem anat a l&#8217;aula amb les fam\u00edlies i ens hem presentat.<\/p>\n<p>Hem comen\u00e7at el conte de &#8220;Qu\u00e8 fa gust la lluna?&#8221;. Al principi tots aquells infants que sabien alguna cosa sobre el conte han explicat el que en pod\u00edem trobar dins. Un cop han participat, seguidament hem iniciat la lectura. A la vegada que la Sara anava llegint, la Mavi anava posant els animals que sortien al conte, un a sobre de l&#8217;altre fins a arribar a la lluna i aix\u00ed tots els infants podien veure com eren.<\/p>\n<p>M\u00e9s tard, hem assignat diferents animals als nens i nenes i familiars amb la consigna que quan son\u00e9s el tambor, si anava de pressa es <span class=\"hiddenGreenError\">movien<\/span> tots els animals menys la tortuga i si el tambor sonava lent nom\u00e9s es <span class=\"hiddenGreenError\">podien<\/span> moure les tortugues. Tamb\u00e9 hem relacionat les targetes dels animals amb un color i les havien d&#8217;anar posant a les diferents anelles de colors repartits per la classe.<\/p>\n<p>Per anar acabant i fer una tornada a la calma, han pintat aquells animals que sortien en el conte i podien triar quins volien fer. I com a \u00faltima activitat, hem estat parlant sobre quin era el nostre menjar preferit, perqu\u00e8 d&#8217;aquesta manera sab\u00edem de quin gust feia la lluna.<\/p>\n<p>A continuaci\u00f3 us deixem les fotografies d&#8217;avui. Molt\u00edssimes gr\u00e0cies a tots i totes per venir i gaudir d&#8217;una estoneta amb nosaltres. Us esperem a la propera sessi\u00f3 que ser\u00e0 el dia <strong>15 de maig de 2024<\/strong>.<\/p>\n<p>Fins aviat!<\/p>\n<p>Sara i Erika<\/p>\n<p><a href=\"https:\/\/serveiseducatius.xtec.cat\/creda-jordiperello\/wp-content\/uploads\/usu975\/2023\/11\/IMG_20240320_155513.jpg\"><img loading=\"lazy\" decoding=\"async\" class=\"alignnone size-full wp-image-18722\" src=\"https:\/\/serveiseducatius.xtec.cat\/creda-jordiperello\/wp-content\/uploads\/usu975\/2023\/11\/IMG_20240320_155513.jpg\" alt=\"\" width=\"640\" height=\"288\" srcset=\"https:\/\/serveiseducatius.xtec.cat\/creda-jordiperello\/wp-content\/uploads\/usu975\/2023\/11\/IMG_20240320_155513.jpg 640w, https:\/\/serveiseducatius.xtec.cat\/creda-jordiperello\/wp-content\/uploads\/usu975\/2023\/11\/IMG_20240320_155513-300x135.jpg 300w\" sizes=\"auto, (max-width: 640px) 100vw, 640px\" \/><\/a> <a href=\"https:\/\/serveiseducatius.xtec.cat\/creda-jordiperello\/wp-content\/uploads\/usu975\/2023\/11\/image0-2-rotated.jpeg\"><img loading=\"lazy\" decoding=\"async\" class=\"alignnone size-large wp-image-18731\" src=\"https:\/\/serveiseducatius.xtec.cat\/creda-jordiperello\/wp-content\/uploads\/usu975\/2023\/11\/image0-2-rotated.jpeg\" alt=\"\" width=\"480\" height=\"640\" srcset=\"https:\/\/serveiseducatius.xtec.cat\/creda-jordiperello\/wp-content\/uploads\/usu975\/2023\/11\/image0-2-rotated.jpeg 480w, https:\/\/serveiseducatius.xtec.cat\/creda-jordiperello\/wp-content\/uploads\/usu975\/2023\/11\/image0-2-225x300.jpeg 225w\" sizes=\"auto, (max-width: 480px) 100vw, 480px\" \/><\/a> <a href=\"https:\/\/serveiseducatius.xtec.cat\/creda-jordiperello\/wp-content\/uploads\/usu975\/2023\/11\/image1-2.jpeg\"><img loading=\"lazy\" decoding=\"async\" class=\"alignnone size-large wp-image-18732\" src=\"https:\/\/serveiseducatius.xtec.cat\/creda-jordiperello\/wp-content\/uploads\/usu975\/2023\/11\/image1-2.jpeg\" alt=\"\" width=\"640\" height=\"480\" srcset=\"https:\/\/serveiseducatius.xtec.cat\/creda-jordiperello\/wp-content\/uploads\/usu975\/2023\/11\/image1-2.jpeg 640w, https:\/\/serveiseducatius.xtec.cat\/creda-jordiperello\/wp-content\/uploads\/usu975\/2023\/11\/image1-2-300x225.jpeg 300w, https:\/\/serveiseducatius.xtec.cat\/creda-jordiperello\/wp-content\/uploads\/usu975\/2023\/11\/image1-2-200x150.jpeg 200w\" sizes=\"auto, (max-width: 640px) 100vw, 640px\" \/><\/a> <a href=\"https:\/\/serveiseducatius.xtec.cat\/creda-jordiperello\/wp-content\/uploads\/usu975\/2023\/11\/image3-3-rotated.jpeg\"><img loading=\"lazy\" decoding=\"async\" class=\"alignnone size-large wp-image-18733\" src=\"https:\/\/serveiseducatius.xtec.cat\/creda-jordiperello\/wp-content\/uploads\/usu975\/2023\/11\/image3-3-rotated.jpeg\" alt=\"\" width=\"480\" height=\"640\" srcset=\"https:\/\/serveiseducatius.xtec.cat\/creda-jordiperello\/wp-content\/uploads\/usu975\/2023\/11\/image3-3-rotated.jpeg 480w, https:\/\/serveiseducatius.xtec.cat\/creda-jordiperello\/wp-content\/uploads\/usu975\/2023\/11\/image3-3-225x300.jpeg 225w\" sizes=\"auto, (max-width: 480px) 100vw, 480px\" \/><\/a> <a href=\"https:\/\/serveiseducatius.xtec.cat\/creda-jordiperello\/wp-content\/uploads\/usu975\/2023\/11\/IMG_20240320_155335-1.jpg\"><img loading=\"lazy\" decoding=\"async\" class=\"alignnone size-large wp-image-18734\" src=\"https:\/\/serveiseducatius.xtec.cat\/creda-jordiperello\/wp-content\/uploads\/usu975\/2023\/11\/IMG_20240320_155335-1.jpg\" alt=\"\" width=\"288\" height=\"640\" srcset=\"https:\/\/serveiseducatius.xtec.cat\/creda-jordiperello\/wp-content\/uploads\/usu975\/2023\/11\/IMG_20240320_155335-1.jpg 288w, https:\/\/serveiseducatius.xtec.cat\/creda-jordiperello\/wp-content\/uploads\/usu975\/2023\/11\/IMG_20240320_155335-1-135x300.jpg 135w\" sizes=\"auto, (max-width: 288px) 100vw, 288px\" \/><\/a> <a href=\"https:\/\/serveiseducatius.xtec.cat\/creda-jordiperello\/wp-content\/uploads\/usu975\/2023\/11\/IMG_20240320_155347-1.jpg\"><img loading=\"lazy\" decoding=\"async\" class=\"alignnone size-large wp-image-18735\" src=\"https:\/\/serveiseducatius.xtec.cat\/creda-jordiperello\/wp-content\/uploads\/usu975\/2023\/11\/IMG_20240320_155347-1.jpg\" alt=\"\" width=\"640\" height=\"288\" srcset=\"https:\/\/serveiseducatius.xtec.cat\/creda-jordiperello\/wp-content\/uploads\/usu975\/2023\/11\/IMG_20240320_155347-1.jpg 640w, https:\/\/serveiseducatius.xtec.cat\/creda-jordiperello\/wp-content\/uploads\/usu975\/2023\/11\/IMG_20240320_155347-1-300x135.jpg 300w\" sizes=\"auto, (max-width: 640px) 100vw, 640px\" \/><\/a> <a href=\"https:\/\/serveiseducatius.xtec.cat\/creda-jordiperello\/wp-content\/uploads\/usu975\/2023\/11\/IMG_20240320_155404-1.jpg\"><img loading=\"lazy\" decoding=\"async\" class=\"alignnone size-large wp-image-18736\" src=\"https:\/\/serveiseducatius.xtec.cat\/creda-jordiperello\/wp-content\/uploads\/usu975\/2023\/11\/IMG_20240320_155404-1.jpg\" alt=\"\" width=\"640\" height=\"288\" srcset=\"https:\/\/serveiseducatius.xtec.cat\/creda-jordiperello\/wp-content\/uploads\/usu975\/2023\/11\/IMG_20240320_155404-1.jpg 640w, https:\/\/serveiseducatius.xtec.cat\/creda-jordiperello\/wp-content\/uploads\/usu975\/2023\/11\/IMG_20240320_155404-1-300x135.jpg 300w\" sizes=\"auto, (max-width: 640px) 100vw, 640px\" \/><\/a> <a href=\"https:\/\/serveiseducatius.xtec.cat\/creda-jordiperello\/wp-content\/uploads\/usu975\/2023\/11\/IMG_20240320_155457-1.jpg\"><img loading=\"lazy\" decoding=\"async\" class=\"alignnone size-large wp-image-18737\" src=\"https:\/\/serveiseducatius.xtec.cat\/creda-jordiperello\/wp-content\/uploads\/usu975\/2023\/11\/IMG_20240320_155457-1.jpg\" alt=\"\" width=\"288\" height=\"640\" srcset=\"https:\/\/serveiseducatius.xtec.cat\/creda-jordiperello\/wp-content\/uploads\/usu975\/2023\/11\/IMG_20240320_155457-1.jpg 288w, https:\/\/serveiseducatius.xtec.cat\/creda-jordiperello\/wp-content\/uploads\/usu975\/2023\/11\/IMG_20240320_155457-1-135x300.jpg 135w\" sizes=\"auto, (max-width: 288px) 100vw, 288px\" \/><\/a> <a href=\"https:\/\/serveiseducatius.xtec.cat\/creda-jordiperello\/wp-content\/uploads\/usu975\/2023\/11\/IMG_20240320_155513-1.jpg\"><img loading=\"lazy\" decoding=\"async\" class=\"alignnone size-large wp-image-18738\" src=\"https:\/\/serveiseducatius.xtec.cat\/creda-jordiperello\/wp-content\/uploads\/usu975\/2023\/11\/IMG_20240320_155513-1.jpg\" alt=\"\" width=\"640\" height=\"288\" srcset=\"https:\/\/serveiseducatius.xtec.cat\/creda-jordiperello\/wp-content\/uploads\/usu975\/2023\/11\/IMG_20240320_155513-1.jpg 640w, https:\/\/serveiseducatius.xtec.cat\/creda-jordiperello\/wp-content\/uploads\/usu975\/2023\/11\/IMG_20240320_155513-1-300x135.jpg 300w\" sizes=\"auto, (max-width: 640px) 100vw, 640px\" \/><\/a> <a href=\"https:\/\/serveiseducatius.xtec.cat\/creda-jordiperello\/wp-content\/uploads\/usu975\/2023\/11\/IMG_20240320_155517-1.jpg\"><img loading=\"lazy\" decoding=\"async\" class=\"alignnone size-large wp-image-18739\" src=\"https:\/\/serveiseducatius.xtec.cat\/creda-jordiperello\/wp-content\/uploads\/usu975\/2023\/11\/IMG_20240320_155517-1.jpg\" alt=\"\" width=\"640\" height=\"288\" srcset=\"https:\/\/serveiseducatius.xtec.cat\/creda-jordiperello\/wp-content\/uploads\/usu975\/2023\/11\/IMG_20240320_155517-1.jpg 640w, https:\/\/serveiseducatius.xtec.cat\/creda-jordiperello\/wp-content\/uploads\/usu975\/2023\/11\/IMG_20240320_155517-1-300x135.jpg 300w\" sizes=\"auto, (max-width: 640px) 100vw, 640px\" \/><\/a><\/p>\n","protected":false},"excerpt":{"rendered":"<p>Benvolgudes fam\u00edlies i logopedes! Avui dia 20 de mar\u00e7 hem seguit les activitats de Grups de Llenguatge amb l&#8217;alumnat d&#8217;Educaci\u00f3 Infantil i Primer curs de Cicle Inicial. Han vingut: el Javier, l&#8217;Aram, la Mar, l&#8217;\u00c0lex i el Lucas i les seves fam\u00edlies que ens han acompanyat tota la tarda. I tamb\u00e9 ha vingut la nostra [&hellip;]<\/p>\n","protected":false},"author":141,"featured_media":0,"comment_status":"closed","ping_status":"closed","sticky":false,"template":"","format":"standard","meta":{"_bbp_topic_count":0,"_bbp_reply_count":0,"_bbp_total_topic_count":0,"_bbp_total_reply_count":0,"_bbp_voice_count":0,"_bbp_anonymous_reply_count":0,"_bbp_topic_count_hidden":0,"_bbp_reply_count_hidden":0,"_bbp_forum_subforum_count":0,"site-sidebar-layout":"default","site-content-layout":"","ast-site-content-layout":"","site-content-style":"default","site-sidebar-style":"default","ast-global-header-display":"","ast-banner-title-visibility":"","ast-main-header-display":"","ast-hfb-above-header-display":"","ast-hfb-below-header-display":"","ast-hfb-mobile-header-display":"","site-post-title":"","ast-breadcrumbs-content":"","ast-featured-img":"","footer-sml-layout":"","theme-transparent-header-meta":"","adv-header-id-meta":"","stick-header-meta":"","header-above-stick-meta":"","header-main-stick-meta":"","header-below-stick-meta":"","astra-migrate-meta-layouts":"default","ast-page-background-enabled":"default","ast-page-background-meta":{"desktop":{"background-color":"var(--ast-global-color-4)","background-image":"","background-repeat":"repeat","background-position":"center center","background-size":"auto","background-attachment":"scroll","background-type":"","background-media":"","overlay-type":"","overlay-color":"","overlay-opacity":"","overlay-gradient":""},"tablet":{"background-color":"","background-image":"","background-repeat":"repeat","background-position":"center center","background-size":"auto","background-attachment":"scroll","background-type":"","background-media":"","overlay-type":"","overlay-color":"","overlay-opacity":"","overlay-gradient":""},"mobile":{"background-color":"","background-image":"","background-repeat":"repeat","background-position":"center center","background-size":"auto","background-attachment":"scroll","background-type":"","background-media":"","overlay-type":"","overlay-color":"","overlay-opacity":"","overlay-gradient":""}},"ast-content-background-meta":{"desktop":{"background-color":"var(--ast-global-color-5)","background-image":"","background-repeat":"repeat","background-position":"center center","background-size":"auto","background-attachment":"scroll","background-type":"","background-media":"","overlay-type":"","overlay-color":"","overlay-opacity":"","overlay-gradient":""},"tablet":{"background-color":"var(--ast-global-color-5)","background-image":"","background-repeat":"repeat","background-position":"center center","background-size":"auto","background-attachment":"scroll","background-type":"","background-media":"","overlay-type":"","overlay-color":"","overlay-opacity":"","overlay-gradient":""},"mobile":{"background-color":"var(--ast-global-color-5)","background-image":"","background-repeat":"repeat","background-position":"center center","background-size":"auto","background-attachment":"scroll","background-type":"","background-media":"","overlay-type":"","overlay-color":"","overlay-opacity":"","overlay-gradient":""}},"footnotes":""},"categories":[338],"tags":[1531,1226,533,300],"class_list":["post-18362","post","type-post","status-publish","format-standard","hentry","category-grup-1","tag-curs-23-24","tag-grup-2","tag-grups-de-llenguatge","tag-sordesa"],"post_mailing_queue_ids":[],"_links":{"self":[{"href":"https:\/\/serveiseducatius.xtec.cat\/creda-jordiperello\/wp-json\/wp\/v2\/posts\/18362","targetHints":{"allow":["GET"]}}],"collection":[{"href":"https:\/\/serveiseducatius.xtec.cat\/creda-jordiperello\/wp-json\/wp\/v2\/posts"}],"about":[{"href":"https:\/\/serveiseducatius.xtec.cat\/creda-jordiperello\/wp-json\/wp\/v2\/types\/post"}],"author":[{"embeddable":true,"href":"https:\/\/serveiseducatius.xtec.cat\/creda-jordiperello\/wp-json\/wp\/v2\/users\/141"}],"replies":[{"embeddable":true,"href":"https:\/\/serveiseducatius.xtec.cat\/creda-jordiperello\/wp-json\/wp\/v2\/comments?post=18362"}],"version-history":[{"count":7,"href":"https:\/\/serveiseducatius.xtec.cat\/creda-jordiperello\/wp-json\/wp\/v2\/posts\/18362\/revisions"}],"predecessor-version":[{"id":18741,"href":"https:\/\/serveiseducatius.xtec.cat\/creda-jordiperello\/wp-json\/wp\/v2\/posts\/18362\/revisions\/18741"}],"wp:attachment":[{"href":"https:\/\/serveiseducatius.xtec.cat\/creda-jordiperello\/wp-json\/wp\/v2\/media?parent=18362"}],"wp:term":[{"taxonomy":"category","embeddable":true,"href":"https:\/\/serveiseducatius.xtec.cat\/creda-jordiperello\/wp-json\/wp\/v2\/categories?post=18362"},{"taxonomy":"post_tag","embeddable":true,"href":"https:\/\/serveiseducatius.xtec.cat\/creda-jordiperello\/wp-json\/wp\/v2\/tags?post=18362"}],"curies":[{"name":"wp","href":"https:\/\/api.w.org\/{rel}","templated":true}]}}