{"id":17395,"date":"2022-12-03T09:00:56","date_gmt":"2022-12-03T08:00:56","guid":{"rendered":"https:\/\/serveiseducatius.xtec.cat\/creda-jordiperello\/?p=17395"},"modified":"2023-01-26T19:14:16","modified_gmt":"2023-01-26T18:14:16","slug":"dia-3","status":"publish","type":"post","link":"https:\/\/serveiseducatius.xtec.cat\/creda-jordiperello\/general\/dia-3\/","title":{"rendered":"DIA 3"},"content":{"rendered":"<div><\/div>\n<div><\/div>\n<div>Terrassa com<img loading=\"lazy\" decoding=\"async\" class=\"alignleft\" src=\"https:\/\/www.terrassa.cat\/documents\/12006\/53171289\/Dia+Internacional+de+les+Persones+amb+Discapacitat_page-0001.jpg\/803709e3-713b-4ea7-9d5a-e7af74c230d3?t=1669193599967\" alt=\"D\u00eda Internacional de las Personas con Discapacidad - Ajuntament de Terrassa\" width=\"231\" height=\"327\" \/>memora el <b>Dia Internacional de les Persones amb Discapacitat<\/b>\u00a0amb un programa d&#8217;activitats\u00a0l\u00fadiques i reivindicatives per a totes les edats.<\/div>\n<div>\n<ul>\n<li><b>Quan?<\/b>\u00a0 Dissabte, 3 de desembre, de 10.30 a 13.30.<\/li>\n<li><b>On?<\/b>\u00a0Raval de Montserrat (davant de l&#8217;Ajuntament). L&#8217;acc\u00e9s \u00e9s lliure.<\/li>\n<li><b>Qu\u00e8 es far\u00e0?<\/b>\n<ul>\n<li>Tallers inclusius de Nadal: aprendre llengua de signes, fer postals amb pictogrames, crear estels amb paper reciclat, rec\u00f3rrer un circuit sensorial i con\u00e8ixer adaptacions laborals.<\/li>\n<li>Ball en cadira de rodes, a c\u00e0rrec del col\u00b7lectiu Bienestar Emocional i el Grup Mefi de la Fundaci\u00f3 Goel.<\/li>\n<li>Cantada de Nadal inclusiva, a c\u00e0rrec de Prodis, LaFACT Fupar i Terrassa Ciutat Coral.<\/li>\n<li>Parlaments i lectura de manifest.<\/li>\n<\/ul>\n<\/li>\n<\/ul>\n<div>\n<ul>\n<li><b>Organitza:<\/b>\u00a0Ajuntament de Terrassa i entitats de la Taula local de Capacitats Diverses i Accessibilitat .<\/li>\n<li><b>Accessibilitat:\u00a0<\/b>Interpretaci\u00f3 en llengua de signes catalana (LSC) i espai\u00a0f\u00edsicament\u00a0accessible.<\/li>\n<li><b>M\u00e9s informaci\u00f3<\/b>:\u00a0<a href=\"https:\/\/www.terrassa.cat\/dia-internacional-discapacitat\" target=\"_blank\" rel=\"noopener noreferrer\" data-saferedirecturl=\"https:\/\/www.google.com\/url?q=https:\/\/www.terrassa.cat\/dia-internacional-discapacitat&amp;source=gmail&amp;ust=1669891086359000&amp;usg=AOvVaw3U4172LzfjsAwCze5G_kxh\">https:\/\/www.<wbr \/>terrassa.cat\/dia-<wbr \/>internacional-discapacitat<\/a><\/li>\n<\/ul>\n<\/div>\n<\/div>\n<p>&nbsp;<\/p>\n<p>&nbsp;<\/p>\n<p><img loading=\"lazy\" decoding=\"async\" class=\"alignleft\" src=\"https:\/\/web.sabadell.cat\/images\/programa_imatge.jpg\" alt=\"Som Capa\u00e7os\" width=\"211\" height=\"342\" \/><\/p>\n<p>&nbsp;<\/p>\n<p>Tamb\u00e9 us volem compartir el programa que s&#8217;ha portat a terme des de l&#8217;Ajuntament de Sabadell en commemoraci\u00f3 d&#8217;aquest dia sota el lema SOM CAPA\u00c7OS.<\/p>\n<p><a href=\"https:\/\/www.sabadell.cat\/images\/SOMCAPACOS\/SC22_programa.pdf\">https:\/\/www.sabadell.cat\/images\/SOMCAPACOS\/SC22_programa.pdf<\/a><\/p>\n<p>&nbsp;<\/p>\n","protected":false},"excerpt":{"rendered":"<p>Avui us volem informar sobre algunes activitats que es faran a dues de les poblacions del nostre territori per celebrar el Dia Internacional de les Persones amb Discapacitat<\/p>\n","protected":false},"author":1,"featured_media":17392,"comment_status":"closed","ping_status":"closed","sticky":false,"template":"","format":"standard","meta":{"_bbp_topic_count":0,"_bbp_reply_count":0,"_bbp_total_topic_count":0,"_bbp_total_reply_count":0,"_bbp_voice_count":0,"_bbp_anonymous_reply_count":0,"_bbp_topic_count_hidden":0,"_bbp_reply_count_hidden":0,"_bbp_forum_subforum_count":0,"site-sidebar-layout":"default","site-content-layout":"","ast-site-content-layout":"","site-content-style":"default","site-sidebar-style":"default","ast-global-header-display":"","ast-banner-title-visibility":"","ast-main-header-display":"","ast-hfb-above-header-display":"","ast-hfb-below-header-display":"","ast-hfb-mobile-header-display":"","site-post-title":"","ast-breadcrumbs-content":"","ast-featured-img":"","footer-sml-layout":"","theme-transparent-header-meta":"","adv-header-id-meta":"","stick-header-meta":"","header-above-stick-meta":"","header-main-stick-meta":"","header-below-stick-meta":"","astra-migrate-meta-layouts":"default","ast-page-background-enabled":"default","ast-page-background-meta":{"desktop":{"background-color":"var(--ast-global-color-4)","background-image":"","background-repeat":"repeat","background-position":"center center","background-size":"auto","background-attachment":"scroll","background-type":"","background-media":"","overlay-type":"","overlay-color":"","overlay-opacity":"","overlay-gradient":""},"tablet":{"background-color":"","background-image":"","background-repeat":"repeat","background-position":"center center","background-size":"auto","background-attachment":"scroll","background-type":"","background-media":"","overlay-type":"","overlay-color":"","overlay-opacity":"","overlay-gradient":""},"mobile":{"background-color":"","background-image":"","background-repeat":"repeat","background-position":"center center","background-size":"auto","background-attachment":"scroll","background-type":"","background-media":"","overlay-type":"","overlay-color":"","overlay-opacity":"","overlay-gradient":""}},"ast-content-background-meta":{"desktop":{"background-color":"var(--ast-global-color-5)","background-image":"","background-repeat":"repeat","background-position":"center center","background-size":"auto","background-attachment":"scroll","background-type":"","background-media":"","overlay-type":"","overlay-color":"","overlay-opacity":"","overlay-gradient":""},"tablet":{"background-color":"var(--ast-global-color-5)","background-image":"","background-repeat":"repeat","background-position":"center center","background-size":"auto","background-attachment":"scroll","background-type":"","background-media":"","overlay-type":"","overlay-color":"","overlay-opacity":"","overlay-gradient":""},"mobile":{"background-color":"var(--ast-global-color-5)","background-image":"","background-repeat":"repeat","background-position":"center center","background-size":"auto","background-attachment":"scroll","background-type":"","background-media":"","overlay-type":"","overlay-color":"","overlay-opacity":"","overlay-gradient":""}},"footnotes":""},"categories":[1],"tags":[],"class_list":["post-17395","post","type-post","status-publish","format-standard","has-post-thumbnail","hentry","category-general"],"post_mailing_queue_ids":[],"_links":{"self":[{"href":"https:\/\/serveiseducatius.xtec.cat\/creda-jordiperello\/wp-json\/wp\/v2\/posts\/17395","targetHints":{"allow":["GET"]}}],"collection":[{"href":"https:\/\/serveiseducatius.xtec.cat\/creda-jordiperello\/wp-json\/wp\/v2\/posts"}],"about":[{"href":"https:\/\/serveiseducatius.xtec.cat\/creda-jordiperello\/wp-json\/wp\/v2\/types\/post"}],"author":[{"embeddable":true,"href":"https:\/\/serveiseducatius.xtec.cat\/creda-jordiperello\/wp-json\/wp\/v2\/users\/1"}],"replies":[{"embeddable":true,"href":"https:\/\/serveiseducatius.xtec.cat\/creda-jordiperello\/wp-json\/wp\/v2\/comments?post=17395"}],"version-history":[{"count":3,"href":"https:\/\/serveiseducatius.xtec.cat\/creda-jordiperello\/wp-json\/wp\/v2\/posts\/17395\/revisions"}],"predecessor-version":[{"id":17428,"href":"https:\/\/serveiseducatius.xtec.cat\/creda-jordiperello\/wp-json\/wp\/v2\/posts\/17395\/revisions\/17428"}],"wp:featuredmedia":[{"embeddable":true,"href":"https:\/\/serveiseducatius.xtec.cat\/creda-jordiperello\/wp-json\/wp\/v2\/media\/17392"}],"wp:attachment":[{"href":"https:\/\/serveiseducatius.xtec.cat\/creda-jordiperello\/wp-json\/wp\/v2\/media?parent=17395"}],"wp:term":[{"taxonomy":"category","embeddable":true,"href":"https:\/\/serveiseducatius.xtec.cat\/creda-jordiperello\/wp-json\/wp\/v2\/categories?post=17395"},{"taxonomy":"post_tag","embeddable":true,"href":"https:\/\/serveiseducatius.xtec.cat\/creda-jordiperello\/wp-json\/wp\/v2\/tags?post=17395"}],"curies":[{"name":"wp","href":"https:\/\/api.w.org\/{rel}","templated":true}]}}