{"id":17056,"date":"2022-09-20T10:15:26","date_gmt":"2022-09-20T08:15:26","guid":{"rendered":"https:\/\/serveiseducatius.xtec.cat\/creda-jordiperello\/?p=17056"},"modified":"2022-11-16T20:27:21","modified_gmt":"2022-11-16T19:27:21","slug":"setmana-internacional-de-les-persones-sordes","status":"publish","type":"post","link":"https:\/\/serveiseducatius.xtec.cat\/creda-jordiperello\/general\/setmana-internacional-de-les-persones-sordes\/","title":{"rendered":"Setmana Internacional de les Persones Sordes"},"content":{"rendered":"<p><a href=\"https:\/\/serveiseducatius.xtec.cat\/creda-jordiperello\/wp-content\/uploads\/usu975\/2022\/09\/2018.09.21_InternationalDayofSignLanguages.jpg_664213117.jpg\"><img loading=\"lazy\" decoding=\"async\" class=\"wp-image-17057 alignleft\" src=\"https:\/\/serveiseducatius.xtec.cat\/creda-jordiperello\/wp-content\/uploads\/usu975\/2022\/09\/2018.09.21_InternationalDayofSignLanguages.jpg_664213117.jpg\" alt=\"\" width=\"236\" height=\"288\" \/><\/a>Del 19 al 25 de setembre t\u00e9 lloc a tot el m\u00f3n la\u00a0<strong>Setmana Internacional de les Persones Sordes<\/strong> amb un tema espec\u00edfic cada dia. El 23 de setembre \u00e9s el\u00a0<strong>Dia Internacional de les Lleng\u00fces de Signes<\/strong>, englobant totes les lleng\u00fces de signes del m\u00f3n. L&#8217;objectiu d&#8217;aquesta setmana es <strong>promoure la inclusi\u00f3 dins de la societat de persones amb p\u00e8rdua auditiva.\u00a0<\/strong><\/p>\n<p>Us deixem un enlla\u00e7 on podreu trobar tota la informaci\u00f3.<\/p>\n<blockquote class=\"wp-embedded-content\" data-secret=\"pC4yHlCDb5\"><p><a href=\"http:\/\/wfdeaf.org\/iwdeaf2022\/\">International Week of Deaf People 2022<\/a><\/p><\/blockquote>\n<p><iframe loading=\"lazy\" class=\"wp-embedded-content\" sandbox=\"allow-scripts\" security=\"restricted\" style=\"position: absolute; clip: rect(1px, 1px, 1px, 1px);\" title=\"&#8220;International Week of Deaf People 2022&#8221; &#8212; WFD\" src=\"http:\/\/wfdeaf.org\/iwdeaf2022\/embed\/#?secret=3QVqtIrs7M#?secret=pC4yHlCDb5\" data-secret=\"pC4yHlCDb5\" width=\"500\" height=\"282\" frameborder=\"0\" marginwidth=\"0\" marginheight=\"0\" scrolling=\"no\"><\/iframe><\/p>\n","protected":false},"excerpt":{"rendered":"<p>Del 19 al 25 de setembre t\u00e9 lloc a tot el m\u00f3n la\u00a0Setmana Internacional de les Persones Sordes amb un tema espec\u00edfic cada dia. El 23 de setembre \u00e9s el\u00a0Dia Internacional de les Lleng\u00fces de Signes, englobant totes les lleng\u00fces de signes del m\u00f3n. L&#8217;objectiu d&#8217;aquesta setmana es promoure la inclusi\u00f3 dins de la societat [&hellip;]<\/p>\n","protected":false},"author":1,"featured_media":17057,"comment_status":"closed","ping_status":"closed","sticky":false,"template":"","format":"standard","meta":{"_bbp_topic_count":0,"_bbp_reply_count":0,"_bbp_total_topic_count":0,"_bbp_total_reply_count":0,"_bbp_voice_count":0,"_bbp_anonymous_reply_count":0,"_bbp_topic_count_hidden":0,"_bbp_reply_count_hidden":0,"_bbp_forum_subforum_count":0,"site-sidebar-layout":"default","site-content-layout":"","ast-site-content-layout":"","site-content-style":"default","site-sidebar-style":"default","ast-global-header-display":"","ast-banner-title-visibility":"","ast-main-header-display":"","ast-hfb-above-header-display":"","ast-hfb-below-header-display":"","ast-hfb-mobile-header-display":"","site-post-title":"","ast-breadcrumbs-content":"","ast-featured-img":"","footer-sml-layout":"","theme-transparent-header-meta":"","adv-header-id-meta":"","stick-header-meta":"","header-above-stick-meta":"","header-main-stick-meta":"","header-below-stick-meta":"","astra-migrate-meta-layouts":"default","ast-page-background-enabled":"default","ast-page-background-meta":{"desktop":{"background-color":"var(--ast-global-color-4)","background-image":"","background-repeat":"repeat","background-position":"center center","background-size":"auto","background-attachment":"scroll","background-type":"","background-media":"","overlay-type":"","overlay-color":"","overlay-opacity":"","overlay-gradient":""},"tablet":{"background-color":"","background-image":"","background-repeat":"repeat","background-position":"center center","background-size":"auto","background-attachment":"scroll","background-type":"","background-media":"","overlay-type":"","overlay-color":"","overlay-opacity":"","overlay-gradient":""},"mobile":{"background-color":"","background-image":"","background-repeat":"repeat","background-position":"center center","background-size":"auto","background-attachment":"scroll","background-type":"","background-media":"","overlay-type":"","overlay-color":"","overlay-opacity":"","overlay-gradient":""}},"ast-content-background-meta":{"desktop":{"background-color":"var(--ast-global-color-5)","background-image":"","background-repeat":"repeat","background-position":"center center","background-size":"auto","background-attachment":"scroll","background-type":"","background-media":"","overlay-type":"","overlay-color":"","overlay-opacity":"","overlay-gradient":""},"tablet":{"background-color":"var(--ast-global-color-5)","background-image":"","background-repeat":"repeat","background-position":"center center","background-size":"auto","background-attachment":"scroll","background-type":"","background-media":"","overlay-type":"","overlay-color":"","overlay-opacity":"","overlay-gradient":""},"mobile":{"background-color":"var(--ast-global-color-5)","background-image":"","background-repeat":"repeat","background-position":"center center","background-size":"auto","background-attachment":"scroll","background-type":"","background-media":"","overlay-type":"","overlay-color":"","overlay-opacity":"","overlay-gradient":""}},"footnotes":""},"categories":[1,273],"tags":[],"class_list":["post-17056","post","type-post","status-publish","format-standard","has-post-thumbnail","hentry","category-general","category-portada"],"post_mailing_queue_ids":[],"_links":{"self":[{"href":"https:\/\/serveiseducatius.xtec.cat\/creda-jordiperello\/wp-json\/wp\/v2\/posts\/17056","targetHints":{"allow":["GET"]}}],"collection":[{"href":"https:\/\/serveiseducatius.xtec.cat\/creda-jordiperello\/wp-json\/wp\/v2\/posts"}],"about":[{"href":"https:\/\/serveiseducatius.xtec.cat\/creda-jordiperello\/wp-json\/wp\/v2\/types\/post"}],"author":[{"embeddable":true,"href":"https:\/\/serveiseducatius.xtec.cat\/creda-jordiperello\/wp-json\/wp\/v2\/users\/1"}],"replies":[{"embeddable":true,"href":"https:\/\/serveiseducatius.xtec.cat\/creda-jordiperello\/wp-json\/wp\/v2\/comments?post=17056"}],"version-history":[{"count":4,"href":"https:\/\/serveiseducatius.xtec.cat\/creda-jordiperello\/wp-json\/wp\/v2\/posts\/17056\/revisions"}],"predecessor-version":[{"id":17282,"href":"https:\/\/serveiseducatius.xtec.cat\/creda-jordiperello\/wp-json\/wp\/v2\/posts\/17056\/revisions\/17282"}],"wp:featuredmedia":[{"embeddable":true,"href":"https:\/\/serveiseducatius.xtec.cat\/creda-jordiperello\/wp-json\/wp\/v2\/media\/17057"}],"wp:attachment":[{"href":"https:\/\/serveiseducatius.xtec.cat\/creda-jordiperello\/wp-json\/wp\/v2\/media?parent=17056"}],"wp:term":[{"taxonomy":"category","embeddable":true,"href":"https:\/\/serveiseducatius.xtec.cat\/creda-jordiperello\/wp-json\/wp\/v2\/categories?post=17056"},{"taxonomy":"post_tag","embeddable":true,"href":"https:\/\/serveiseducatius.xtec.cat\/creda-jordiperello\/wp-json\/wp\/v2\/tags?post=17056"}],"curies":[{"name":"wp","href":"https:\/\/api.w.org\/{rel}","templated":true}]}}