{"id":16445,"date":"2022-04-27T19:31:09","date_gmt":"2022-04-27T17:31:09","guid":{"rendered":"https:\/\/serveiseducatius.xtec.cat\/creda-jordiperello\/?p=16445"},"modified":"2022-04-27T19:31:34","modified_gmt":"2022-04-27T17:31:34","slug":"aplicacio-signescat","status":"publish","type":"post","link":"https:\/\/serveiseducatius.xtec.cat\/creda-jordiperello\/general\/aplicacio-signescat\/","title":{"rendered":"Aplicaci\u00f3 SignesCAT"},"content":{"rendered":"<p><a href=\"https:\/\/serveiseducatius.xtec.cat\/creda-jordiperello\/wp-content\/uploads\/usu975\/2022\/04\/signes3.jpg\"><img loading=\"lazy\" decoding=\"async\" class=\"wp-image-16451 alignnone\" src=\"https:\/\/serveiseducatius.xtec.cat\/creda-jordiperello\/wp-content\/uploads\/usu975\/2022\/04\/signes3-300x149.jpg\" alt=\"\" width=\"389\" height=\"193\" srcset=\"https:\/\/serveiseducatius.xtec.cat\/creda-jordiperello\/wp-content\/uploads\/usu975\/2022\/04\/signes3-300x149.jpg 300w, https:\/\/serveiseducatius.xtec.cat\/creda-jordiperello\/wp-content\/uploads\/usu975\/2022\/04\/signes3.jpg 304w\" sizes=\"auto, (max-width: 389px) 100vw, 389px\" \/><\/a><\/p>\n<p>Ja es troba disponible, des de fa algunes setmanes, el primer &#8220;Diccionari Digital de la Llengua de Signes Catalana&#8221; (LSC) en format aplicaci\u00f3. \u00c9s una APP descargable i disponible de forma gratu\u00efta a Google Play i a App Store. Es poden consultar tots els signes de una forma senzilla i intu\u00eftiva. El diccionari registra dues entrades ordenades per ordre alfab\u00e8tic (catal\u00e0 i castell\u00e0) seguides de la visualitzaci\u00f3 del signe corresponent en un video curt. L&#8217;app inicia la cerca del signe gr\u00e0cies a la identificaci\u00f3 de la paraula clau que l&#8217;usuari inserta, d&#8217;aquesta manera s&#8217;obt\u00e9 una lista de continguts relacionats amb l&#8217;entrada sol\u00b7licitada.<\/p>\n<p>&nbsp;<\/p>\n<p>&nbsp;<\/p>\n","protected":false},"excerpt":{"rendered":"<p>Ja es troba disponible, des de fa algunes setmanes, el primer &#8220;Diccionari Digital de la Llengua de Signes Catalana&#8221; (LSC) en format aplicaci\u00f3. \u00c9s una APP descargable i disponible de forma gratu\u00efta a Google Play i a App Store. Es poden consultar tots els signes de una forma senzilla i intu\u00eftiva. El diccionari registra dues [&hellip;]<\/p>\n","protected":false},"author":1,"featured_media":16449,"comment_status":"closed","ping_status":"closed","sticky":false,"template":"","format":"standard","meta":{"_bbp_topic_count":0,"_bbp_reply_count":0,"_bbp_total_topic_count":0,"_bbp_total_reply_count":0,"_bbp_voice_count":0,"_bbp_anonymous_reply_count":0,"_bbp_topic_count_hidden":0,"_bbp_reply_count_hidden":0,"_bbp_forum_subforum_count":0,"site-sidebar-layout":"default","site-content-layout":"","ast-site-content-layout":"","site-content-style":"default","site-sidebar-style":"default","ast-global-header-display":"","ast-banner-title-visibility":"","ast-main-header-display":"","ast-hfb-above-header-display":"","ast-hfb-below-header-display":"","ast-hfb-mobile-header-display":"","site-post-title":"","ast-breadcrumbs-content":"","ast-featured-img":"","footer-sml-layout":"","theme-transparent-header-meta":"","adv-header-id-meta":"","stick-header-meta":"","header-above-stick-meta":"","header-main-stick-meta":"","header-below-stick-meta":"","astra-migrate-meta-layouts":"default","ast-page-background-enabled":"default","ast-page-background-meta":{"desktop":{"background-color":"var(--ast-global-color-4)","background-image":"","background-repeat":"repeat","background-position":"center center","background-size":"auto","background-attachment":"scroll","background-type":"","background-media":"","overlay-type":"","overlay-color":"","overlay-opacity":"","overlay-gradient":""},"tablet":{"background-color":"","background-image":"","background-repeat":"repeat","background-position":"center center","background-size":"auto","background-attachment":"scroll","background-type":"","background-media":"","overlay-type":"","overlay-color":"","overlay-opacity":"","overlay-gradient":""},"mobile":{"background-color":"","background-image":"","background-repeat":"repeat","background-position":"center center","background-size":"auto","background-attachment":"scroll","background-type":"","background-media":"","overlay-type":"","overlay-color":"","overlay-opacity":"","overlay-gradient":""}},"ast-content-background-meta":{"desktop":{"background-color":"var(--ast-global-color-5)","background-image":"","background-repeat":"repeat","background-position":"center center","background-size":"auto","background-attachment":"scroll","background-type":"","background-media":"","overlay-type":"","overlay-color":"","overlay-opacity":"","overlay-gradient":""},"tablet":{"background-color":"var(--ast-global-color-5)","background-image":"","background-repeat":"repeat","background-position":"center center","background-size":"auto","background-attachment":"scroll","background-type":"","background-media":"","overlay-type":"","overlay-color":"","overlay-opacity":"","overlay-gradient":""},"mobile":{"background-color":"var(--ast-global-color-5)","background-image":"","background-repeat":"repeat","background-position":"center center","background-size":"auto","background-attachment":"scroll","background-type":"","background-media":"","overlay-type":"","overlay-color":"","overlay-opacity":"","overlay-gradient":""}},"footnotes":""},"categories":[354,1,273,272],"tags":[566,316],"class_list":["post-16445","post","type-post","status-publish","format-standard","has-post-thumbnail","hentry","category-apps-alumnes","category-general","category-portada","category-recursos-tac","tag-app","tag-llengua-de-signes-catalana"],"post_mailing_queue_ids":[],"_links":{"self":[{"href":"https:\/\/serveiseducatius.xtec.cat\/creda-jordiperello\/wp-json\/wp\/v2\/posts\/16445","targetHints":{"allow":["GET"]}}],"collection":[{"href":"https:\/\/serveiseducatius.xtec.cat\/creda-jordiperello\/wp-json\/wp\/v2\/posts"}],"about":[{"href":"https:\/\/serveiseducatius.xtec.cat\/creda-jordiperello\/wp-json\/wp\/v2\/types\/post"}],"author":[{"embeddable":true,"href":"https:\/\/serveiseducatius.xtec.cat\/creda-jordiperello\/wp-json\/wp\/v2\/users\/1"}],"replies":[{"embeddable":true,"href":"https:\/\/serveiseducatius.xtec.cat\/creda-jordiperello\/wp-json\/wp\/v2\/comments?post=16445"}],"version-history":[{"count":3,"href":"https:\/\/serveiseducatius.xtec.cat\/creda-jordiperello\/wp-json\/wp\/v2\/posts\/16445\/revisions"}],"predecessor-version":[{"id":16454,"href":"https:\/\/serveiseducatius.xtec.cat\/creda-jordiperello\/wp-json\/wp\/v2\/posts\/16445\/revisions\/16454"}],"wp:featuredmedia":[{"embeddable":true,"href":"https:\/\/serveiseducatius.xtec.cat\/creda-jordiperello\/wp-json\/wp\/v2\/media\/16449"}],"wp:attachment":[{"href":"https:\/\/serveiseducatius.xtec.cat\/creda-jordiperello\/wp-json\/wp\/v2\/media?parent=16445"}],"wp:term":[{"taxonomy":"category","embeddable":true,"href":"https:\/\/serveiseducatius.xtec.cat\/creda-jordiperello\/wp-json\/wp\/v2\/categories?post=16445"},{"taxonomy":"post_tag","embeddable":true,"href":"https:\/\/serveiseducatius.xtec.cat\/creda-jordiperello\/wp-json\/wp\/v2\/tags?post=16445"}],"curies":[{"name":"wp","href":"https:\/\/api.w.org\/{rel}","templated":true}]}}