{"id":15889,"date":"2022-02-15T13:02:34","date_gmt":"2022-02-15T12:02:34","guid":{"rendered":"https:\/\/serveiseducatius.xtec.cat\/creda-jordiperello\/?p=15889"},"modified":"2022-02-15T13:02:34","modified_gmt":"2022-02-15T12:02:34","slug":"nominacio-esportiva-a-la-mira-alumna-amb-sordesa-de-lesc-catalunya","status":"publish","type":"post","link":"https:\/\/serveiseducatius.xtec.cat\/creda-jordiperello\/portada\/nominacio-esportiva-a-la-mira-alumna-amb-sordesa-de-lesc-catalunya\/","title":{"rendered":"Nominaci\u00f3 esportiva a la Mira, alumna amb sordesa, de l&#8217;ESC Catalunya"},"content":{"rendered":"<p style=\"text-align: justify;\"><a href=\"https:\/\/serveiseducatius.xtec.cat\/creda-jordiperello\/wp-content\/uploads\/usu975\/2022\/02\/Mira-1.jpeg\"><img loading=\"lazy\" decoding=\"async\" class=\"wp-image-15891 alignleft\" src=\"https:\/\/serveiseducatius.xtec.cat\/creda-jordiperello\/wp-content\/uploads\/usu975\/2022\/02\/Mira-1.jpeg\" alt=\"\" width=\"355\" height=\"267\" srcset=\"https:\/\/serveiseducatius.xtec.cat\/creda-jordiperello\/wp-content\/uploads\/usu975\/2022\/02\/Mira-1.jpeg 1024w, https:\/\/serveiseducatius.xtec.cat\/creda-jordiperello\/wp-content\/uploads\/usu975\/2022\/02\/Mira-1-300x225.jpeg 300w, https:\/\/serveiseducatius.xtec.cat\/creda-jordiperello\/wp-content\/uploads\/usu975\/2022\/02\/Mira-1-768x576.jpeg 768w, https:\/\/serveiseducatius.xtec.cat\/creda-jordiperello\/wp-content\/uploads\/usu975\/2022\/02\/Mira-1-200x150.jpeg 200w\" sizes=\"auto, (max-width: 355px) 100vw, 355px\" \/><\/a>L&#8217;alumna amb sordesa de l&#8217;Escola Catalunya de Sabadell, Mira Navarro, \u00e9s una de les nominades al Premi Solidari de la Fundaci\u00f3 Catalana de Futbol.<\/p>\n<p style=\"text-align: justify;\">La Mira que juga a la UE Sant Andreu a la categoria benjam\u00ed opta a un dels tres premis a la categoria Jugador\/a que es lliuraran a la cinquena edici\u00f3 de la gala de la Fundaci\u00f3 Catalana de Futbol que es celebrar\u00e0 a l&#8217;antiga f\u00e0brica Estrella Damm el 21 de febrer a les 19:00. Amb aquests premis la FCF vol premiar les iniciatives i activitats que fomenten la solidaritat, els valors i l&#8217;\u00e8tica esportiva m\u00e9s enll\u00e0 dels terrenys de joc.<\/p>\n<p>Moltes felicitats, Mira!!<\/p>\n","protected":false},"excerpt":{"rendered":"<p>L&#8217;alumna amb sordesa de l&#8217;Escola Catalunya de Sabadell, Mira Navarro, \u00e9s una de les nominades al Premi Solidari de la Fundaci\u00f3 Catalana de Futbol. La Mira que juga a la UE Sant Andreu a la categoria benjam\u00ed opta a un dels tres premis a la categoria Jugador\/a que es lliuraran a la cinquena edici\u00f3 de [&hellip;]<\/p>\n","protected":false},"author":1,"featured_media":15891,"comment_status":"closed","ping_status":"closed","sticky":false,"template":"","format":"standard","meta":{"_bbp_topic_count":0,"_bbp_reply_count":0,"_bbp_total_topic_count":0,"_bbp_total_reply_count":0,"_bbp_voice_count":0,"_bbp_anonymous_reply_count":0,"_bbp_topic_count_hidden":0,"_bbp_reply_count_hidden":0,"_bbp_forum_subforum_count":0,"site-sidebar-layout":"default","site-content-layout":"","ast-site-content-layout":"","site-content-style":"default","site-sidebar-style":"default","ast-global-header-display":"","ast-banner-title-visibility":"","ast-main-header-display":"","ast-hfb-above-header-display":"","ast-hfb-below-header-display":"","ast-hfb-mobile-header-display":"","site-post-title":"","ast-breadcrumbs-content":"","ast-featured-img":"","footer-sml-layout":"","theme-transparent-header-meta":"","adv-header-id-meta":"","stick-header-meta":"","header-above-stick-meta":"","header-main-stick-meta":"","header-below-stick-meta":"","astra-migrate-meta-layouts":"default","ast-page-background-enabled":"default","ast-page-background-meta":{"desktop":{"background-color":"var(--ast-global-color-4)","background-image":"","background-repeat":"repeat","background-position":"center center","background-size":"auto","background-attachment":"scroll","background-type":"","background-media":"","overlay-type":"","overlay-color":"","overlay-opacity":"","overlay-gradient":""},"tablet":{"background-color":"","background-image":"","background-repeat":"repeat","background-position":"center center","background-size":"auto","background-attachment":"scroll","background-type":"","background-media":"","overlay-type":"","overlay-color":"","overlay-opacity":"","overlay-gradient":""},"mobile":{"background-color":"","background-image":"","background-repeat":"repeat","background-position":"center center","background-size":"auto","background-attachment":"scroll","background-type":"","background-media":"","overlay-type":"","overlay-color":"","overlay-opacity":"","overlay-gradient":""}},"ast-content-background-meta":{"desktop":{"background-color":"var(--ast-global-color-5)","background-image":"","background-repeat":"repeat","background-position":"center center","background-size":"auto","background-attachment":"scroll","background-type":"","background-media":"","overlay-type":"","overlay-color":"","overlay-opacity":"","overlay-gradient":""},"tablet":{"background-color":"var(--ast-global-color-5)","background-image":"","background-repeat":"repeat","background-position":"center center","background-size":"auto","background-attachment":"scroll","background-type":"","background-media":"","overlay-type":"","overlay-color":"","overlay-opacity":"","overlay-gradient":""},"mobile":{"background-color":"var(--ast-global-color-5)","background-image":"","background-repeat":"repeat","background-position":"center center","background-size":"auto","background-attachment":"scroll","background-type":"","background-media":"","overlay-type":"","overlay-color":"","overlay-opacity":"","overlay-gradient":""}},"footnotes":""},"categories":[273],"tags":[1449],"class_list":["post-15889","post","type-post","status-publish","format-standard","has-post-thumbnail","hentry","category-portada","tag-noticia"],"post_mailing_queue_ids":[],"_links":{"self":[{"href":"https:\/\/serveiseducatius.xtec.cat\/creda-jordiperello\/wp-json\/wp\/v2\/posts\/15889","targetHints":{"allow":["GET"]}}],"collection":[{"href":"https:\/\/serveiseducatius.xtec.cat\/creda-jordiperello\/wp-json\/wp\/v2\/posts"}],"about":[{"href":"https:\/\/serveiseducatius.xtec.cat\/creda-jordiperello\/wp-json\/wp\/v2\/types\/post"}],"author":[{"embeddable":true,"href":"https:\/\/serveiseducatius.xtec.cat\/creda-jordiperello\/wp-json\/wp\/v2\/users\/1"}],"replies":[{"embeddable":true,"href":"https:\/\/serveiseducatius.xtec.cat\/creda-jordiperello\/wp-json\/wp\/v2\/comments?post=15889"}],"version-history":[{"count":3,"href":"https:\/\/serveiseducatius.xtec.cat\/creda-jordiperello\/wp-json\/wp\/v2\/posts\/15889\/revisions"}],"predecessor-version":[{"id":15894,"href":"https:\/\/serveiseducatius.xtec.cat\/creda-jordiperello\/wp-json\/wp\/v2\/posts\/15889\/revisions\/15894"}],"wp:featuredmedia":[{"embeddable":true,"href":"https:\/\/serveiseducatius.xtec.cat\/creda-jordiperello\/wp-json\/wp\/v2\/media\/15891"}],"wp:attachment":[{"href":"https:\/\/serveiseducatius.xtec.cat\/creda-jordiperello\/wp-json\/wp\/v2\/media?parent=15889"}],"wp:term":[{"taxonomy":"category","embeddable":true,"href":"https:\/\/serveiseducatius.xtec.cat\/creda-jordiperello\/wp-json\/wp\/v2\/categories?post=15889"},{"taxonomy":"post_tag","embeddable":true,"href":"https:\/\/serveiseducatius.xtec.cat\/creda-jordiperello\/wp-json\/wp\/v2\/tags?post=15889"}],"curies":[{"name":"wp","href":"https:\/\/api.w.org\/{rel}","templated":true}]}}