{"id":15882,"date":"2022-02-15T12:43:24","date_gmt":"2022-02-15T11:43:24","guid":{"rendered":"https:\/\/serveiseducatius.xtec.cat\/creda-jordiperello\/?p=15882"},"modified":"2022-03-24T11:05:28","modified_gmt":"2022-03-24T10:05:28","slug":"que-bonita-eres-estela","status":"publish","type":"post","link":"https:\/\/serveiseducatius.xtec.cat\/creda-jordiperello\/portada\/que-bonita-eres-estela\/","title":{"rendered":"\u00bfQu\u00e9 bonita eres, Estela!"},"content":{"rendered":"<p><a href=\"https:\/\/serveiseducatius.xtec.cat\/creda-jordiperello\/wp-content\/uploads\/usu975\/2022\/02\/Estela.jpg\"><img loading=\"lazy\" decoding=\"async\" class=\"wp-image-15883 alignleft\" src=\"https:\/\/serveiseducatius.xtec.cat\/creda-jordiperello\/wp-content\/uploads\/usu975\/2022\/02\/Estela.jpg\" alt=\"\" width=\"279\" height=\"287\" srcset=\"https:\/\/serveiseducatius.xtec.cat\/creda-jordiperello\/wp-content\/uploads\/usu975\/2022\/02\/Estela.jpg 437w, https:\/\/serveiseducatius.xtec.cat\/creda-jordiperello\/wp-content\/uploads\/usu975\/2022\/02\/Estela-291x300.jpg 291w\" sizes=\"auto, (max-width: 279px) 100vw, 279px\" \/><\/a><a style=\"color: #2795b6;\" href=\"https:\/\/serveiseducatius.xtec.cat\/creda-jordiperello\/wp-content\/uploads\/usu975\/2022\/02\/QR.jpg\"><img loading=\"lazy\" decoding=\"async\" class=\"wp-image-15884 alignleft\" src=\"https:\/\/serveiseducatius.xtec.cat\/creda-jordiperello\/wp-content\/uploads\/usu975\/2022\/02\/QR.jpg\" alt=\"\" width=\"111\" height=\"111\" srcset=\"https:\/\/serveiseducatius.xtec.cat\/creda-jordiperello\/wp-content\/uploads\/usu975\/2022\/02\/QR.jpg 315w, https:\/\/serveiseducatius.xtec.cat\/creda-jordiperello\/wp-content\/uploads\/usu975\/2022\/02\/QR-298x300.jpg 298w, https:\/\/serveiseducatius.xtec.cat\/creda-jordiperello\/wp-content\/uploads\/usu975\/2022\/02\/QR-150x150.jpg 150w\" sizes=\"auto, (max-width: 111px) 100vw, 111px\" \/><\/a><\/p>\n<p style=\"text-align: justify;\">Des d&#8217;avui tenim al Fons Documental el conte &#8220;!Qu\u00e9 bonita eres, Estela!&#8221; de la Cristina Hern\u00e1ndez, tieta sorda de dos alumnes amb sordesa de l&#8217;escola El Vapor de Terrassa. \u00c9s un conte molt interessant per a nens amb sordesa, pares i educadors.<\/p>\n<p style=\"text-align: justify;\">L&#8217;Estela \u00e9s una nena amb implant coclear que amaga les seves orelles per por a ser rebutjada. En parlar de les seves emocions, diferents personatges posen en valor all\u00f2 que ens fa diferents dels altres, fent-li veure que \u00e9s bonica sent com \u00e9s. El conte parlar de la import\u00e0ncia de l&#8217;acompayament emocional i la relaci\u00f3 amb els iguals per a una construcci\u00f3 sana de la pr\u00f2pia identitat i el desenvolupament d&#8217;una bona autoestima.<\/p>\n<p style=\"text-align: justify;\">El conte inclou un codi QR que permet l&#8217;acc\u00e9s a un v\u00eddeo del conte en LSE, subtitulaci\u00f3 i audio.<\/p>\n<p>&nbsp;<\/p>\n<p>&nbsp;<\/p>\n","protected":false},"excerpt":{"rendered":"<p>Des d&#8217;avui tenim al Fons Documental el conte &#8220;!Qu\u00e9 bonita eres, Estela!&#8221; de la Cristina Hern\u00e1ndez, tieta sorda de dos alumnes amb sordesa de l&#8217;escola El Vapor de Terrassa. \u00c9s un conte molt interessant per a nens amb sordesa, pares i educadors. L&#8217;Estela \u00e9s una nena amb implant coclear que amaga les seves orelles per [&hellip;]<\/p>\n","protected":false},"author":1,"featured_media":15883,"comment_status":"closed","ping_status":"closed","sticky":false,"template":"","format":"standard","meta":{"_bbp_topic_count":0,"_bbp_reply_count":0,"_bbp_total_topic_count":0,"_bbp_total_reply_count":0,"_bbp_voice_count":0,"_bbp_anonymous_reply_count":0,"_bbp_topic_count_hidden":0,"_bbp_reply_count_hidden":0,"_bbp_forum_subforum_count":0,"site-sidebar-layout":"default","site-content-layout":"","ast-site-content-layout":"","site-content-style":"default","site-sidebar-style":"default","ast-global-header-display":"","ast-banner-title-visibility":"","ast-main-header-display":"","ast-hfb-above-header-display":"","ast-hfb-below-header-display":"","ast-hfb-mobile-header-display":"","site-post-title":"","ast-breadcrumbs-content":"","ast-featured-img":"","footer-sml-layout":"","theme-transparent-header-meta":"","adv-header-id-meta":"","stick-header-meta":"","header-above-stick-meta":"","header-main-stick-meta":"","header-below-stick-meta":"","astra-migrate-meta-layouts":"default","ast-page-background-enabled":"default","ast-page-background-meta":{"desktop":{"background-color":"var(--ast-global-color-4)","background-image":"","background-repeat":"repeat","background-position":"center center","background-size":"auto","background-attachment":"scroll","background-type":"","background-media":"","overlay-type":"","overlay-color":"","overlay-opacity":"","overlay-gradient":""},"tablet":{"background-color":"","background-image":"","background-repeat":"repeat","background-position":"center center","background-size":"auto","background-attachment":"scroll","background-type":"","background-media":"","overlay-type":"","overlay-color":"","overlay-opacity":"","overlay-gradient":""},"mobile":{"background-color":"","background-image":"","background-repeat":"repeat","background-position":"center center","background-size":"auto","background-attachment":"scroll","background-type":"","background-media":"","overlay-type":"","overlay-color":"","overlay-opacity":"","overlay-gradient":""}},"ast-content-background-meta":{"desktop":{"background-color":"var(--ast-global-color-5)","background-image":"","background-repeat":"repeat","background-position":"center center","background-size":"auto","background-attachment":"scroll","background-type":"","background-media":"","overlay-type":"","overlay-color":"","overlay-opacity":"","overlay-gradient":""},"tablet":{"background-color":"var(--ast-global-color-5)","background-image":"","background-repeat":"repeat","background-position":"center center","background-size":"auto","background-attachment":"scroll","background-type":"","background-media":"","overlay-type":"","overlay-color":"","overlay-opacity":"","overlay-gradient":""},"mobile":{"background-color":"var(--ast-global-color-5)","background-image":"","background-repeat":"repeat","background-position":"center center","background-size":"auto","background-attachment":"scroll","background-type":"","background-media":"","overlay-type":"","overlay-color":"","overlay-opacity":"","overlay-gradient":""}},"footnotes":""},"categories":[296,1218,273],"tags":[1284,318,300],"class_list":["post-15882","post","type-post","status-publish","format-standard","has-post-thumbnail","hentry","category-llengua-de-signes","category-materials_fons","category-portada","tag-conte","tag-llengua-de-signes","tag-sordesa"],"post_mailing_queue_ids":[],"_links":{"self":[{"href":"https:\/\/serveiseducatius.xtec.cat\/creda-jordiperello\/wp-json\/wp\/v2\/posts\/15882","targetHints":{"allow":["GET"]}}],"collection":[{"href":"https:\/\/serveiseducatius.xtec.cat\/creda-jordiperello\/wp-json\/wp\/v2\/posts"}],"about":[{"href":"https:\/\/serveiseducatius.xtec.cat\/creda-jordiperello\/wp-json\/wp\/v2\/types\/post"}],"author":[{"embeddable":true,"href":"https:\/\/serveiseducatius.xtec.cat\/creda-jordiperello\/wp-json\/wp\/v2\/users\/1"}],"replies":[{"embeddable":true,"href":"https:\/\/serveiseducatius.xtec.cat\/creda-jordiperello\/wp-json\/wp\/v2\/comments?post=15882"}],"version-history":[{"count":3,"href":"https:\/\/serveiseducatius.xtec.cat\/creda-jordiperello\/wp-json\/wp\/v2\/posts\/15882\/revisions"}],"predecessor-version":[{"id":16167,"href":"https:\/\/serveiseducatius.xtec.cat\/creda-jordiperello\/wp-json\/wp\/v2\/posts\/15882\/revisions\/16167"}],"wp:featuredmedia":[{"embeddable":true,"href":"https:\/\/serveiseducatius.xtec.cat\/creda-jordiperello\/wp-json\/wp\/v2\/media\/15883"}],"wp:attachment":[{"href":"https:\/\/serveiseducatius.xtec.cat\/creda-jordiperello\/wp-json\/wp\/v2\/media?parent=15882"}],"wp:term":[{"taxonomy":"category","embeddable":true,"href":"https:\/\/serveiseducatius.xtec.cat\/creda-jordiperello\/wp-json\/wp\/v2\/categories?post=15882"},{"taxonomy":"post_tag","embeddable":true,"href":"https:\/\/serveiseducatius.xtec.cat\/creda-jordiperello\/wp-json\/wp\/v2\/tags?post=15882"}],"curies":[{"name":"wp","href":"https:\/\/api.w.org\/{rel}","templated":true}]}}