{"id":15036,"date":"2021-04-14T10:32:27","date_gmt":"2021-04-14T08:32:27","guid":{"rendered":"http:\/\/serveiseducatius.xtec.cat\/creda-jordiperello\/?p=15036"},"modified":"2021-10-02T18:57:20","modified_gmt":"2021-10-02T16:57:20","slug":"apps-per-modificar-la-veu","status":"publish","type":"post","link":"https:\/\/serveiseducatius.xtec.cat\/creda-jordiperello\/recursos-tac\/apps-per-modificar-la-veu\/","title":{"rendered":"Apps per modificar la veu"},"content":{"rendered":"<p>Avui us portem un parell d&#8217;apps que permeten fer modificacions amb la veu gravada. Una de les aplicacions \u00e9s nom\u00e9s per Android i es diu <strong>&#8220;Cambiador de voz con efectos&#8221;<\/strong> i l&#8217;altra \u00e9s diu <strong>&#8220;Cambiador de voz&#8221; (Voice Changer)<\/strong> i la trobareu a l&#8217;Apple Store (iOS). Totes dues s\u00f3n aplicacions b\u00e0siques per\u00f2 que poden ser interessants de cara a la nostra feina.<\/p>\n<p>La segona app t\u00e9 dues versions del mateix desenvolupador. La primera apareix amb el nom <strong>&#8220;Cambiador de Voz&#8221;<\/strong> i la segona amb <strong>&#8220;Voice Changer&#8221;<\/strong>. La segona, tot i tenir el paquet b\u00e0sic gratu\u00eft, t\u00e9 l&#8217;opci\u00f3 de comprar petits paquets amb m\u00e9s efectes, per\u00f2 el funcionament de les dues \u00e9s b\u00e0sicament el mateix: enregistres una paraula o una frase i pots modificar de manera molt senzilla la velocitat de reproducci\u00f3 i que soni amb altres efectes (m\u00e9s greu, m\u00e9s agut, m\u00e9s electr\u00f2nic&#8230;).<\/p>\n<p>Respecte a la primera, la nostra companya Neus Guill\u00f3 ens explica el seg\u00fcent:<\/p>\n<h6>&#8220;em va b\u00e9 perqu\u00e8 puc gravar la paraula o la frase que jo vulgui i modificar despr\u00e9s la veu al meu gust. \u00c9s molt b\u00e0sica per\u00f2 les veus que fa s\u00f3n divertides. La faig servir amb els alumnes petits (educaci\u00f3 infantil i cicle inicial) per fer activitats de detecci\u00f3 i localitzaci\u00f3 de so i per valorar l&#8217;audici\u00f3 segons vaig variant la veu (aguda o greu). Algunes de les activitats que faig s\u00f3n:<\/h6>\n<h6>&#8211; amago un nino per la classe, enregistro la meva veu dient frases diferents per exemple &#8220;Bon dia&#8230; (i el meu nom o el del nen) &#8221; , la canvio a veu &#8220;Infantil&#8221; i la faig sonar simulant que \u00e9s el nino que parla. Hem de trobar el nino, seguint el so del m\u00f2bil.<\/h6>\n<h6>&#8211; tinc uns ninos, un elefant (parla amb veu greu) i un mico (parla amb veu aguda). Enregistro una frase, cambio a veu aguda i greu, escoltem i hem d&#8217;endevinar qui \u00e9s el que parla, l&#8217;elefant o el mico.<\/h6>\n<h6>&#8211; com em permet treballar amb els audios que es creen, me&#8217;ls poso en presentacions en power point o a l&#8217;scratch per fer activitats tamb\u00e9 a l&#8217;ordinador.<\/h6>\n<table style=\"height: 472px;\" width=\"410\">\n<tbody>\n<tr>\n<td style=\"width: 133px;\"><a href=\"https:\/\/serveiseducatius.xtec.cat\/creda-jordiperello\/wp-content\/uploads\/usu975\/2021\/04\/Efectos-icono.jpg\"><img loading=\"lazy\" decoding=\"async\" class=\"size-large wp-image-15039 aligncenter\" src=\"https:\/\/serveiseducatius.xtec.cat\/creda-jordiperello\/wp-content\/uploads\/usu975\/2021\/04\/Efectos-icono.jpg\" alt=\"\" width=\"85\" height=\"82\" \/><\/a><\/td>\n<td style=\"width: 133px;\"><a href=\"https:\/\/serveiseducatius.xtec.cat\/creda-jordiperello\/wp-content\/uploads\/usu975\/2021\/04\/captura2.png\"><img loading=\"lazy\" decoding=\"async\" class=\"alignnone size-large wp-image-15041\" src=\"https:\/\/serveiseducatius.xtec.cat\/creda-jordiperello\/wp-content\/uploads\/usu975\/2021\/04\/captura2-512x1024.png\" alt=\"\" width=\"512\" height=\"1024\" srcset=\"https:\/\/serveiseducatius.xtec.cat\/creda-jordiperello\/wp-content\/uploads\/usu975\/2021\/04\/captura2-512x1024.png 512w, https:\/\/serveiseducatius.xtec.cat\/creda-jordiperello\/wp-content\/uploads\/usu975\/2021\/04\/captura2-150x300.png 150w, https:\/\/serveiseducatius.xtec.cat\/creda-jordiperello\/wp-content\/uploads\/usu975\/2021\/04\/captura2-768x1536.png 768w, https:\/\/serveiseducatius.xtec.cat\/creda-jordiperello\/wp-content\/uploads\/usu975\/2021\/04\/captura2.png 1080w\" sizes=\"auto, (max-width: 512px) 100vw, 512px\" \/><\/a><\/td>\n<td style=\"width: 134px;\"><strong>Cambiador de voz con efectos<\/strong><\/p>\n<p>Android<\/td>\n<\/tr>\n<tr>\n<td style=\"width: 133px;\"><a href=\"https:\/\/serveiseducatius.xtec.cat\/creda-jordiperello\/wp-content\/uploads\/usu975\/2021\/04\/Icona-gravadora-1.png\"><img loading=\"lazy\" decoding=\"async\" class=\"wp-image-15040 aligncenter\" src=\"https:\/\/serveiseducatius.xtec.cat\/creda-jordiperello\/wp-content\/uploads\/usu975\/2021\/04\/Icona-gravadora-1.png\" alt=\"\" width=\"86\" height=\"76\" \/><\/a><\/td>\n<td style=\"width: 133px;\"><a href=\"https:\/\/serveiseducatius.xtec.cat\/creda-jordiperello\/wp-content\/uploads\/usu975\/2021\/04\/Pantalla-inicial-Gravadora-1.jpg\"><img loading=\"lazy\" decoding=\"async\" class=\"alignnone size-large wp-image-15042\" src=\"https:\/\/serveiseducatius.xtec.cat\/creda-jordiperello\/wp-content\/uploads\/usu975\/2021\/04\/Pantalla-inicial-Gravadora-1-577x1024.jpg\" alt=\"\" width=\"577\" height=\"1024\" srcset=\"https:\/\/serveiseducatius.xtec.cat\/creda-jordiperello\/wp-content\/uploads\/usu975\/2021\/04\/Pantalla-inicial-Gravadora-1-577x1024.jpg 577w, https:\/\/serveiseducatius.xtec.cat\/creda-jordiperello\/wp-content\/uploads\/usu975\/2021\/04\/Pantalla-inicial-Gravadora-1-169x300.jpg 169w, https:\/\/serveiseducatius.xtec.cat\/creda-jordiperello\/wp-content\/uploads\/usu975\/2021\/04\/Pantalla-inicial-Gravadora-1.jpg 640w\" sizes=\"auto, (max-width: 577px) 100vw, 577px\" \/><\/a><\/td>\n<td style=\"width: 134px;\"><strong>Cambiador de voz<\/strong><\/p>\n<p>iOS<\/td>\n<\/tr>\n<\/tbody>\n<\/table>\n<p>&nbsp;<\/p>\n","protected":false},"excerpt":{"rendered":"<p>Avui us portem un parell d&#8217;apps que permeten fer modificacions amb la veu gravada. Una de les aplicacions \u00e9s nom\u00e9s per Android i es diu &#8220;Cambiador de voz con efectos&#8221; i l&#8217;altra \u00e9s diu &#8220;Cambiador de voz&#8221; (Voice Changer) i la trobareu a l&#8217;Apple Store (iOS). Totes dues s\u00f3n aplicacions b\u00e0siques per\u00f2 que poden ser interessants de cara a la nostra feina.<\/p>\n","protected":false},"author":1,"featured_media":15039,"comment_status":"closed","ping_status":"closed","sticky":false,"template":"","format":"standard","meta":{"_bbp_topic_count":0,"_bbp_reply_count":0,"_bbp_total_topic_count":0,"_bbp_total_reply_count":0,"_bbp_voice_count":0,"_bbp_anonymous_reply_count":0,"_bbp_topic_count_hidden":0,"_bbp_reply_count_hidden":0,"_bbp_forum_subforum_count":0,"site-sidebar-layout":"default","site-content-layout":"","ast-site-content-layout":"","site-content-style":"default","site-sidebar-style":"default","ast-global-header-display":"","ast-banner-title-visibility":"","ast-main-header-display":"","ast-hfb-above-header-display":"","ast-hfb-below-header-display":"","ast-hfb-mobile-header-display":"","site-post-title":"","ast-breadcrumbs-content":"","ast-featured-img":"","footer-sml-layout":"","theme-transparent-header-meta":"","adv-header-id-meta":"","stick-header-meta":"","header-above-stick-meta":"","header-main-stick-meta":"","header-below-stick-meta":"","astra-migrate-meta-layouts":"default","ast-page-background-enabled":"default","ast-page-background-meta":{"desktop":{"background-color":"var(--ast-global-color-4)","background-image":"","background-repeat":"repeat","background-position":"center center","background-size":"auto","background-attachment":"scroll","background-type":"","background-media":"","overlay-type":"","overlay-color":"","overlay-opacity":"","overlay-gradient":""},"tablet":{"background-color":"","background-image":"","background-repeat":"repeat","background-position":"center center","background-size":"auto","background-attachment":"scroll","background-type":"","background-media":"","overlay-type":"","overlay-color":"","overlay-opacity":"","overlay-gradient":""},"mobile":{"background-color":"","background-image":"","background-repeat":"repeat","background-position":"center center","background-size":"auto","background-attachment":"scroll","background-type":"","background-media":"","overlay-type":"","overlay-color":"","overlay-opacity":"","overlay-gradient":""}},"ast-content-background-meta":{"desktop":{"background-color":"var(--ast-global-color-5)","background-image":"","background-repeat":"repeat","background-position":"center center","background-size":"auto","background-attachment":"scroll","background-type":"","background-media":"","overlay-type":"","overlay-color":"","overlay-opacity":"","overlay-gradient":""},"tablet":{"background-color":"var(--ast-global-color-5)","background-image":"","background-repeat":"repeat","background-position":"center center","background-size":"auto","background-attachment":"scroll","background-type":"","background-media":"","overlay-type":"","overlay-color":"","overlay-opacity":"","overlay-gradient":""},"mobile":{"background-color":"var(--ast-global-color-5)","background-image":"","background-repeat":"repeat","background-position":"center center","background-size":"auto","background-attachment":"scroll","background-type":"","background-media":"","overlay-type":"","overlay-color":"","overlay-opacity":"","overlay-gradient":""}},"footnotes":""},"categories":[354,297,273,272],"tags":[1126,566,336,1396],"class_list":["post-15036","post","type-post","status-publish","format-standard","has-post-thumbnail","hentry","category-apps-alumnes","category-audiologia","category-portada","category-recursos-tac","tag-aplicacions","tag-app","tag-audicio","tag-veu"],"post_mailing_queue_ids":[],"_links":{"self":[{"href":"https:\/\/serveiseducatius.xtec.cat\/creda-jordiperello\/wp-json\/wp\/v2\/posts\/15036","targetHints":{"allow":["GET"]}}],"collection":[{"href":"https:\/\/serveiseducatius.xtec.cat\/creda-jordiperello\/wp-json\/wp\/v2\/posts"}],"about":[{"href":"https:\/\/serveiseducatius.xtec.cat\/creda-jordiperello\/wp-json\/wp\/v2\/types\/post"}],"author":[{"embeddable":true,"href":"https:\/\/serveiseducatius.xtec.cat\/creda-jordiperello\/wp-json\/wp\/v2\/users\/1"}],"replies":[{"embeddable":true,"href":"https:\/\/serveiseducatius.xtec.cat\/creda-jordiperello\/wp-json\/wp\/v2\/comments?post=15036"}],"version-history":[{"count":3,"href":"https:\/\/serveiseducatius.xtec.cat\/creda-jordiperello\/wp-json\/wp\/v2\/posts\/15036\/revisions"}],"predecessor-version":[{"id":15046,"href":"https:\/\/serveiseducatius.xtec.cat\/creda-jordiperello\/wp-json\/wp\/v2\/posts\/15036\/revisions\/15046"}],"wp:featuredmedia":[{"embeddable":true,"href":"https:\/\/serveiseducatius.xtec.cat\/creda-jordiperello\/wp-json\/wp\/v2\/media\/15039"}],"wp:attachment":[{"href":"https:\/\/serveiseducatius.xtec.cat\/creda-jordiperello\/wp-json\/wp\/v2\/media?parent=15036"}],"wp:term":[{"taxonomy":"category","embeddable":true,"href":"https:\/\/serveiseducatius.xtec.cat\/creda-jordiperello\/wp-json\/wp\/v2\/categories?post=15036"},{"taxonomy":"post_tag","embeddable":true,"href":"https:\/\/serveiseducatius.xtec.cat\/creda-jordiperello\/wp-json\/wp\/v2\/tags?post=15036"}],"curies":[{"name":"wp","href":"https:\/\/api.w.org\/{rel}","templated":true}]}}