{"id":14638,"date":"2020-06-18T12:15:35","date_gmt":"2020-06-18T10:15:35","guid":{"rendered":"http:\/\/serveiseducatius.xtec.cat\/creda-jordiperello\/?p=14638"},"modified":"2021-10-02T18:57:20","modified_gmt":"2021-10-02T16:57:20","slug":"quedatacasa-49-joc-del-lince-el-detective-de-la","status":"publish","type":"post","link":"https:\/\/serveiseducatius.xtec.cat\/creda-jordiperello\/general\/quedatacasa-49-joc-del-lince-el-detective-de-la\/","title":{"rendered":"#quedatacasa 49: Joc del Lince. El detective de la&#8230;"},"content":{"rendered":"<p style=\"text-align: justify;\">I com a pen\u00faltima activitat que us proposem del #quedatacasa, tot just abans de comen\u00e7ar les vacances escolars, us compartim unes que ens ha suggerit l&#8217;Elena Parra. Es tracta d&#8217;un paquet de sis activitats de fon\u00e8tica-fonologia creades per &#8220;<em>ComunicaLO Logopedia&#8221; <\/em>a partir del\u00a0conegut <em>Joc del Lince.\u00a0<\/em>Cadascuna de les activitats proposades est\u00e0 dedicada a un so concret. Aquest material necessita ser impr\u00e8s pr\u00e8viament.<\/p>\n<table style=\"height: 612px;\">\n<tbody>\n<tr style=\"height: 208px;\">\n<td style=\"height: 208px; width: 152px;\"><a href=\"https:\/\/drive.google.com\/file\/d\/1_y6ml7KV9jN0sziZU8GxNPI5zL1UgFtG\/view?usp=sharing\" target=\"_blank\" rel=\"noopener noreferrer\"><img loading=\"lazy\" decoding=\"async\" class=\"alignnone wp-image-14650\" src=\"https:\/\/serveiseducatius.xtec.cat\/creda-jordiperello\/wp-content\/uploads\/usu975\/2020\/06\/detective-D.png\" alt=\"\" width=\"132\" height=\"189\" srcset=\"https:\/\/serveiseducatius.xtec.cat\/creda-jordiperello\/wp-content\/uploads\/usu975\/2020\/06\/detective-D.png 451w, https:\/\/serveiseducatius.xtec.cat\/creda-jordiperello\/wp-content\/uploads\/usu975\/2020\/06\/detective-D-209x300.png 209w\" sizes=\"auto, (max-width: 132px) 100vw, 132px\" \/><\/a><\/td>\n<td style=\"height: 208px; width: 149px;\"><a href=\"https:\/\/drive.google.com\/file\/d\/1_uyhu6sHlhYuUxndZ6IyAmW5LaVzUGOr\/view?usp=sharing\" target=\"_blank\" rel=\"noopener noreferrer\"><img loading=\"lazy\" decoding=\"async\" class=\"alignnone wp-image-14651 size-full\" src=\"https:\/\/serveiseducatius.xtec.cat\/creda-jordiperello\/wp-content\/uploads\/usu975\/2020\/06\/detective-L.png\" alt=\"\" width=\"455\" height=\"641\" srcset=\"https:\/\/serveiseducatius.xtec.cat\/creda-jordiperello\/wp-content\/uploads\/usu975\/2020\/06\/detective-L.png 455w, https:\/\/serveiseducatius.xtec.cat\/creda-jordiperello\/wp-content\/uploads\/usu975\/2020\/06\/detective-L-213x300.png 213w\" sizes=\"auto, (max-width: 455px) 100vw, 455px\" \/><\/a><\/td>\n<\/tr>\n<tr style=\"height: 204px;\">\n<td style=\"height: 204px; width: 152px;\"><a href=\"https:\/\/drive.google.com\/file\/d\/1_uqGZ5rV6Uqx5ILsog3DZEXL1NpHNnvA\/view?usp=sharing\" target=\"_blank\" rel=\"noopener noreferrer\"><img loading=\"lazy\" decoding=\"async\" class=\"alignnone wp-image-14648\" src=\"https:\/\/serveiseducatius.xtec.cat\/creda-jordiperello\/wp-content\/uploads\/usu975\/2020\/06\/detective-R.png\" alt=\"\" width=\"131\" height=\"185\" srcset=\"https:\/\/serveiseducatius.xtec.cat\/creda-jordiperello\/wp-content\/uploads\/usu975\/2020\/06\/detective-R.png 451w, https:\/\/serveiseducatius.xtec.cat\/creda-jordiperello\/wp-content\/uploads\/usu975\/2020\/06\/detective-R-212x300.png 212w\" sizes=\"auto, (max-width: 131px) 100vw, 131px\" \/><\/a><\/td>\n<td style=\"height: 204px; width: 149px;\"><a href=\"https:\/\/drive.google.com\/file\/d\/1a4dXgVMzdZXoJgHQNnsgaxc9L0Wa2OGv\/view?usp=sharing\" target=\"_blank\" rel=\"noopener noreferrer\"><img loading=\"lazy\" decoding=\"async\" class=\"alignnone wp-image-14649\" src=\"https:\/\/serveiseducatius.xtec.cat\/creda-jordiperello\/wp-content\/uploads\/usu975\/2020\/06\/detective-RR.png\" alt=\"\" width=\"129\" height=\"183\" srcset=\"https:\/\/serveiseducatius.xtec.cat\/creda-jordiperello\/wp-content\/uploads\/usu975\/2020\/06\/detective-RR.png 454w, https:\/\/serveiseducatius.xtec.cat\/creda-jordiperello\/wp-content\/uploads\/usu975\/2020\/06\/detective-RR-211x300.png 211w\" sizes=\"auto, (max-width: 129px) 100vw, 129px\" \/><\/a><\/td>\n<\/tr>\n<tr style=\"height: 200px;\">\n<td style=\"height: 200px; width: 152px;\"><a href=\"https:\/\/drive.google.com\/file\/d\/1a4Wx25jO9xwnGSShI6skNz-BJHnr-uIm\/view?usp=sharing\" target=\"_blank\" rel=\"noopener noreferrer\"><img loading=\"lazy\" decoding=\"async\" class=\"alignnone wp-image-14647\" src=\"https:\/\/serveiseducatius.xtec.cat\/creda-jordiperello\/wp-content\/uploads\/usu975\/2020\/06\/detective-S.png\" alt=\"\" width=\"129\" height=\"181\" srcset=\"https:\/\/serveiseducatius.xtec.cat\/creda-jordiperello\/wp-content\/uploads\/usu975\/2020\/06\/detective-S.png 456w, https:\/\/serveiseducatius.xtec.cat\/creda-jordiperello\/wp-content\/uploads\/usu975\/2020\/06\/detective-S-213x300.png 213w\" sizes=\"auto, (max-width: 129px) 100vw, 129px\" \/><\/a><\/td>\n<td style=\"height: 200px; width: 149px;\"><a href=\"https:\/\/drive.google.com\/file\/d\/1a0ekuOu7_Oihf6Dyi-qrMclYaUKzgNzx\/view?usp=sharing\" target=\"_blank\" rel=\"noopener noreferrer\"><img loading=\"lazy\" decoding=\"async\" class=\"alignnone wp-image-14646\" src=\"https:\/\/serveiseducatius.xtec.cat\/creda-jordiperello\/wp-content\/uploads\/usu975\/2020\/06\/detective-Z.png\" alt=\"\" width=\"127\" height=\"179\" srcset=\"https:\/\/serveiseducatius.xtec.cat\/creda-jordiperello\/wp-content\/uploads\/usu975\/2020\/06\/detective-Z.png 456w, https:\/\/serveiseducatius.xtec.cat\/creda-jordiperello\/wp-content\/uploads\/usu975\/2020\/06\/detective-Z-213x300.png 213w\" sizes=\"auto, (max-width: 127px) 100vw, 127px\" \/><\/a><\/td>\n<\/tr>\n<\/tbody>\n<\/table>\n<p>&nbsp;<\/p>\n","protected":false},"excerpt":{"rendered":"<p>I com a pen\u00faltima activitat que us proposem del #quedatacasa, tot just abans de comen\u00e7ar les vacances escolars, us compartim unes que ens ha suggerit l&#8217;Elena Parra. Es tracta d&#8217;un paquet de sis activitats de fon\u00e8tica-fonologia creades per &#8220;ComunicaLO Logopedia&#8221; a partir del\u00a0conegut Joc del Lince.\u00a0Cadascuna de les activitats proposades est\u00e0 dedicada a un so [&hellip;]<\/p>\n","protected":false},"author":1,"featured_media":0,"comment_status":"closed","ping_status":"closed","sticky":false,"template":"","format":"standard","meta":{"_bbp_topic_count":0,"_bbp_reply_count":0,"_bbp_total_topic_count":0,"_bbp_total_reply_count":0,"_bbp_voice_count":0,"_bbp_anonymous_reply_count":0,"_bbp_topic_count_hidden":0,"_bbp_reply_count_hidden":0,"_bbp_forum_subforum_count":0,"site-sidebar-layout":"default","site-content-layout":"","ast-site-content-layout":"","site-content-style":"default","site-sidebar-style":"default","ast-global-header-display":"","ast-banner-title-visibility":"","ast-main-header-display":"","ast-hfb-above-header-display":"","ast-hfb-below-header-display":"","ast-hfb-mobile-header-display":"","site-post-title":"","ast-breadcrumbs-content":"","ast-featured-img":"","footer-sml-layout":"","theme-transparent-header-meta":"","adv-header-id-meta":"","stick-header-meta":"","header-above-stick-meta":"","header-main-stick-meta":"","header-below-stick-meta":"","astra-migrate-meta-layouts":"default","ast-page-background-enabled":"default","ast-page-background-meta":{"desktop":{"background-color":"var(--ast-global-color-4)","background-image":"","background-repeat":"repeat","background-position":"center center","background-size":"auto","background-attachment":"scroll","background-type":"","background-media":"","overlay-type":"","overlay-color":"","overlay-opacity":"","overlay-gradient":""},"tablet":{"background-color":"","background-image":"","background-repeat":"repeat","background-position":"center center","background-size":"auto","background-attachment":"scroll","background-type":"","background-media":"","overlay-type":"","overlay-color":"","overlay-opacity":"","overlay-gradient":""},"mobile":{"background-color":"","background-image":"","background-repeat":"repeat","background-position":"center center","background-size":"auto","background-attachment":"scroll","background-type":"","background-media":"","overlay-type":"","overlay-color":"","overlay-opacity":"","overlay-gradient":""}},"ast-content-background-meta":{"desktop":{"background-color":"var(--ast-global-color-5)","background-image":"","background-repeat":"repeat","background-position":"center center","background-size":"auto","background-attachment":"scroll","background-type":"","background-media":"","overlay-type":"","overlay-color":"","overlay-opacity":"","overlay-gradient":""},"tablet":{"background-color":"var(--ast-global-color-5)","background-image":"","background-repeat":"repeat","background-position":"center center","background-size":"auto","background-attachment":"scroll","background-type":"","background-media":"","overlay-type":"","overlay-color":"","overlay-opacity":"","overlay-gradient":""},"mobile":{"background-color":"var(--ast-global-color-5)","background-image":"","background-repeat":"repeat","background-position":"center center","background-size":"auto","background-attachment":"scroll","background-type":"","background-media":"","overlay-type":"","overlay-color":"","overlay-opacity":"","overlay-gradient":""}},"footnotes":""},"categories":[266,1,273],"tags":[1279,1280,476,477,835],"class_list":["post-14638","post","type-post","status-publish","format-standard","hentry","category-fonetica-fonologia","category-general","category-portada","tag-activitats","tag-confinament","tag-fonetica","tag-fonologia","tag-logopedia"],"post_mailing_queue_ids":[],"_links":{"self":[{"href":"https:\/\/serveiseducatius.xtec.cat\/creda-jordiperello\/wp-json\/wp\/v2\/posts\/14638","targetHints":{"allow":["GET"]}}],"collection":[{"href":"https:\/\/serveiseducatius.xtec.cat\/creda-jordiperello\/wp-json\/wp\/v2\/posts"}],"about":[{"href":"https:\/\/serveiseducatius.xtec.cat\/creda-jordiperello\/wp-json\/wp\/v2\/types\/post"}],"author":[{"embeddable":true,"href":"https:\/\/serveiseducatius.xtec.cat\/creda-jordiperello\/wp-json\/wp\/v2\/users\/1"}],"replies":[{"embeddable":true,"href":"https:\/\/serveiseducatius.xtec.cat\/creda-jordiperello\/wp-json\/wp\/v2\/comments?post=14638"}],"version-history":[{"count":3,"href":"https:\/\/serveiseducatius.xtec.cat\/creda-jordiperello\/wp-json\/wp\/v2\/posts\/14638\/revisions"}],"predecessor-version":[{"id":14659,"href":"https:\/\/serveiseducatius.xtec.cat\/creda-jordiperello\/wp-json\/wp\/v2\/posts\/14638\/revisions\/14659"}],"wp:attachment":[{"href":"https:\/\/serveiseducatius.xtec.cat\/creda-jordiperello\/wp-json\/wp\/v2\/media?parent=14638"}],"wp:term":[{"taxonomy":"category","embeddable":true,"href":"https:\/\/serveiseducatius.xtec.cat\/creda-jordiperello\/wp-json\/wp\/v2\/categories?post=14638"},{"taxonomy":"post_tag","embeddable":true,"href":"https:\/\/serveiseducatius.xtec.cat\/creda-jordiperello\/wp-json\/wp\/v2\/tags?post=14638"}],"curies":[{"name":"wp","href":"https:\/\/api.w.org\/{rel}","templated":true}]}}