{"id":14632,"date":"2020-06-18T01:58:33","date_gmt":"2020-06-17T23:58:33","guid":{"rendered":"http:\/\/serveiseducatius.xtec.cat\/creda-jordiperello\/?p=14632"},"modified":"2021-10-02T18:57:21","modified_gmt":"2021-10-02T16:57:21","slug":"quedatacasa-48-els-tres-porquets-en-llengua-de-signes-vv","status":"publish","type":"post","link":"https:\/\/serveiseducatius.xtec.cat\/creda-jordiperello\/portada\/quedatacasa-48-els-tres-porquets-en-llengua-de-signes-vv\/","title":{"rendered":"#quedatacasa 48: &#8220;Els tres porquets&#8221; en llengua de signes (VV)"},"content":{"rendered":"<p style=\"text-align: justify;\">A les portes de l&#8217;acabament del curs, us portem una activitat ben particular. Despr\u00e9s de molts dies d&#8217;activitats de tot tipus on heu treballat de valent, avui us convidem a una on nom\u00e9s us cal &#8220;mirar&#8221; i &#8220;gaudir&#8221;. \u00c9s un v\u00eddeo que ha fet el Mateo Rodr\u00edguez, alumne sordsignant de l&#8217;Institut Vall\u00e8s de Sabadell, que durant el confinament ha preparat el conte d&#8217;<em>Els tres porquets <\/em>en un g\u00e8nere literari propi de les lleng\u00fces de signes anomenat <em>Visual Vernacular<\/em> (VV). Les hist\u00f2ries narrades en <em>Visual Vernacular<\/em> es caracteritzen, totes elles, per un \u00fas molt gran de <em><a href=\"https:\/\/blogs.iec.cat\/lsc\/gramatica\/classificadors\/\">classificadors <\/a><\/em>la qual cosa fa que els textos creats en aquest g\u00e8nere literari siguin molt &#8220;transparents&#8221; als usuaris d&#8217;altres lleng\u00fces de signes del m\u00f3n. Esperem que gaudiu dels poc m\u00e9s de tres minuts que dura aquest conte tan especial que, segurament, encara que no sigueu usuaris de la llengua de signes catalana podreu seguir i entendre for\u00e7a b\u00e9. Per cert, el t\u00edtol que apareix al peu del v\u00eddeo, &#8220;Los tres chanchos&#8221;, \u00e9s com es coneix aquest conte a l&#8217;Argentina d&#8217;on procedeix la familia del Mateo.<\/p>\n<div class=\"ast-oembed-container \" style=\"height: 100%;\"><iframe loading=\"lazy\" title=\"VV ( VISUAL VERN\u00c1CULAR ) \u201c LOS TRES CHANCHOS\" width=\"500\" height=\"281\" src=\"https:\/\/www.youtube.com\/embed\/q7qzR91XQ80?feature=oembed\" frameborder=\"0\" allow=\"accelerometer; autoplay; clipboard-write; encrypted-media; gyroscope; picture-in-picture; web-share\" referrerpolicy=\"strict-origin-when-cross-origin\" allowfullscreen><\/iframe><\/div>\n","protected":false},"excerpt":{"rendered":"<p>A les portes de l&#8217;acabament del curs, us portem una activitat ben particular. Despr\u00e9s de molts dies d&#8217;activitats de tot tipus on heu treballat de valent, avui us convidem a una on nom\u00e9s us cal &#8220;mirar&#8221; i &#8220;gaudir&#8221;. \u00c9s un v\u00eddeo que ha fet el Mateo Rodr\u00edguez, alumne sordsignant de l&#8217;Institut Vall\u00e8s de Sabadell, que [&hellip;]<\/p>\n","protected":false},"author":1,"featured_media":14635,"comment_status":"closed","ping_status":"closed","sticky":false,"template":"","format":"standard","meta":{"_bbp_topic_count":0,"_bbp_reply_count":0,"_bbp_total_topic_count":0,"_bbp_total_reply_count":0,"_bbp_voice_count":0,"_bbp_anonymous_reply_count":0,"_bbp_topic_count_hidden":0,"_bbp_reply_count_hidden":0,"_bbp_forum_subforum_count":0,"site-sidebar-layout":"default","site-content-layout":"","ast-site-content-layout":"","site-content-style":"default","site-sidebar-style":"default","ast-global-header-display":"","ast-banner-title-visibility":"","ast-main-header-display":"","ast-hfb-above-header-display":"","ast-hfb-below-header-display":"","ast-hfb-mobile-header-display":"","site-post-title":"","ast-breadcrumbs-content":"","ast-featured-img":"","footer-sml-layout":"","theme-transparent-header-meta":"","adv-header-id-meta":"","stick-header-meta":"","header-above-stick-meta":"","header-main-stick-meta":"","header-below-stick-meta":"","astra-migrate-meta-layouts":"default","ast-page-background-enabled":"default","ast-page-background-meta":{"desktop":{"background-color":"var(--ast-global-color-4)","background-image":"","background-repeat":"repeat","background-position":"center center","background-size":"auto","background-attachment":"scroll","background-type":"","background-media":"","overlay-type":"","overlay-color":"","overlay-opacity":"","overlay-gradient":""},"tablet":{"background-color":"","background-image":"","background-repeat":"repeat","background-position":"center center","background-size":"auto","background-attachment":"scroll","background-type":"","background-media":"","overlay-type":"","overlay-color":"","overlay-opacity":"","overlay-gradient":""},"mobile":{"background-color":"","background-image":"","background-repeat":"repeat","background-position":"center center","background-size":"auto","background-attachment":"scroll","background-type":"","background-media":"","overlay-type":"","overlay-color":"","overlay-opacity":"","overlay-gradient":""}},"ast-content-background-meta":{"desktop":{"background-color":"var(--ast-global-color-5)","background-image":"","background-repeat":"repeat","background-position":"center center","background-size":"auto","background-attachment":"scroll","background-type":"","background-media":"","overlay-type":"","overlay-color":"","overlay-opacity":"","overlay-gradient":""},"tablet":{"background-color":"var(--ast-global-color-5)","background-image":"","background-repeat":"repeat","background-position":"center center","background-size":"auto","background-attachment":"scroll","background-type":"","background-media":"","overlay-type":"","overlay-color":"","overlay-opacity":"","overlay-gradient":""},"mobile":{"background-color":"var(--ast-global-color-5)","background-image":"","background-repeat":"repeat","background-position":"center center","background-size":"auto","background-attachment":"scroll","background-type":"","background-media":"","overlay-type":"","overlay-color":"","overlay-opacity":"","overlay-gradient":""}},"footnotes":""},"categories":[296,273],"tags":[1279,1280,1284,318],"class_list":["post-14632","post","type-post","status-publish","format-standard","has-post-thumbnail","hentry","category-llengua-de-signes","category-portada","tag-activitats","tag-confinament","tag-conte","tag-llengua-de-signes"],"post_mailing_queue_ids":[],"_links":{"self":[{"href":"https:\/\/serveiseducatius.xtec.cat\/creda-jordiperello\/wp-json\/wp\/v2\/posts\/14632","targetHints":{"allow":["GET"]}}],"collection":[{"href":"https:\/\/serveiseducatius.xtec.cat\/creda-jordiperello\/wp-json\/wp\/v2\/posts"}],"about":[{"href":"https:\/\/serveiseducatius.xtec.cat\/creda-jordiperello\/wp-json\/wp\/v2\/types\/post"}],"author":[{"embeddable":true,"href":"https:\/\/serveiseducatius.xtec.cat\/creda-jordiperello\/wp-json\/wp\/v2\/users\/1"}],"replies":[{"embeddable":true,"href":"https:\/\/serveiseducatius.xtec.cat\/creda-jordiperello\/wp-json\/wp\/v2\/comments?post=14632"}],"version-history":[{"count":3,"href":"https:\/\/serveiseducatius.xtec.cat\/creda-jordiperello\/wp-json\/wp\/v2\/posts\/14632\/revisions"}],"predecessor-version":[{"id":14637,"href":"https:\/\/serveiseducatius.xtec.cat\/creda-jordiperello\/wp-json\/wp\/v2\/posts\/14632\/revisions\/14637"}],"wp:featuredmedia":[{"embeddable":true,"href":"https:\/\/serveiseducatius.xtec.cat\/creda-jordiperello\/wp-json\/wp\/v2\/media\/14635"}],"wp:attachment":[{"href":"https:\/\/serveiseducatius.xtec.cat\/creda-jordiperello\/wp-json\/wp\/v2\/media?parent=14632"}],"wp:term":[{"taxonomy":"category","embeddable":true,"href":"https:\/\/serveiseducatius.xtec.cat\/creda-jordiperello\/wp-json\/wp\/v2\/categories?post=14632"},{"taxonomy":"post_tag","embeddable":true,"href":"https:\/\/serveiseducatius.xtec.cat\/creda-jordiperello\/wp-json\/wp\/v2\/tags?post=14632"}],"curies":[{"name":"wp","href":"https:\/\/api.w.org\/{rel}","templated":true}]}}