{"id":12696,"date":"2019-02-20T10:58:54","date_gmt":"2019-02-20T09:58:54","guid":{"rendered":"http:\/\/serveiseducatius.xtec.cat\/creda-jordiperello\/?p=12696"},"modified":"2019-02-20T11:00:01","modified_gmt":"2019-02-20T10:00:01","slug":"la-uoc-organitza-la-ii-jornada-trastornos-de-la-comunicacion-y-de-la-deglucion","status":"publish","type":"post","link":"https:\/\/serveiseducatius.xtec.cat\/creda-jordiperello\/general\/la-uoc-organitza-la-ii-jornada-trastornos-de-la-comunicacion-y-de-la-deglucion\/","title":{"rendered":"La UOC organitza la &#8220;II Jornada Trastornos de la Comunicaci\u00f3n y de la Degluci\u00f3n&#8221;"},"content":{"rendered":"<div dir=\"ltr\"><\/div>\n<div dir=\"ltr\" style=\"text-align: justify;\">La <em>Universitat Oberta de Catalunya<\/em> (UOC) organitza la <strong>II<\/strong>\u00a0<strong>Jornada Trastornos de la Comunicaci\u00f3n y de la Degluci\u00f3n\u00a0<\/strong>que es celebrar\u00e0 el proper 30 de mar\u00e7\u00a0 dins del marc del Grau de Logop\u00e8dia de la UVic-Ucc, UOC.<\/div>\n<div dir=\"ltr\" style=\"text-align: justify;\"><\/div>\n<div dir=\"ltr\" style=\"text-align: justify;\">Aquesta jornada<b> <\/b>aborda l&#8217;\u00e0rea de coneixement cient\u00edfic sobre les patologies del llenguatge, la comunicaci\u00f3, la parla, la veu, l&#8217;audici\u00f3 i la degluci\u00f3 i, segons s&#8217;informa al seu web,\u00a0s\u00f3n d&#8217;inter\u00e8s general per a investigadors i professionals de les \u00e0rees de la salud i l&#8217;educaci\u00f3 que treballin amb aquestes patologies, com \u00e9s el cas dels logopedes.<\/div>\n<div dir=\"ltr\" style=\"text-align: justify;\"><\/div>\n<div dir=\"ltr\" style=\"text-align: justify;\">La jornada es celebrar\u00e0 al P<span style=\"font-family: inherit; font-size: 1em;\">alau Macaya situat al Passeig de Sant Joan, 108, 08037 Barcelona, i\u00a0est\u00e0 reconoguda pel Departament d&#8217;Ensenyament de la Generalitat de Catalunya com a formaci\u00f3 permanent del professorat.<\/span><\/div>\n<div dir=\"ltr\" style=\"text-align: justify;\"><\/div>\n<div dir=\"ltr\" style=\"text-align: justify;\">Per a m\u00e9s informaci\u00f3 podeu consultar la seg\u00fcent p\u00e0gina web:\u00a0<a href=\"https:\/\/symposium.uoc.edu\/28954\/detail\/ii-jornada-trastornos-de-la-comunicacion-y-de-la-deglucion.html\">II Jornada Trastorns de la Comunicaci\u00f3 i de la Degluci\u00f3<\/a><\/div>\n","protected":false},"excerpt":{"rendered":"<p>La Universitat Oberta de Catalunya (UOC) organitza la II\u00a0Jornada Trastornos de la Comunicaci\u00f3n y de la Degluci\u00f3n\u00a0que es celebrar\u00e0 el proper 30 de mar\u00e7\u00a0 dins del marc del Grau de Logop\u00e8dia de la UVic-Ucc, UOC.<\/p>\n","protected":false},"author":1,"featured_media":12705,"comment_status":"open","ping_status":"closed","sticky":false,"template":"","format":"standard","meta":{"_bbp_topic_count":0,"_bbp_reply_count":0,"_bbp_total_topic_count":0,"_bbp_total_reply_count":0,"_bbp_voice_count":0,"_bbp_anonymous_reply_count":0,"_bbp_topic_count_hidden":0,"_bbp_reply_count_hidden":0,"_bbp_forum_subforum_count":0,"site-sidebar-layout":"default","site-content-layout":"","ast-site-content-layout":"","site-content-style":"default","site-sidebar-style":"default","ast-global-header-display":"","ast-banner-title-visibility":"","ast-main-header-display":"","ast-hfb-above-header-display":"","ast-hfb-below-header-display":"","ast-hfb-mobile-header-display":"","site-post-title":"","ast-breadcrumbs-content":"","ast-featured-img":"","footer-sml-layout":"","theme-transparent-header-meta":"","adv-header-id-meta":"","stick-header-meta":"","header-above-stick-meta":"","header-main-stick-meta":"","header-below-stick-meta":"","astra-migrate-meta-layouts":"default","ast-page-background-enabled":"default","ast-page-background-meta":{"desktop":{"background-color":"var(--ast-global-color-4)","background-image":"","background-repeat":"repeat","background-position":"center center","background-size":"auto","background-attachment":"scroll","background-type":"","background-media":"","overlay-type":"","overlay-color":"","overlay-opacity":"","overlay-gradient":""},"tablet":{"background-color":"","background-image":"","background-repeat":"repeat","background-position":"center center","background-size":"auto","background-attachment":"scroll","background-type":"","background-media":"","overlay-type":"","overlay-color":"","overlay-opacity":"","overlay-gradient":""},"mobile":{"background-color":"","background-image":"","background-repeat":"repeat","background-position":"center center","background-size":"auto","background-attachment":"scroll","background-type":"","background-media":"","overlay-type":"","overlay-color":"","overlay-opacity":"","overlay-gradient":""}},"ast-content-background-meta":{"desktop":{"background-color":"var(--ast-global-color-5)","background-image":"","background-repeat":"repeat","background-position":"center center","background-size":"auto","background-attachment":"scroll","background-type":"","background-media":"","overlay-type":"","overlay-color":"","overlay-opacity":"","overlay-gradient":""},"tablet":{"background-color":"var(--ast-global-color-5)","background-image":"","background-repeat":"repeat","background-position":"center center","background-size":"auto","background-attachment":"scroll","background-type":"","background-media":"","overlay-type":"","overlay-color":"","overlay-opacity":"","overlay-gradient":""},"mobile":{"background-color":"var(--ast-global-color-5)","background-image":"","background-repeat":"repeat","background-position":"center center","background-size":"auto","background-attachment":"scroll","background-type":"","background-media":"","overlay-type":"","overlay-color":"","overlay-opacity":"","overlay-gradient":""}},"footnotes":""},"categories":[288,1,273],"tags":[554,835,1151],"class_list":["post-12696","post","type-post","status-publish","format-standard","has-post-thumbnail","hentry","category-formacio","category-general","category-portada","tag-formacio","tag-logopedia","tag-uoc"],"post_mailing_queue_ids":[],"_links":{"self":[{"href":"https:\/\/serveiseducatius.xtec.cat\/creda-jordiperello\/wp-json\/wp\/v2\/posts\/12696","targetHints":{"allow":["GET"]}}],"collection":[{"href":"https:\/\/serveiseducatius.xtec.cat\/creda-jordiperello\/wp-json\/wp\/v2\/posts"}],"about":[{"href":"https:\/\/serveiseducatius.xtec.cat\/creda-jordiperello\/wp-json\/wp\/v2\/types\/post"}],"author":[{"embeddable":true,"href":"https:\/\/serveiseducatius.xtec.cat\/creda-jordiperello\/wp-json\/wp\/v2\/users\/1"}],"replies":[{"embeddable":true,"href":"https:\/\/serveiseducatius.xtec.cat\/creda-jordiperello\/wp-json\/wp\/v2\/comments?post=12696"}],"version-history":[{"count":3,"href":"https:\/\/serveiseducatius.xtec.cat\/creda-jordiperello\/wp-json\/wp\/v2\/posts\/12696\/revisions"}],"predecessor-version":[{"id":12710,"href":"https:\/\/serveiseducatius.xtec.cat\/creda-jordiperello\/wp-json\/wp\/v2\/posts\/12696\/revisions\/12710"}],"wp:featuredmedia":[{"embeddable":true,"href":"https:\/\/serveiseducatius.xtec.cat\/creda-jordiperello\/wp-json\/wp\/v2\/media\/12705"}],"wp:attachment":[{"href":"https:\/\/serveiseducatius.xtec.cat\/creda-jordiperello\/wp-json\/wp\/v2\/media?parent=12696"}],"wp:term":[{"taxonomy":"category","embeddable":true,"href":"https:\/\/serveiseducatius.xtec.cat\/creda-jordiperello\/wp-json\/wp\/v2\/categories?post=12696"},{"taxonomy":"post_tag","embeddable":true,"href":"https:\/\/serveiseducatius.xtec.cat\/creda-jordiperello\/wp-json\/wp\/v2\/tags?post=12696"}],"curies":[{"name":"wp","href":"https:\/\/api.w.org\/{rel}","templated":true}]}}