{"id":12051,"date":"2018-09-12T11:55:14","date_gmt":"2018-09-12T09:55:14","guid":{"rendered":"http:\/\/serveiseducatius.xtec.cat\/creda-jordiperello\/?p=12051"},"modified":"2018-09-12T11:56:02","modified_gmt":"2018-09-12T09:56:02","slug":"el-video-a-les-entrevistes-amb-les-families","status":"publish","type":"post","link":"https:\/\/serveiseducatius.xtec.cat\/creda-jordiperello\/families\/el-video-a-les-entrevistes-amb-les-families\/","title":{"rendered":"El v\u00eddeo a les entrevistes amb les fam\u00edlies"},"content":{"rendered":"<p style=\"text-align: justify;\">S&#8217;ha publicat a la revista Guix d&#8217;Infantil (n\u00famero 95 de Juliol-Agost 2018) un article de la Mar Pastor, la Bet Garriga (tutora) i la Carola Garriga (Mall) titulat &#8220;Ja hi som tots! El v\u00eddeo a les entrevistes amb les fam\u00edlies&#8221;.<\/p>\n<p style=\"text-align: justify;\"><a href=\"http:\/\/serveiseducatius.xtec.cat\/creda-jordiperello\/wp-content\/uploads\/usu975\/2018\/09\/PHOTO-2018-09-07-11-40-57.jpg\"><img loading=\"lazy\" decoding=\"async\" class=\"wp-image-12053 alignleft\" src=\"http:\/\/serveiseducatius.xtec.cat\/creda-jordiperello\/wp-content\/uploads\/usu975\/2018\/09\/PHOTO-2018-09-07-11-40-57.jpg\" alt=\"\" width=\"215\" height=\"250\" \/><\/a>En aquest article s&#8217;explica l&#8217;experi\u00e8ncia de l&#8217;\u00fas del v\u00eddeo a les entrevistes familiars a l&#8217;Escola Bellaterra, centre d&#8217;agrupament d&#8217;alumnat amb sordesa. La idea consisteix a enregistrar fragments de la vida di\u00e0ria de l&#8217;infant a l&#8217;escola per poder-los mostrar a les fam\u00edlies, amb l&#8217;objectiu de fomentar l&#8217;apropament de les mares i els pares al centre i de generar un espai dist\u00e8s on les fam\u00edlies se sentin segures.<\/p>\n<p style=\"text-align: justify;\">Per si voleu llegir l&#8217;article, us adjuntem una c\u00f2pia en pdf. Tamb\u00e9 podeu trobar la revista al nostre CREDA.<\/p>\n<p><a href=\"http:\/\/serveiseducatius.xtec.cat\/creda-jordiperello\/wp-content\/uploads\/usu975\/2018\/09\/Ja-hi-som-tots.pdf\">Article: Ja hi som tots!<\/a><\/p>\n","protected":false},"excerpt":{"rendered":"<p>S&#8217;ha publicat a la revista Guix d&#8217;Infantil (n\u00famero 95 de Juliol-Agost 2018) un article de la Mar Pastor, la Bet Garriga (tutora) i la Carola Garriga (Mall) titulat &#8220;Ja hi som tots! El v\u00eddeo a les entrevistes amb les fam\u00edlies&#8221;. En aquest article s&#8217;explica l&#8217;experi\u00e8ncia de l&#8217;\u00fas del v\u00eddeo a les entrevistes familiars a l&#8217;Escola [&hellip;]<\/p>\n","protected":false},"author":1,"featured_media":12053,"comment_status":"open","ping_status":"closed","sticky":false,"template":"","format":"standard","meta":{"_bbp_topic_count":0,"_bbp_reply_count":0,"_bbp_total_topic_count":0,"_bbp_total_reply_count":0,"_bbp_voice_count":0,"_bbp_anonymous_reply_count":0,"_bbp_topic_count_hidden":0,"_bbp_reply_count_hidden":0,"_bbp_forum_subforum_count":0,"site-sidebar-layout":"default","site-content-layout":"","ast-site-content-layout":"","site-content-style":"default","site-sidebar-style":"default","ast-global-header-display":"","ast-banner-title-visibility":"","ast-main-header-display":"","ast-hfb-above-header-display":"","ast-hfb-below-header-display":"","ast-hfb-mobile-header-display":"","site-post-title":"","ast-breadcrumbs-content":"","ast-featured-img":"","footer-sml-layout":"","theme-transparent-header-meta":"","adv-header-id-meta":"","stick-header-meta":"","header-above-stick-meta":"","header-main-stick-meta":"","header-below-stick-meta":"","astra-migrate-meta-layouts":"default","ast-page-background-enabled":"default","ast-page-background-meta":{"desktop":{"background-color":"var(--ast-global-color-4)","background-image":"","background-repeat":"repeat","background-position":"center center","background-size":"auto","background-attachment":"scroll","background-type":"","background-media":"","overlay-type":"","overlay-color":"","overlay-opacity":"","overlay-gradient":""},"tablet":{"background-color":"","background-image":"","background-repeat":"repeat","background-position":"center center","background-size":"auto","background-attachment":"scroll","background-type":"","background-media":"","overlay-type":"","overlay-color":"","overlay-opacity":"","overlay-gradient":""},"mobile":{"background-color":"","background-image":"","background-repeat":"repeat","background-position":"center center","background-size":"auto","background-attachment":"scroll","background-type":"","background-media":"","overlay-type":"","overlay-color":"","overlay-opacity":"","overlay-gradient":""}},"ast-content-background-meta":{"desktop":{"background-color":"var(--ast-global-color-5)","background-image":"","background-repeat":"repeat","background-position":"center center","background-size":"auto","background-attachment":"scroll","background-type":"","background-media":"","overlay-type":"","overlay-color":"","overlay-opacity":"","overlay-gradient":""},"tablet":{"background-color":"var(--ast-global-color-5)","background-image":"","background-repeat":"repeat","background-position":"center center","background-size":"auto","background-attachment":"scroll","background-type":"","background-media":"","overlay-type":"","overlay-color":"","overlay-opacity":"","overlay-gradient":""},"mobile":{"background-color":"var(--ast-global-color-5)","background-image":"","background-repeat":"repeat","background-position":"center center","background-size":"auto","background-attachment":"scroll","background-type":"","background-media":"","overlay-type":"","overlay-color":"","overlay-opacity":"","overlay-gradient":""}},"footnotes":""},"categories":[271,273],"tags":[1049,610,1051,1050],"class_list":["post-12051","post","type-post","status-publish","format-standard","has-post-thumbnail","hentry","category-families","category-portada","tag-article","tag-educacio-de-sords","tag-families","tag-video"],"post_mailing_queue_ids":[],"_links":{"self":[{"href":"https:\/\/serveiseducatius.xtec.cat\/creda-jordiperello\/wp-json\/wp\/v2\/posts\/12051","targetHints":{"allow":["GET"]}}],"collection":[{"href":"https:\/\/serveiseducatius.xtec.cat\/creda-jordiperello\/wp-json\/wp\/v2\/posts"}],"about":[{"href":"https:\/\/serveiseducatius.xtec.cat\/creda-jordiperello\/wp-json\/wp\/v2\/types\/post"}],"author":[{"embeddable":true,"href":"https:\/\/serveiseducatius.xtec.cat\/creda-jordiperello\/wp-json\/wp\/v2\/users\/1"}],"replies":[{"embeddable":true,"href":"https:\/\/serveiseducatius.xtec.cat\/creda-jordiperello\/wp-json\/wp\/v2\/comments?post=12051"}],"version-history":[{"count":2,"href":"https:\/\/serveiseducatius.xtec.cat\/creda-jordiperello\/wp-json\/wp\/v2\/posts\/12051\/revisions"}],"predecessor-version":[{"id":12056,"href":"https:\/\/serveiseducatius.xtec.cat\/creda-jordiperello\/wp-json\/wp\/v2\/posts\/12051\/revisions\/12056"}],"wp:featuredmedia":[{"embeddable":true,"href":"https:\/\/serveiseducatius.xtec.cat\/creda-jordiperello\/wp-json\/wp\/v2\/media\/12053"}],"wp:attachment":[{"href":"https:\/\/serveiseducatius.xtec.cat\/creda-jordiperello\/wp-json\/wp\/v2\/media?parent=12051"}],"wp:term":[{"taxonomy":"category","embeddable":true,"href":"https:\/\/serveiseducatius.xtec.cat\/creda-jordiperello\/wp-json\/wp\/v2\/categories?post=12051"},{"taxonomy":"post_tag","embeddable":true,"href":"https:\/\/serveiseducatius.xtec.cat\/creda-jordiperello\/wp-json\/wp\/v2\/tags?post=12051"}],"curies":[{"name":"wp","href":"https:\/\/api.w.org\/{rel}","templated":true}]}}