{"id":12011,"date":"2018-07-16T01:09:33","date_gmt":"2018-07-15T23:09:33","guid":{"rendered":"http:\/\/serveiseducatius.xtec.cat\/creda-jordiperello\/?p=12011"},"modified":"2018-07-16T01:10:34","modified_gmt":"2018-07-15T23:10:34","slug":"campionat-del-mon-de-basquet-per-a-sords-sub-21","status":"publish","type":"post","link":"https:\/\/serveiseducatius.xtec.cat\/creda-jordiperello\/portada\/campionat-del-mon-de-basquet-per-a-sords-sub-21\/","title":{"rendered":"Campionat del M\u00f3n de B\u00e0squet per a Sords sub 21"},"content":{"rendered":"<p style=\"text-align: justify;\">Aquest cap de setmana, l&#8217;equip de b\u00e0squet de la selecci\u00f3 espanyola on juga el nostre alumne Dani Ru\u00edz Freij\u00f3, ha obtingut la medalla de bronze al Campionat del M\u00f3n de B\u00e0squet sub 21 per a Sords que s&#8217;ha celebrat a Washington DF del 7 al 14 de juliol.<\/p>\n<p style=\"text-align: justify;\">El Dani est\u00e0 cursant el CFGM de Conducci\u00f3 d&#8217;Activitats Fisicoesportives al CAR de Sant Cugat. Moltes felicitats per aquest \u00e8xit, Dani!!<\/p>\n<p style=\"text-align: justify;\"><a href=\"http:\/\/serveiseducatius.xtec.cat\/creda-jordiperello\/wp-content\/uploads\/usu975\/2018\/07\/Campionat-basquet.jpg\"><img loading=\"lazy\" decoding=\"async\" class=\"wp-image-12012 aligncenter\" src=\"http:\/\/serveiseducatius.xtec.cat\/creda-jordiperello\/wp-content\/uploads\/usu975\/2018\/07\/Campionat-basquet.jpg\" alt=\"\" width=\"215\" height=\"289\" srcset=\"https:\/\/serveiseducatius.xtec.cat\/creda-jordiperello\/wp-content\/uploads\/usu975\/2018\/07\/Campionat-basquet.jpg 476w, https:\/\/serveiseducatius.xtec.cat\/creda-jordiperello\/wp-content\/uploads\/usu975\/2018\/07\/Campionat-basquet-223x300.jpg 223w\" sizes=\"auto, (max-width: 215px) 100vw, 215px\" \/><\/a><\/p>\n","protected":false},"excerpt":{"rendered":"<p>Aquest cap de setmana, l&#8217;equip de b\u00e0squet de la selecci\u00f3 espanyola on juga el nostre alumne Dani Ru\u00edz Freij\u00f3, ha obtingut la medalla de bronze al Campionat del M\u00f3n de B\u00e0squet sub 21 per a Sords que s&#8217;ha celebrat a Washington DF del 7 al 14 de juliol.<\/p>\n","protected":false},"author":1,"featured_media":12012,"comment_status":"open","ping_status":"closed","sticky":false,"template":"","format":"standard","meta":{"_bbp_topic_count":0,"_bbp_reply_count":0,"_bbp_total_topic_count":0,"_bbp_total_reply_count":0,"_bbp_voice_count":0,"_bbp_anonymous_reply_count":0,"_bbp_topic_count_hidden":0,"_bbp_reply_count_hidden":0,"_bbp_forum_subforum_count":0,"site-sidebar-layout":"default","site-content-layout":"","ast-site-content-layout":"","site-content-style":"default","site-sidebar-style":"default","ast-global-header-display":"","ast-banner-title-visibility":"","ast-main-header-display":"","ast-hfb-above-header-display":"","ast-hfb-below-header-display":"","ast-hfb-mobile-header-display":"","site-post-title":"","ast-breadcrumbs-content":"","ast-featured-img":"","footer-sml-layout":"","theme-transparent-header-meta":"","adv-header-id-meta":"","stick-header-meta":"","header-above-stick-meta":"","header-main-stick-meta":"","header-below-stick-meta":"","astra-migrate-meta-layouts":"default","ast-page-background-enabled":"default","ast-page-background-meta":{"desktop":{"background-color":"var(--ast-global-color-4)","background-image":"","background-repeat":"repeat","background-position":"center center","background-size":"auto","background-attachment":"scroll","background-type":"","background-media":"","overlay-type":"","overlay-color":"","overlay-opacity":"","overlay-gradient":""},"tablet":{"background-color":"","background-image":"","background-repeat":"repeat","background-position":"center center","background-size":"auto","background-attachment":"scroll","background-type":"","background-media":"","overlay-type":"","overlay-color":"","overlay-opacity":"","overlay-gradient":""},"mobile":{"background-color":"","background-image":"","background-repeat":"repeat","background-position":"center center","background-size":"auto","background-attachment":"scroll","background-type":"","background-media":"","overlay-type":"","overlay-color":"","overlay-opacity":"","overlay-gradient":""}},"ast-content-background-meta":{"desktop":{"background-color":"var(--ast-global-color-5)","background-image":"","background-repeat":"repeat","background-position":"center center","background-size":"auto","background-attachment":"scroll","background-type":"","background-media":"","overlay-type":"","overlay-color":"","overlay-opacity":"","overlay-gradient":""},"tablet":{"background-color":"var(--ast-global-color-5)","background-image":"","background-repeat":"repeat","background-position":"center center","background-size":"auto","background-attachment":"scroll","background-type":"","background-media":"","overlay-type":"","overlay-color":"","overlay-opacity":"","overlay-gradient":""},"mobile":{"background-color":"var(--ast-global-color-5)","background-image":"","background-repeat":"repeat","background-position":"center center","background-size":"auto","background-attachment":"scroll","background-type":"","background-media":"","overlay-type":"","overlay-color":"","overlay-opacity":"","overlay-gradient":""}},"footnotes":""},"categories":[273],"tags":[1031,1033],"class_list":["post-12011","post","type-post","status-publish","format-standard","has-post-thumbnail","hentry","category-portada","tag-basquet","tag-sords"],"post_mailing_queue_ids":[],"_links":{"self":[{"href":"https:\/\/serveiseducatius.xtec.cat\/creda-jordiperello\/wp-json\/wp\/v2\/posts\/12011","targetHints":{"allow":["GET"]}}],"collection":[{"href":"https:\/\/serveiseducatius.xtec.cat\/creda-jordiperello\/wp-json\/wp\/v2\/posts"}],"about":[{"href":"https:\/\/serveiseducatius.xtec.cat\/creda-jordiperello\/wp-json\/wp\/v2\/types\/post"}],"author":[{"embeddable":true,"href":"https:\/\/serveiseducatius.xtec.cat\/creda-jordiperello\/wp-json\/wp\/v2\/users\/1"}],"replies":[{"embeddable":true,"href":"https:\/\/serveiseducatius.xtec.cat\/creda-jordiperello\/wp-json\/wp\/v2\/comments?post=12011"}],"version-history":[{"count":2,"href":"https:\/\/serveiseducatius.xtec.cat\/creda-jordiperello\/wp-json\/wp\/v2\/posts\/12011\/revisions"}],"predecessor-version":[{"id":12014,"href":"https:\/\/serveiseducatius.xtec.cat\/creda-jordiperello\/wp-json\/wp\/v2\/posts\/12011\/revisions\/12014"}],"wp:featuredmedia":[{"embeddable":true,"href":"https:\/\/serveiseducatius.xtec.cat\/creda-jordiperello\/wp-json\/wp\/v2\/media\/12012"}],"wp:attachment":[{"href":"https:\/\/serveiseducatius.xtec.cat\/creda-jordiperello\/wp-json\/wp\/v2\/media?parent=12011"}],"wp:term":[{"taxonomy":"category","embeddable":true,"href":"https:\/\/serveiseducatius.xtec.cat\/creda-jordiperello\/wp-json\/wp\/v2\/categories?post=12011"},{"taxonomy":"post_tag","embeddable":true,"href":"https:\/\/serveiseducatius.xtec.cat\/creda-jordiperello\/wp-json\/wp\/v2\/tags?post=12011"}],"curies":[{"name":"wp","href":"https:\/\/api.w.org\/{rel}","templated":true}]}}