{"id":11953,"date":"2018-06-26T14:06:59","date_gmt":"2018-06-26T12:06:59","guid":{"rendered":"http:\/\/serveiseducatius.xtec.cat\/creda-jordiperello\/?p=11953"},"modified":"2018-06-26T14:13:33","modified_gmt":"2018-06-26T12:13:33","slug":"premi-per-a-la-hala-triki-i-la-sancha-bosoka-alumnes-de-lins-montserrat-roig","status":"publish","type":"post","link":"https:\/\/serveiseducatius.xtec.cat\/creda-jordiperello\/portada\/premi-per-a-la-hala-triki-i-la-sancha-bosoka-alumnes-de-lins-montserrat-roig\/","title":{"rendered":"Premi per a la Hala Triki i la Sancha Bosoka, alumnes de l&#8217;INS Montserrat Roig"},"content":{"rendered":"<p style=\"text-align: justify;\">El passat dimecres 20 de juny es van lliurar a Terrassa els Premis &#8220;Nous professionals 2018&#8221; que concedeix l&#8217;Ajuntament de Terrassa i el Consell de la Formaci\u00f3 Professional amb el suport de la patronal CECOT. Aquests premis busquen promoure l&#8217;esperit emprenedor, innovador i creatiu dels alumnes de cicles formatius i de programes de formaci\u00f3 i inserci\u00f3 de la provincia de Barcelona.<\/p>\n<p style=\"text-align: justify;\">En aquesta tretzena edici\u00f3 les alumnes amb sordesa, Hala Triki i Sancha Bosoka, del CFGM d&#8217;Atenci\u00f3 a Persones amb Depend\u00e8ncia de l&#8217;Institut Montserrat Roig van aconseguir el 2n premi dins la categoria &#8220;Projecte d&#8217;Empresa&#8221; amb el treball &#8220;Centre de Dia\u00a0<em>Benviure&#8221;.<\/em>\u00a0Aquest treball consistia en\u00a0el projecte de creaci\u00f3 d&#8217;un centre de dia adaptat per a persones sordes elaborat com a treball de s\u00edntesi de la UF d&#8217;Emprenedoria i Empresa .<\/p>\n<p style=\"text-align: justify;\">Des del CREDA Jordi Perell\u00f3 volem manifestar la nostra alegria i orgull per aquest premi que reconeix la feina ben feta, aix\u00ed com felicitar a les alumnes guanyadores i a tot els professionals que ho han fet possible: l&#8217;equip docent, la Teresa Grande (logopeda) i l&#8217;Eva Garcia (int\u00e8rpret de LSC). Enhorabona noies!!!<\/p>\n<div class=\"ast-oembed-container \" style=\"height: 100%;\"><iframe loading=\"lazy\" title=\"Lliurament dels Premis Nous Professionals 2018\" width=\"500\" height=\"281\" src=\"https:\/\/www.youtube.com\/embed\/0kwKcKJ5nSQ?start=1&#038;feature=oembed\" frameborder=\"0\" allow=\"accelerometer; autoplay; clipboard-write; encrypted-media; gyroscope; picture-in-picture; web-share\" referrerpolicy=\"strict-origin-when-cross-origin\" allowfullscreen><\/iframe><\/div>\n<p>&nbsp;<\/p>\n","protected":false},"excerpt":{"rendered":"<p>La Hala Triki i la Sancha Bosoka, de l&#8217;Institut Montserrat Roig, han aconseguit el 2n premi en la categoria de Projectes d&#8217;Empresa en la 13a edici\u00f3 dels Premis &#8220;Nous Professionals 2018&#8221;. <\/p>\n","protected":false},"author":1,"featured_media":11963,"comment_status":"open","ping_status":"closed","sticky":false,"template":"","format":"standard","meta":{"_bbp_topic_count":0,"_bbp_reply_count":0,"_bbp_total_topic_count":0,"_bbp_total_reply_count":0,"_bbp_voice_count":0,"_bbp_anonymous_reply_count":0,"_bbp_topic_count_hidden":0,"_bbp_reply_count_hidden":0,"_bbp_forum_subforum_count":0,"site-sidebar-layout":"default","site-content-layout":"","ast-site-content-layout":"","site-content-style":"default","site-sidebar-style":"default","ast-global-header-display":"","ast-banner-title-visibility":"","ast-main-header-display":"","ast-hfb-above-header-display":"","ast-hfb-below-header-display":"","ast-hfb-mobile-header-display":"","site-post-title":"","ast-breadcrumbs-content":"","ast-featured-img":"","footer-sml-layout":"","theme-transparent-header-meta":"","adv-header-id-meta":"","stick-header-meta":"","header-above-stick-meta":"","header-main-stick-meta":"","header-below-stick-meta":"","astra-migrate-meta-layouts":"default","ast-page-background-enabled":"default","ast-page-background-meta":{"desktop":{"background-color":"var(--ast-global-color-4)","background-image":"","background-repeat":"repeat","background-position":"center center","background-size":"auto","background-attachment":"scroll","background-type":"","background-media":"","overlay-type":"","overlay-color":"","overlay-opacity":"","overlay-gradient":""},"tablet":{"background-color":"","background-image":"","background-repeat":"repeat","background-position":"center center","background-size":"auto","background-attachment":"scroll","background-type":"","background-media":"","overlay-type":"","overlay-color":"","overlay-opacity":"","overlay-gradient":""},"mobile":{"background-color":"","background-image":"","background-repeat":"repeat","background-position":"center center","background-size":"auto","background-attachment":"scroll","background-type":"","background-media":"","overlay-type":"","overlay-color":"","overlay-opacity":"","overlay-gradient":""}},"ast-content-background-meta":{"desktop":{"background-color":"var(--ast-global-color-5)","background-image":"","background-repeat":"repeat","background-position":"center center","background-size":"auto","background-attachment":"scroll","background-type":"","background-media":"","overlay-type":"","overlay-color":"","overlay-opacity":"","overlay-gradient":""},"tablet":{"background-color":"var(--ast-global-color-5)","background-image":"","background-repeat":"repeat","background-position":"center center","background-size":"auto","background-attachment":"scroll","background-type":"","background-media":"","overlay-type":"","overlay-color":"","overlay-opacity":"","overlay-gradient":""},"mobile":{"background-color":"var(--ast-global-color-5)","background-image":"","background-repeat":"repeat","background-position":"center center","background-size":"auto","background-attachment":"scroll","background-type":"","background-media":"","overlay-type":"","overlay-color":"","overlay-opacity":"","overlay-gradient":""}},"footnotes":""},"categories":[273],"tags":[1022,1020,1021,300],"class_list":["post-11953","post","type-post","status-publish","format-standard","has-post-thumbnail","hentry","category-portada","tag-centres-dagrupament","tag-institut-montserrat-roig","tag-premi","tag-sordesa"],"post_mailing_queue_ids":[],"_links":{"self":[{"href":"https:\/\/serveiseducatius.xtec.cat\/creda-jordiperello\/wp-json\/wp\/v2\/posts\/11953","targetHints":{"allow":["GET"]}}],"collection":[{"href":"https:\/\/serveiseducatius.xtec.cat\/creda-jordiperello\/wp-json\/wp\/v2\/posts"}],"about":[{"href":"https:\/\/serveiseducatius.xtec.cat\/creda-jordiperello\/wp-json\/wp\/v2\/types\/post"}],"author":[{"embeddable":true,"href":"https:\/\/serveiseducatius.xtec.cat\/creda-jordiperello\/wp-json\/wp\/v2\/users\/1"}],"replies":[{"embeddable":true,"href":"https:\/\/serveiseducatius.xtec.cat\/creda-jordiperello\/wp-json\/wp\/v2\/comments?post=11953"}],"version-history":[{"count":3,"href":"https:\/\/serveiseducatius.xtec.cat\/creda-jordiperello\/wp-json\/wp\/v2\/posts\/11953\/revisions"}],"predecessor-version":[{"id":11966,"href":"https:\/\/serveiseducatius.xtec.cat\/creda-jordiperello\/wp-json\/wp\/v2\/posts\/11953\/revisions\/11966"}],"wp:featuredmedia":[{"embeddable":true,"href":"https:\/\/serveiseducatius.xtec.cat\/creda-jordiperello\/wp-json\/wp\/v2\/media\/11963"}],"wp:attachment":[{"href":"https:\/\/serveiseducatius.xtec.cat\/creda-jordiperello\/wp-json\/wp\/v2\/media?parent=11953"}],"wp:term":[{"taxonomy":"category","embeddable":true,"href":"https:\/\/serveiseducatius.xtec.cat\/creda-jordiperello\/wp-json\/wp\/v2\/categories?post=11953"},{"taxonomy":"post_tag","embeddable":true,"href":"https:\/\/serveiseducatius.xtec.cat\/creda-jordiperello\/wp-json\/wp\/v2\/tags?post=11953"}],"curies":[{"name":"wp","href":"https:\/\/api.w.org\/{rel}","templated":true}]}}