{"id":11825,"date":"2018-05-17T01:20:01","date_gmt":"2018-05-16T23:20:01","guid":{"rendered":"http:\/\/serveiseducatius.xtec.cat\/creda-jordiperello\/?p=11825"},"modified":"2018-05-17T01:22:06","modified_gmt":"2018-05-16T23:22:06","slug":"article-de-la-ruth-solano-i-la-marta-vinardell-a-bilinsignews","status":"publish","type":"post","link":"https:\/\/serveiseducatius.xtec.cat\/creda-jordiperello\/general\/article-de-la-ruth-solano-i-la-marta-vinardell-a-bilinsignews\/","title":{"rendered":"Article de la Ruth Solano i la Marta Vinardell a BilinSigNews"},"content":{"rendered":"<p><a href=\"http:\/\/serveiseducatius.xtec.cat\/creda-jordiperello\/wp-content\/uploads\/usu975\/2018\/05\/Captura.jpg\"><img loading=\"lazy\" decoding=\"async\" class=\"wp-image-11829 aligncenter\" src=\"http:\/\/serveiseducatius.xtec.cat\/creda-jordiperello\/wp-content\/uploads\/usu975\/2018\/05\/Captura.jpg\" alt=\"\" width=\"415\" height=\"96\" srcset=\"https:\/\/serveiseducatius.xtec.cat\/creda-jordiperello\/wp-content\/uploads\/usu975\/2018\/05\/Captura.jpg 786w, https:\/\/serveiseducatius.xtec.cat\/creda-jordiperello\/wp-content\/uploads\/usu975\/2018\/05\/Captura-300x69.jpg 300w, https:\/\/serveiseducatius.xtec.cat\/creda-jordiperello\/wp-content\/uploads\/usu975\/2018\/05\/Captura-768x178.jpg 768w\" sizes=\"auto, (max-width: 415px) 100vw, 415px\" \/><\/a><\/p>\n<p style=\"text-align: justify;\">Ens satisf\u00e0 molt fer-vos saber que al darrer n\u00famero de la revista\u00a0<a href=\"http:\/\/serveiseducatius.xtec.cat\/creda-jordiperello\/wp-content\/uploads\/usu975\/2018\/05\/BilinSigNews.pdf\">BilinSigNews<\/a>\u00a0s&#8217;ha publicat un interessant article de les nostres companyes, Ruth Solano i Marta Vinadell, titulat <strong>&#8220;La tarea metaling\u00fc\u00edstica L1\/L2 en Logopedia\/UALL&#8221;<\/strong><\/p>\n<p style=\"text-align: justify;\">En aquest article ens parlen de la seva feina a l&#8217;Escola-Taller Xalest de Sabadell amb un grup d&#8217;alumnes amb sordesa de secund\u00e0ria. El seu objectiu amb aquests alumnes \u00e9s la millora de les seves compet\u00e8ncies ling\u00fc\u00edstiques i comunicatives a trav\u00e9s de la interacci\u00f3 comunicativa i el treball de comparaci\u00f3 metaling\u00fc\u00edstica amb diferents c\u00f2dis i sistemes ling\u00fc\u00edstics (llengua parlada i llengua de signes catalana). En aquesta tasca es posa l&#8217;\u00e8nfasi en el proc\u00e9s de transfer\u00e8ncia d&#8217;una llengua a l&#8217;altra fent \u00fas del catal\u00e0 signat com a facilitador i recurs augmentatiu per a la comprensi\u00f3 i l&#8217;expressi\u00f3 de la llengua catalana.<\/p>\n<p style=\"text-align: justify;\">Enhorabona companyes!!<\/p>\n","protected":false},"excerpt":{"rendered":"<p>Al darrer n\u00famero de la revista BilinSigNews (volum 4, n\u00famero 13) es publica un interessant article de la Ruth Solano i la Marta Vinadell (coord) titulat &#8220;La tarea metaling\u00fc\u00edstica L1\/L2 en Logopedia\/UALL&#8221; <\/p>\n","protected":false},"author":1,"featured_media":11829,"comment_status":"open","ping_status":"closed","sticky":false,"template":"","format":"standard","meta":{"_bbp_topic_count":0,"_bbp_reply_count":0,"_bbp_total_topic_count":0,"_bbp_total_reply_count":0,"_bbp_voice_count":0,"_bbp_anonymous_reply_count":0,"_bbp_topic_count_hidden":0,"_bbp_reply_count_hidden":0,"_bbp_forum_subforum_count":0,"site-sidebar-layout":"default","site-content-layout":"","ast-site-content-layout":"","site-content-style":"default","site-sidebar-style":"default","ast-global-header-display":"","ast-banner-title-visibility":"","ast-main-header-display":"","ast-hfb-above-header-display":"","ast-hfb-below-header-display":"","ast-hfb-mobile-header-display":"","site-post-title":"","ast-breadcrumbs-content":"","ast-featured-img":"","footer-sml-layout":"","theme-transparent-header-meta":"","adv-header-id-meta":"","stick-header-meta":"","header-above-stick-meta":"","header-main-stick-meta":"","header-below-stick-meta":"","astra-migrate-meta-layouts":"default","ast-page-background-enabled":"default","ast-page-background-meta":{"desktop":{"background-color":"var(--ast-global-color-4)","background-image":"","background-repeat":"repeat","background-position":"center center","background-size":"auto","background-attachment":"scroll","background-type":"","background-media":"","overlay-type":"","overlay-color":"","overlay-opacity":"","overlay-gradient":""},"tablet":{"background-color":"","background-image":"","background-repeat":"repeat","background-position":"center center","background-size":"auto","background-attachment":"scroll","background-type":"","background-media":"","overlay-type":"","overlay-color":"","overlay-opacity":"","overlay-gradient":""},"mobile":{"background-color":"","background-image":"","background-repeat":"repeat","background-position":"center center","background-size":"auto","background-attachment":"scroll","background-type":"","background-media":"","overlay-type":"","overlay-color":"","overlay-opacity":"","overlay-gradient":""}},"ast-content-background-meta":{"desktop":{"background-color":"var(--ast-global-color-5)","background-image":"","background-repeat":"repeat","background-position":"center center","background-size":"auto","background-attachment":"scroll","background-type":"","background-media":"","overlay-type":"","overlay-color":"","overlay-opacity":"","overlay-gradient":""},"tablet":{"background-color":"var(--ast-global-color-5)","background-image":"","background-repeat":"repeat","background-position":"center center","background-size":"auto","background-attachment":"scroll","background-type":"","background-media":"","overlay-type":"","overlay-color":"","overlay-opacity":"","overlay-gradient":""},"mobile":{"background-color":"var(--ast-global-color-5)","background-image":"","background-repeat":"repeat","background-position":"center center","background-size":"auto","background-attachment":"scroll","background-type":"","background-media":"","overlay-type":"","overlay-color":"","overlay-opacity":"","overlay-gradient":""}},"footnotes":""},"categories":[1,273],"tags":[418,610,972,318,971],"class_list":["post-11825","post","type-post","status-publish","format-standard","has-post-thumbnail","hentry","category-general","category-portada","tag-bilinguisme","tag-educacio-de-sords","tag-intermodal","tag-llengua-de-signes","tag-metalinguistica"],"post_mailing_queue_ids":[],"_links":{"self":[{"href":"https:\/\/serveiseducatius.xtec.cat\/creda-jordiperello\/wp-json\/wp\/v2\/posts\/11825","targetHints":{"allow":["GET"]}}],"collection":[{"href":"https:\/\/serveiseducatius.xtec.cat\/creda-jordiperello\/wp-json\/wp\/v2\/posts"}],"about":[{"href":"https:\/\/serveiseducatius.xtec.cat\/creda-jordiperello\/wp-json\/wp\/v2\/types\/post"}],"author":[{"embeddable":true,"href":"https:\/\/serveiseducatius.xtec.cat\/creda-jordiperello\/wp-json\/wp\/v2\/users\/1"}],"replies":[{"embeddable":true,"href":"https:\/\/serveiseducatius.xtec.cat\/creda-jordiperello\/wp-json\/wp\/v2\/comments?post=11825"}],"version-history":[{"count":3,"href":"https:\/\/serveiseducatius.xtec.cat\/creda-jordiperello\/wp-json\/wp\/v2\/posts\/11825\/revisions"}],"predecessor-version":[{"id":11831,"href":"https:\/\/serveiseducatius.xtec.cat\/creda-jordiperello\/wp-json\/wp\/v2\/posts\/11825\/revisions\/11831"}],"wp:featuredmedia":[{"embeddable":true,"href":"https:\/\/serveiseducatius.xtec.cat\/creda-jordiperello\/wp-json\/wp\/v2\/media\/11829"}],"wp:attachment":[{"href":"https:\/\/serveiseducatius.xtec.cat\/creda-jordiperello\/wp-json\/wp\/v2\/media?parent=11825"}],"wp:term":[{"taxonomy":"category","embeddable":true,"href":"https:\/\/serveiseducatius.xtec.cat\/creda-jordiperello\/wp-json\/wp\/v2\/categories?post=11825"},{"taxonomy":"post_tag","embeddable":true,"href":"https:\/\/serveiseducatius.xtec.cat\/creda-jordiperello\/wp-json\/wp\/v2\/tags?post=11825"}],"curies":[{"name":"wp","href":"https:\/\/api.w.org\/{rel}","templated":true}]}}