{"id":11291,"date":"2018-01-26T11:46:45","date_gmt":"2018-01-26T10:46:45","guid":{"rendered":"http:\/\/serveiseducatius.xtec.cat\/creda-jordiperello\/?p=11291"},"modified":"2018-01-26T11:46:45","modified_gmt":"2018-01-26T10:46:45","slug":"estudios-sobre-la-situacion-del-alumnado-con-sordera-en-espana","status":"publish","type":"post","link":"https:\/\/serveiseducatius.xtec.cat\/creda-jordiperello\/professionals\/estudios-sobre-la-situacion-del-alumnado-con-sordera-en-espana\/","title":{"rendered":"Estudios sobre la situaci\u00f3n del alumnado con sordera en Espa\u00f1a"},"content":{"rendered":"<p style=\"text-align: justify;\">FIAPAS ha publicat a la seva Biblioteca Virtual el conjunt de pon\u00e8ncies en format video\u00a0 titulat <a href=\"http:\/\/bibliotecafiapas.es\/publicacion\/ii-jornada-cientifica-de-reflexion-estudios-sobre-la-situacion-del-alumnado-con-sordera-en-espana-2016\/\"><strong>\u201c<i>Estudios sobre la situaci\u00f3n del alumnado con sordera en Espa\u00f1a\u201d<\/i><\/strong><\/a>, on es recullen els treballs presentats durant la<em> II\u00a0Jornada Cient\u00edfica de Reflexi\u00f3n Educativa<\/em>, celebrada a Madrid el mes de novembre de 2016. En aquesta\u00a0<em>Jornada Cient\u00edfica\u00a0<\/em>va participar el nostre CREDA amb la pon\u00e8ncia\u00a0\u00a0<em><strong>Una experiencia de inclusi\u00f3n del alumnado con sordera: Escoleta Bellaterra\u00a0<\/strong><\/em>que va estar a c\u00e0rrec de la Mar Pastor i la Merc\u00e8 Calaf\u00ed, i que s&#8217;enmarcava en el <em>Panel II: Escuela y Aprendizaje.<\/em><\/p>\n<div class=\"ast-oembed-container \" style=\"height: 100%;\"><iframe loading=\"lazy\" title=\"\u00a9FIAPAS_JORNADA_CIENTIFICA_2016_PANEL II_MPastor_MCalafi\" width=\"500\" height=\"281\" src=\"https:\/\/www.youtube.com\/embed\/tIC46FZUKy4?feature=oembed\" frameborder=\"0\" allow=\"accelerometer; autoplay; clipboard-write; encrypted-media; gyroscope; picture-in-picture; web-share\" referrerpolicy=\"strict-origin-when-cross-origin\" allowfullscreen><\/iframe><\/div>\n","protected":false},"excerpt":{"rendered":"<p>FIAPAS ha publicat a la seva Biblioteca Virtual el conjunt de pon\u00e8ncies en format video\u00a0 titulat \u201cEstudios sobre la situaci\u00f3n del alumnado con sordera en Espa\u00f1a\u201d, on es recullen els treballs presentats durant la II\u00a0Jornada Cient\u00edfica de Reflexi\u00f3n Educativa, celebrada a Madrid el mes de novembre de 2016. En aquesta\u00a0Jornada Cient\u00edfica\u00a0va participar el nostre CREDA [&hellip;]<\/p>\n","protected":false},"author":1,"featured_media":11294,"comment_status":"open","ping_status":"closed","sticky":false,"template":"","format":"standard","meta":{"_bbp_topic_count":0,"_bbp_reply_count":0,"_bbp_total_topic_count":0,"_bbp_total_reply_count":0,"_bbp_voice_count":0,"_bbp_anonymous_reply_count":0,"_bbp_topic_count_hidden":0,"_bbp_reply_count_hidden":0,"_bbp_forum_subforum_count":0,"site-sidebar-layout":"default","site-content-layout":"","ast-site-content-layout":"","site-content-style":"default","site-sidebar-style":"default","ast-global-header-display":"","ast-banner-title-visibility":"","ast-main-header-display":"","ast-hfb-above-header-display":"","ast-hfb-below-header-display":"","ast-hfb-mobile-header-display":"","site-post-title":"","ast-breadcrumbs-content":"","ast-featured-img":"","footer-sml-layout":"","theme-transparent-header-meta":"","adv-header-id-meta":"","stick-header-meta":"","header-above-stick-meta":"","header-main-stick-meta":"","header-below-stick-meta":"","astra-migrate-meta-layouts":"default","ast-page-background-enabled":"default","ast-page-background-meta":{"desktop":{"background-color":"var(--ast-global-color-4)","background-image":"","background-repeat":"repeat","background-position":"center center","background-size":"auto","background-attachment":"scroll","background-type":"","background-media":"","overlay-type":"","overlay-color":"","overlay-opacity":"","overlay-gradient":""},"tablet":{"background-color":"","background-image":"","background-repeat":"repeat","background-position":"center center","background-size":"auto","background-attachment":"scroll","background-type":"","background-media":"","overlay-type":"","overlay-color":"","overlay-opacity":"","overlay-gradient":""},"mobile":{"background-color":"","background-image":"","background-repeat":"repeat","background-position":"center center","background-size":"auto","background-attachment":"scroll","background-type":"","background-media":"","overlay-type":"","overlay-color":"","overlay-opacity":"","overlay-gradient":""}},"ast-content-background-meta":{"desktop":{"background-color":"var(--ast-global-color-5)","background-image":"","background-repeat":"repeat","background-position":"center center","background-size":"auto","background-attachment":"scroll","background-type":"","background-media":"","overlay-type":"","overlay-color":"","overlay-opacity":"","overlay-gradient":""},"tablet":{"background-color":"var(--ast-global-color-5)","background-image":"","background-repeat":"repeat","background-position":"center center","background-size":"auto","background-attachment":"scroll","background-type":"","background-media":"","overlay-type":"","overlay-color":"","overlay-opacity":"","overlay-gradient":""},"mobile":{"background-color":"var(--ast-global-color-5)","background-image":"","background-repeat":"repeat","background-position":"center center","background-size":"auto","background-attachment":"scroll","background-type":"","background-media":"","overlay-type":"","overlay-color":"","overlay-opacity":"","overlay-gradient":""}},"footnotes":""},"categories":[288,273,264],"tags":[610,900,567],"class_list":["post-11291","post","type-post","status-publish","format-standard","has-post-thumbnail","hentry","category-formacio","category-portada","category-professionals","tag-educacio-de-sords","tag-fiapas","tag-inclusio"],"post_mailing_queue_ids":[],"_links":{"self":[{"href":"https:\/\/serveiseducatius.xtec.cat\/creda-jordiperello\/wp-json\/wp\/v2\/posts\/11291","targetHints":{"allow":["GET"]}}],"collection":[{"href":"https:\/\/serveiseducatius.xtec.cat\/creda-jordiperello\/wp-json\/wp\/v2\/posts"}],"about":[{"href":"https:\/\/serveiseducatius.xtec.cat\/creda-jordiperello\/wp-json\/wp\/v2\/types\/post"}],"author":[{"embeddable":true,"href":"https:\/\/serveiseducatius.xtec.cat\/creda-jordiperello\/wp-json\/wp\/v2\/users\/1"}],"replies":[{"embeddable":true,"href":"https:\/\/serveiseducatius.xtec.cat\/creda-jordiperello\/wp-json\/wp\/v2\/comments?post=11291"}],"version-history":[{"count":3,"href":"https:\/\/serveiseducatius.xtec.cat\/creda-jordiperello\/wp-json\/wp\/v2\/posts\/11291\/revisions"}],"predecessor-version":[{"id":11295,"href":"https:\/\/serveiseducatius.xtec.cat\/creda-jordiperello\/wp-json\/wp\/v2\/posts\/11291\/revisions\/11295"}],"wp:featuredmedia":[{"embeddable":true,"href":"https:\/\/serveiseducatius.xtec.cat\/creda-jordiperello\/wp-json\/wp\/v2\/media\/11294"}],"wp:attachment":[{"href":"https:\/\/serveiseducatius.xtec.cat\/creda-jordiperello\/wp-json\/wp\/v2\/media?parent=11291"}],"wp:term":[{"taxonomy":"category","embeddable":true,"href":"https:\/\/serveiseducatius.xtec.cat\/creda-jordiperello\/wp-json\/wp\/v2\/categories?post=11291"},{"taxonomy":"post_tag","embeddable":true,"href":"https:\/\/serveiseducatius.xtec.cat\/creda-jordiperello\/wp-json\/wp\/v2\/tags?post=11291"}],"curies":[{"name":"wp","href":"https:\/\/api.w.org\/{rel}","templated":true}]}}