{"id":10293,"date":"2017-09-26T13:06:35","date_gmt":"2017-09-26T11:06:35","guid":{"rendered":"http:\/\/serveiseducatius.xtec.cat\/creda-jordiperello\/?p=10293"},"modified":"2017-09-26T13:15:05","modified_gmt":"2017-09-26T11:15:05","slug":"como-se-vive-con-autismo","status":"publish","type":"post","link":"https:\/\/serveiseducatius.xtec.cat\/creda-jordiperello\/portada\/como-se-vive-con-autismo\/","title":{"rendered":"Como se vive con autismo"},"content":{"rendered":"<p class=\"subheading\" style=\"text-align: justify;\"><strong>Retrato de la vida con trastorno del espectro autista. Cr\u00f3nica sobre una lucha por superar la incomprensi\u00f3n social y los estereotipos.<\/strong><\/p>\n<p class=\"subheading\" style=\"text-align: justify;\">El passat diumenge 24 de setembre al dominical &#8220;El pais semanal&#8221; es va publicar un reportatge molt interessant titulat &#8220;C\u00f3mo se vive con autismo&#8221; escrit per\u00a0en Jose Luis Barber\u00eda.<\/p>\n<p class=\"subheading\" style=\"text-align: justify;\"><a href=\"http:\/\/serveiseducatius.xtec.cat\/creda-jordiperello\/wp-content\/uploads\/usu975\/2017\/09\/autisme.jpg\"><img loading=\"lazy\" decoding=\"async\" class=\"wp-image-10294 alignleft\" src=\"http:\/\/serveiseducatius.xtec.cat\/creda-jordiperello\/wp-content\/uploads\/usu975\/2017\/09\/autisme.jpg\" alt=\"\" width=\"272\" height=\"296\" srcset=\"https:\/\/serveiseducatius.xtec.cat\/creda-jordiperello\/wp-content\/uploads\/usu975\/2017\/09\/autisme.jpg 522w, https:\/\/serveiseducatius.xtec.cat\/creda-jordiperello\/wp-content\/uploads\/usu975\/2017\/09\/autisme-275x300.jpg 275w\" sizes=\"auto, (max-width: 272px) 100vw, 272px\" \/><\/a><\/p>\n<p class=\"subheading\" style=\"text-align: justify;\"><span style=\"font-size: 1em;\"><em><span style=\"color: #000000;\">Una parte de la humanidad, en n\u00famero creciente, vive alojada en un universo mental y sensorial diferente al patr\u00f3n que rige para el com\u00fan de los mortales. Est\u00e1n entre nosotros, pero son sinceros, carecen de malicia, no comprenden las met\u00e1foras, las bromas, ni las dobles intenciones; desconocen las claves de funcionamiento de nuestras sociedades, complejas y artificiosas, aunque les gusta saberse queridos, y sienten la alegr\u00eda y la tristeza, el placer y la frustraci\u00f3n. El suyo es un mundo enigm\u00e1tico de pensamiento r\u00edgido, una anomal\u00eda de la programaci\u00f3n gen\u00e9tica que chirr\u00eda ante la dificultad para asimilar nuestras normas no escritas. Ellos no desarrollan espont\u00e1neamente lo que a los dem\u00e1s nadie nos tiene que ense\u00f1ar&#8230; \u00a0\u00a0 \u00a0<a href=\"http:\/\/elpaissemanal.elpais.com\/documentos\/el-autismo\/\">Accedir al reportatge<\/a><\/span><\/em><\/span><\/p>\n<p class=\"subheading\" style=\"text-align: justify;\">Agra\u00efments: informaci\u00f3 rebuda de l&#8217;Irene Grau<\/p>\n","protected":false},"excerpt":{"rendered":"<p>El passat diumenge 24 de setembre al dominical &#8220;El pais semanal&#8221; es va publicar un reportatge molt interessant titulat &#8220;C\u00f3mo se vive con autismo&#8221; escrit per en Jose Luis Barber\u00eda.<\/p>\n","protected":false},"author":1,"featured_media":10299,"comment_status":"open","ping_status":"closed","sticky":false,"template":"","format":"standard","meta":{"_bbp_topic_count":0,"_bbp_reply_count":0,"_bbp_total_topic_count":0,"_bbp_total_reply_count":0,"_bbp_voice_count":0,"_bbp_anonymous_reply_count":0,"_bbp_topic_count_hidden":0,"_bbp_reply_count_hidden":0,"_bbp_forum_subforum_count":0,"site-sidebar-layout":"default","site-content-layout":"","ast-site-content-layout":"","site-content-style":"default","site-sidebar-style":"default","ast-global-header-display":"","ast-banner-title-visibility":"","ast-main-header-display":"","ast-hfb-above-header-display":"","ast-hfb-below-header-display":"","ast-hfb-mobile-header-display":"","site-post-title":"","ast-breadcrumbs-content":"","ast-featured-img":"","footer-sml-layout":"","theme-transparent-header-meta":"","adv-header-id-meta":"","stick-header-meta":"","header-above-stick-meta":"","header-main-stick-meta":"","header-below-stick-meta":"","astra-migrate-meta-layouts":"default","ast-page-background-enabled":"default","ast-page-background-meta":{"desktop":{"background-color":"var(--ast-global-color-4)","background-image":"","background-repeat":"repeat","background-position":"center center","background-size":"auto","background-attachment":"scroll","background-type":"","background-media":"","overlay-type":"","overlay-color":"","overlay-opacity":"","overlay-gradient":""},"tablet":{"background-color":"","background-image":"","background-repeat":"repeat","background-position":"center center","background-size":"auto","background-attachment":"scroll","background-type":"","background-media":"","overlay-type":"","overlay-color":"","overlay-opacity":"","overlay-gradient":""},"mobile":{"background-color":"","background-image":"","background-repeat":"repeat","background-position":"center center","background-size":"auto","background-attachment":"scroll","background-type":"","background-media":"","overlay-type":"","overlay-color":"","overlay-opacity":"","overlay-gradient":""}},"ast-content-background-meta":{"desktop":{"background-color":"var(--ast-global-color-5)","background-image":"","background-repeat":"repeat","background-position":"center center","background-size":"auto","background-attachment":"scroll","background-type":"","background-media":"","overlay-type":"","overlay-color":"","overlay-opacity":"","overlay-gradient":""},"tablet":{"background-color":"var(--ast-global-color-5)","background-image":"","background-repeat":"repeat","background-position":"center center","background-size":"auto","background-attachment":"scroll","background-type":"","background-media":"","overlay-type":"","overlay-color":"","overlay-opacity":"","overlay-gradient":""},"mobile":{"background-color":"var(--ast-global-color-5)","background-image":"","background-repeat":"repeat","background-position":"center center","background-size":"auto","background-attachment":"scroll","background-type":"","background-media":"","overlay-type":"","overlay-color":"","overlay-opacity":"","overlay-gradient":""}},"footnotes":""},"categories":[298,273],"tags":[721],"class_list":["post-10293","post","type-post","status-publish","format-standard","has-post-thumbnail","hentry","category-comunicacio","category-portada","tag-autisme"],"post_mailing_queue_ids":[],"_links":{"self":[{"href":"https:\/\/serveiseducatius.xtec.cat\/creda-jordiperello\/wp-json\/wp\/v2\/posts\/10293","targetHints":{"allow":["GET"]}}],"collection":[{"href":"https:\/\/serveiseducatius.xtec.cat\/creda-jordiperello\/wp-json\/wp\/v2\/posts"}],"about":[{"href":"https:\/\/serveiseducatius.xtec.cat\/creda-jordiperello\/wp-json\/wp\/v2\/types\/post"}],"author":[{"embeddable":true,"href":"https:\/\/serveiseducatius.xtec.cat\/creda-jordiperello\/wp-json\/wp\/v2\/users\/1"}],"replies":[{"embeddable":true,"href":"https:\/\/serveiseducatius.xtec.cat\/creda-jordiperello\/wp-json\/wp\/v2\/comments?post=10293"}],"version-history":[{"count":3,"href":"https:\/\/serveiseducatius.xtec.cat\/creda-jordiperello\/wp-json\/wp\/v2\/posts\/10293\/revisions"}],"predecessor-version":[{"id":10297,"href":"https:\/\/serveiseducatius.xtec.cat\/creda-jordiperello\/wp-json\/wp\/v2\/posts\/10293\/revisions\/10297"}],"wp:featuredmedia":[{"embeddable":true,"href":"https:\/\/serveiseducatius.xtec.cat\/creda-jordiperello\/wp-json\/wp\/v2\/media\/10299"}],"wp:attachment":[{"href":"https:\/\/serveiseducatius.xtec.cat\/creda-jordiperello\/wp-json\/wp\/v2\/media?parent=10293"}],"wp:term":[{"taxonomy":"category","embeddable":true,"href":"https:\/\/serveiseducatius.xtec.cat\/creda-jordiperello\/wp-json\/wp\/v2\/categories?post=10293"},{"taxonomy":"post_tag","embeddable":true,"href":"https:\/\/serveiseducatius.xtec.cat\/creda-jordiperello\/wp-json\/wp\/v2\/tags?post=10293"}],"curies":[{"name":"wp","href":"https:\/\/api.w.org\/{rel}","templated":true}]}}