{"id":346,"count":5,"description":"<strong><u>TROBADES AL CREDA. GRUP GRANS 1\/12\/22<\/u><\/strong>\r\n\r\nLa primera sessi\u00f3 de les Trobades al CREDA d'alumnes grans, va ser molt divertida! Van venir: la J\u00falia, l'Edurne, la Peije, el Neizan, l'Izan, l'Issam, l'Eva, la Franyelin i la Lola.\r\n\r\nCom la majoria no ens coneixiem, vam fer el t\u00edpic joc de passar-nos la pilota per con\u00e8ixer els nostres noms, l'escola, la logopeda, etc.\r\n\r\nDespr\u00e9s, ens vam dividir en dos grups i amb dos daus gegants, vam fer un joc de preguntes per saber m\u00e9s coses dels altres. Per exemple: quin \u00e9s l'animal preferit, quin esport practicaven, que els posava feli\u00e7os o tristos, etc. Tots van participar molt i van sortir respostes molt xules!\r\n\r\nA continuaci\u00f3, vam fer un joc de rol-playing. A partir d'unes imatges que simulaven situacions diferents de la vida quotidiana, es van posar en tres grups i havien d'assajar un petit teatre. L'Edurne, la J\u00falia i la Peije, van escollir la situaci\u00f3 d'un policia que posava una multa; el Neizan, l'Issam i l'Izan van simular que estavan a un restaurant i la Lola, l'Eva i la Franyelin, anaven al mercat a comprar. Despr\u00e9s tots junts, vam mirar el petit teatre dels altres. Van sortir di\u00e0legs molt divertits, converses diverses... i vam riure molt!\r\n\r\nDespr\u00e9s vam jugar al joc de \"qu\u00e8 tinc al cap\" i com erem tants, va ser bastant dif\u00edcil, encara que alguns d'ells van trobar la soluci\u00f3.\r\n\r\nLlavors, van haver de desxifrar un enigma per trobar on estaven els calendaris de les Trobades que havien de decorar. Van descobrir quina era la frase amagada i van trobar els calendaris darrera de la m\u00e0quina de caf\u00e8.\r\n\r\nPer \u00faltim, tots junts vam decorar els calendaris i vam marcar les dates de les properes trobades.\r\n\r\nFins la pr\u00f2xima!!!\r\n\r\n&nbsp;\r\n\r\nLaia i Sara.\r\n\r\n&nbsp;\r\n\r\n<img class=\"alignnone size-medium wp-image-17559\" src=\"https:\/\/serveiseducatius.xtec.cat\/creda-jordiperello\/wp-content\/uploads\/usu975\/2022\/12\/a-1-300x265.jpg\" alt=\"\" width=\"300\" height=\"265\" \/> <img class=\"alignnone size-medium wp-image-17560\" src=\"https:\/\/serveiseducatius.xtec.cat\/creda-jordiperello\/wp-content\/uploads\/usu975\/2022\/12\/b-300x250.jpg\" alt=\"\" width=\"300\" height=\"250\" \/> <img class=\"alignnone size-medium wp-image-17561\" src=\"https:\/\/serveiseducatius.xtec.cat\/creda-jordiperello\/wp-content\/uploads\/usu975\/2022\/12\/c-300x210.jpg\" alt=\"\" width=\"300\" height=\"210\" \/> <img class=\"alignnone size-medium wp-image-17562\" src=\"https:\/\/serveiseducatius.xtec.cat\/creda-jordiperello\/wp-content\/uploads\/usu975\/2022\/12\/d-250x300.jpg\" alt=\"\" width=\"250\" height=\"300\" \/> <img class=\"alignnone size-medium wp-image-17563\" src=\"https:\/\/serveiseducatius.xtec.cat\/creda-jordiperello\/wp-content\/uploads\/usu975\/2022\/12\/e-300x227.jpg\" alt=\"\" width=\"300\" height=\"227\" \/> <img class=\"alignnone size-medium wp-image-17564\" src=\"https:\/\/serveiseducatius.xtec.cat\/creda-jordiperello\/wp-content\/uploads\/usu975\/2022\/12\/f-300x244.jpg\" alt=\"\" width=\"300\" height=\"244\" \/> <img class=\"alignnone size-medium wp-image-17565\" src=\"https:\/\/serveiseducatius.xtec.cat\/creda-jordiperello\/wp-content\/uploads\/usu975\/2022\/12\/g-300x300.jpg\" alt=\"\" width=\"300\" height=\"300\" \/> <img class=\"alignnone size-medium wp-image-17566\" src=\"https:\/\/serveiseducatius.xtec.cat\/creda-jordiperello\/wp-content\/uploads\/usu975\/2022\/12\/h-300x283.jpg\" alt=\"\" width=\"300\" height=\"283\" \/> <img class=\"alignnone size-medium wp-image-17567\" src=\"https:\/\/serveiseducatius.xtec.cat\/creda-jordiperello\/wp-content\/uploads\/usu975\/2022\/12\/i-297x300.jpg\" alt=\"\" width=\"297\" height=\"300\" \/> <img class=\"alignnone size-medium wp-image-17568\" src=\"https:\/\/serveiseducatius.xtec.cat\/creda-jordiperello\/wp-content\/uploads\/usu975\/2022\/12\/j-300x217.jpg\" alt=\"\" width=\"300\" height=\"217\" \/> <img class=\"alignnone size-medium wp-image-17569\" src=\"https:\/\/serveiseducatius.xtec.cat\/creda-jordiperello\/wp-content\/uploads\/usu975\/2022\/12\/k-300x222.jpg\" alt=\"\" width=\"300\" height=\"222\" \/> <img class=\"alignnone size-medium wp-image-17570\" src=\"https:\/\/serveiseducatius.xtec.cat\/creda-jordiperello\/wp-content\/uploads\/usu975\/2022\/12\/l-300x268.jpg\" alt=\"\" width=\"300\" height=\"268\" \/> <img class=\"alignnone size-medium wp-image-17571\" src=\"https:\/\/serveiseducatius.xtec.cat\/creda-jordiperello\/wp-content\/uploads\/usu975\/2022\/12\/m-300x204.jpg\" alt=\"\" width=\"300\" height=\"204\" \/> <img class=\"alignnone size-medium wp-image-17572\" src=\"https:\/\/serveiseducatius.xtec.cat\/creda-jordiperello\/wp-content\/uploads\/usu975\/2022\/12\/n-300x219.jpg\" alt=\"\" width=\"300\" height=\"219\" \/> <img class=\"alignnone size-medium wp-image-17573\" src=\"https:\/\/serveiseducatius.xtec.cat\/creda-jordiperello\/wp-content\/uploads\/usu975\/2022\/12\/o-300x220.jpg\" alt=\"\" width=\"300\" height=\"220\" \/> <img class=\"alignnone size-medium wp-image-17574\" src=\"https:\/\/serveiseducatius.xtec.cat\/creda-jordiperello\/wp-content\/uploads\/usu975\/2022\/12\/p-300x201.jpg\" alt=\"\" width=\"300\" height=\"201\" \/>\r\n\r\n&nbsp;\r\n\r\n&nbsp;","link":"https:\/\/serveiseducatius.xtec.cat\/creda-jordiperello\/categoria\/families\/activitats-families\/grup-trobades-grans-trobades-al-creda-trastorns\/","name":"Grup Trobades Grans","slug":"grup-trobades-grans-trobades-al-creda-trastorns","taxonomy":"category","parent":294,"meta":[],"_links":{"self":[{"href":"https:\/\/serveiseducatius.xtec.cat\/creda-jordiperello\/wp-json\/wp\/v2\/categories\/346","targetHints":{"allow":["GET"]}}],"collection":[{"href":"https:\/\/serveiseducatius.xtec.cat\/creda-jordiperello\/wp-json\/wp\/v2\/categories"}],"about":[{"href":"https:\/\/serveiseducatius.xtec.cat\/creda-jordiperello\/wp-json\/wp\/v2\/taxonomies\/category"}],"up":[{"embeddable":true,"href":"https:\/\/serveiseducatius.xtec.cat\/creda-jordiperello\/wp-json\/wp\/v2\/categories\/294"}],"wp:post_type":[{"href":"https:\/\/serveiseducatius.xtec.cat\/creda-jordiperello\/wp-json\/wp\/v2\/posts?categories=346"}],"curies":[{"name":"wp","href":"https:\/\/api.w.org\/{rel}","templated":true}]}}