{"id":11029,"date":"2025-12-12T13:42:38","date_gmt":"2025-12-12T12:42:38","guid":{"rendered":"https:\/\/serveiseducatius.xtec.cat\/creda-comarques2\/?p=11029"},"modified":"2025-12-12T13:44:43","modified_gmt":"2025-12-12T12:44:43","slug":"29es-jornades-de-formacio-en-modalitat-oral-de-la-federacio-acapps","status":"publish","type":"post","link":"https:\/\/serveiseducatius.xtec.cat\/creda-comarques2\/portada\/29es-jornades-de-formacio-en-modalitat-oral-de-la-federacio-acapps\/","title":{"rendered":"29es Jornades de Formaci\u00f3 en Modalitat Oral de la Federaci\u00f3 ACAPPS"},"content":{"rendered":"<p>Dissabte, 22 de novembre es van celebrar les 29es Jornades de Formaci\u00f3 en Modalitat Oral de la Federaci\u00f3 ACAPPS, a l&#8217;auditori de la ONCE a Barcelona.<br \/>\nEs van fer diverses xerrades i taules rodones molt interessants.<br \/>\nLa primera pon\u00e8ncia, &#8220;Avan\u00e7os recents en el desenvolupament d\u2019una ter\u00e0pia cel\u00b7lular per al tractament de la p\u00e8rdua auditiva&#8221; la va dur a terme el professor Marcelo Rivolta.<br \/>\nVam fer una pausa per esmorzar i, tot seguit, van continuar les diferents confer\u00e8ncies i taules rodones.<br \/>\nEl sr. Yann Griset, president de Surdi France, federaci\u00f3 de persones amb sordesa a Fran\u00e7a, va fer una exposici\u00f3 sobre l&#8217;ampliaci\u00f3 de la cobertura de pr\u00f2tesis auditives. A partir de la informaci\u00f3 proporcionada, es va generar una taula rodona amb la pres\u00e8ncia del sr. Francesc Roca-Ribas. Vicedeg\u00e0 de la Facultat de Medicina de la U-Vic, el sr. Carles Mundet, Subdirector General de Coordinaci\u00f3 i Participaci\u00f3 en Salut del departament de Salut, el sr. Carles Campuzano, President de la Comissi\u00f3 de Salut de Parlament de Catalunya i un representant de la Federaci\u00f3 ACAPPS.<br \/>\nSeguidament, va haver usa segona taula rodona sobre l\u2019accessibilitat a la Cultura, on van participar el sr. Francesc Vilar\u00f3, cap del gabinet t\u00e8cnic del departament de Cultura i membre del Consell per a la Promoci\u00f3 de l\u2019Accessibilitat en representaci\u00f3 del departament de Cultura, el sr. Albert Minguill\u00f3n, Director de Comunicaci\u00f3, P\u00fablics i Mediaci\u00f3 del Teatre i la sra. Judith Colell, Presidenta de l\u2019Acad\u00e8mia del Cinema Catal\u00e0.<br \/>\nFinalment va haver el lliurament dels Premis Federaci\u00f3 ACAPPS, i la cloenda a c\u00e0rrec del president de la federaci\u00f3 ACCAPS, el sr. Raimon Jan\u00e9.<br \/>\n<img loading=\"lazy\" decoding=\"async\" src=\"https:\/\/serveiseducatius.xtec.cat\/creda-comarques2\/wp-content\/uploads\/usu1337\/2025\/11\/IMG_8196-1024x663.jpeg\" alt=\"\" width=\"1024\" height=\"663\" class=\"alignnone size-large wp-image-11030\" srcset=\"https:\/\/serveiseducatius.xtec.cat\/creda-comarques2\/wp-content\/uploads\/usu1337\/2025\/11\/IMG_8196-1024x663.jpeg 1024w, https:\/\/serveiseducatius.xtec.cat\/creda-comarques2\/wp-content\/uploads\/usu1337\/2025\/11\/IMG_8196-300x194.jpeg 300w, https:\/\/serveiseducatius.xtec.cat\/creda-comarques2\/wp-content\/uploads\/usu1337\/2025\/11\/IMG_8196-768x497.jpeg 768w, https:\/\/serveiseducatius.xtec.cat\/creda-comarques2\/wp-content\/uploads\/usu1337\/2025\/11\/IMG_8196-1536x994.jpeg 1536w, https:\/\/serveiseducatius.xtec.cat\/creda-comarques2\/wp-content\/uploads\/usu1337\/2025\/11\/IMG_8196-2048x1325.jpeg 2048w\" sizes=\"auto, (max-width: 1024px) 100vw, 1024px\" \/><\/p>\n","protected":false},"excerpt":{"rendered":"<p>Dissabte, 22 de novembre es van celebrar les 29es Jornades de Formaci\u00f3 en Modalitat Oral de la Federaci\u00f3 ACAPPS, a l&#8217;auditori de la ONCE a Barcelona. Es van fer diverses xerrades i taules rodones molt interessants. La primera pon\u00e8ncia, &#8220;Avan\u00e7os recents en el desenvolupament d\u2019una ter\u00e0pia cel\u00b7lular per al tractament de la p\u00e8rdua auditiva&#8221; la [&hellip;]<\/p>\n","protected":false},"author":14,"featured_media":11030,"comment_status":"open","ping_status":"open","sticky":false,"template":"","format":"standard","meta":{"_bbp_topic_count":0,"_bbp_reply_count":0,"_bbp_total_topic_count":0,"_bbp_total_reply_count":0,"_bbp_voice_count":0,"_bbp_anonymous_reply_count":0,"_bbp_topic_count_hidden":0,"_bbp_reply_count_hidden":0,"_bbp_forum_subforum_count":0,"site-sidebar-layout":"default","site-content-layout":"","ast-site-content-layout":"default","site-content-style":"default","site-sidebar-style":"default","ast-global-header-display":"","ast-banner-title-visibility":"","ast-main-header-display":"","ast-hfb-above-header-display":"","ast-hfb-below-header-display":"","ast-hfb-mobile-header-display":"","site-post-title":"","ast-breadcrumbs-content":"","ast-featured-img":"","footer-sml-layout":"","theme-transparent-header-meta":"default","adv-header-id-meta":"","stick-header-meta":"","header-above-stick-meta":"","header-main-stick-meta":"","header-below-stick-meta":"","astra-migrate-meta-layouts":"set","ast-page-background-enabled":"default","ast-page-background-meta":{"desktop":{"background-color":"var(--ast-global-color-4)","background-image":"","background-repeat":"repeat","background-position":"center center","background-size":"auto","background-attachment":"scroll","background-type":"","background-media":"","overlay-type":"","overlay-color":"","overlay-opacity":"","overlay-gradient":""},"tablet":{"background-color":"","background-image":"","background-repeat":"repeat","background-position":"center center","background-size":"auto","background-attachment":"scroll","background-type":"","background-media":"","overlay-type":"","overlay-color":"","overlay-opacity":"","overlay-gradient":""},"mobile":{"background-color":"","background-image":"","background-repeat":"repeat","background-position":"center center","background-size":"auto","background-attachment":"scroll","background-type":"","background-media":"","overlay-type":"","overlay-color":"","overlay-opacity":"","overlay-gradient":""}},"ast-content-background-meta":{"desktop":{"background-color":"var(--ast-global-color-5)","background-image":"","background-repeat":"repeat","background-position":"center center","background-size":"auto","background-attachment":"scroll","background-type":"","background-media":"","overlay-type":"","overlay-color":"","overlay-opacity":"","overlay-gradient":""},"tablet":{"background-color":"var(--ast-global-color-5)","background-image":"","background-repeat":"repeat","background-position":"center center","background-size":"auto","background-attachment":"scroll","background-type":"","background-media":"","overlay-type":"","overlay-color":"","overlay-opacity":"","overlay-gradient":""},"mobile":{"background-color":"var(--ast-global-color-5)","background-image":"","background-repeat":"repeat","background-position":"center center","background-size":"auto","background-attachment":"scroll","background-type":"","background-media":"","overlay-type":"","overlay-color":"","overlay-opacity":"","overlay-gradient":""}},"footnotes":""},"categories":[288,273],"tags":[],"class_list":["post-11029","post","type-post","status-publish","format-standard","has-post-thumbnail","hentry","category-formacio","category-portada"],"post_mailing_queue_ids":[],"_links":{"self":[{"href":"https:\/\/serveiseducatius.xtec.cat\/creda-comarques2\/wp-json\/wp\/v2\/posts\/11029","targetHints":{"allow":["GET"]}}],"collection":[{"href":"https:\/\/serveiseducatius.xtec.cat\/creda-comarques2\/wp-json\/wp\/v2\/posts"}],"about":[{"href":"https:\/\/serveiseducatius.xtec.cat\/creda-comarques2\/wp-json\/wp\/v2\/types\/post"}],"author":[{"embeddable":true,"href":"https:\/\/serveiseducatius.xtec.cat\/creda-comarques2\/wp-json\/wp\/v2\/users\/14"}],"replies":[{"embeddable":true,"href":"https:\/\/serveiseducatius.xtec.cat\/creda-comarques2\/wp-json\/wp\/v2\/comments?post=11029"}],"version-history":[{"count":3,"href":"https:\/\/serveiseducatius.xtec.cat\/creda-comarques2\/wp-json\/wp\/v2\/posts\/11029\/revisions"}],"predecessor-version":[{"id":11045,"href":"https:\/\/serveiseducatius.xtec.cat\/creda-comarques2\/wp-json\/wp\/v2\/posts\/11029\/revisions\/11045"}],"wp:featuredmedia":[{"embeddable":true,"href":"https:\/\/serveiseducatius.xtec.cat\/creda-comarques2\/wp-json\/wp\/v2\/media\/11030"}],"wp:attachment":[{"href":"https:\/\/serveiseducatius.xtec.cat\/creda-comarques2\/wp-json\/wp\/v2\/media?parent=11029"}],"wp:term":[{"taxonomy":"category","embeddable":true,"href":"https:\/\/serveiseducatius.xtec.cat\/creda-comarques2\/wp-json\/wp\/v2\/categories?post=11029"},{"taxonomy":"post_tag","embeddable":true,"href":"https:\/\/serveiseducatius.xtec.cat\/creda-comarques2\/wp-json\/wp\/v2\/tags?post=11029"}],"curies":[{"name":"wp","href":"https:\/\/api.w.org\/{rel}","templated":true}]}}