{"id":9994,"date":"2019-02-19T13:30:17","date_gmt":"2019-02-19T12:30:17","guid":{"rendered":"http:\/\/serveiseducatius.xtec.cat\/creda-catcentral\/?p=9994"},"modified":"2019-02-19T17:44:03","modified_gmt":"2019-02-19T16:44:03","slug":"parlar-en-public-i-comunicacio-eficac","status":"publish","type":"post","link":"https:\/\/serveiseducatius.xtec.cat\/creda-catcentral\/alumnes\/parlar-en-public-i-comunicacio-eficac\/","title":{"rendered":"PARLAR EN P\u00daBLIC I COMUNICACI\u00d3 EFICA\u00c7"},"content":{"rendered":"<p>Des de la Federaci\u00f3 ACAPPS i\u00a0 T-Oigo organitzen aquest taller\u00a0<span style=\"font-family: inherit; font-size: 1em;\">gratu\u00eft, amb l&#8217;experta en comunicaci\u00f3 Karen Friedman,\u00a0<\/span>el divendres 22 de febrer. Aquest taller est\u00e0 adre\u00e7at a joves d&#8217;entre 12 i 20 anys, amb discapacitat auditiva.<\/p>\n<p>Si vols parlar en p\u00fablic o en grup sense vergonya, si vols millorar les presentacions orals a la classe o t&#8217;agradaria llan\u00e7ar-te m\u00e9s en una conversa de grup,\u00a0 si vols saber con\u00e8ixer t\u00e8cniques b\u00e0siques , ci vols incorporar un estil propi i natural en les teves intervencions\u00a0 o si vols saber com aprofitar el poder de la comunicaci\u00f3 no verbal, aquest taller t&#8217;interessar\u00e0.<\/p>\n<p>Clica la imatge per obtenir m\u00e9s informaci\u00f3.<\/p>\n<p>&nbsp;<\/p>\n<p><a href=\"https:\/\/es.surveymonkey.com\/r\/tallerbarcelonaKaren\" target=\"_blank\" rel=\"noopener\"><img loading=\"lazy\" decoding=\"async\" class=\"alignleft wp-image-10000\" src=\"https:\/\/serveiseducatius.xtec.cat\/creda-catcentral\/wp-content\/uploads\/usu1063\/2019\/02\/unnamed-1-300x150.jpg\" alt=\"\" width=\"521\" height=\"259\" \/><\/a><\/p>\n","protected":false},"excerpt":{"rendered":"<p>Des de la Federaci\u00f3 ACAPPS i\u00a0 T-Oigo organitzen aquest taller\u00a0gratu\u00eft, amb l&#8217;experta en comunicaci\u00f3 Karen Friedman,\u00a0el divendres 22 de febrer. Aquest taller est\u00e0 adre\u00e7at a joves d&#8217;entre 12 i 20 anys, amb discapacitat auditiva. Si vols parlar en p\u00fablic o en grup sense vergonya, si vols millorar les presentacions orals a la classe o t&#8217;agradaria [&hellip;]<\/p>\n","protected":false},"author":3,"featured_media":10000,"comment_status":"open","ping_status":"closed","sticky":false,"template":"","format":"standard","meta":{"site-sidebar-layout":"default","site-content-layout":"","ast-site-content-layout":"","site-content-style":"default","site-sidebar-style":"default","ast-global-header-display":"","ast-banner-title-visibility":"","ast-main-header-display":"","ast-hfb-above-header-display":"","ast-hfb-below-header-display":"","ast-hfb-mobile-header-display":"","site-post-title":"","ast-breadcrumbs-content":"","ast-featured-img":"","footer-sml-layout":"","theme-transparent-header-meta":"","adv-header-id-meta":"","stick-header-meta":"","header-above-stick-meta":"","header-main-stick-meta":"","header-below-stick-meta":"","astra-migrate-meta-layouts":"default","ast-page-background-enabled":"default","ast-page-background-meta":{"desktop":{"background-color":"var(--ast-global-color-4)","background-image":"","background-repeat":"repeat","background-position":"center center","background-size":"auto","background-attachment":"scroll","background-type":"","background-media":"","overlay-type":"","overlay-color":"","overlay-opacity":"","overlay-gradient":""},"tablet":{"background-color":"","background-image":"","background-repeat":"repeat","background-position":"center center","background-size":"auto","background-attachment":"scroll","background-type":"","background-media":"","overlay-type":"","overlay-color":"","overlay-opacity":"","overlay-gradient":""},"mobile":{"background-color":"","background-image":"","background-repeat":"repeat","background-position":"center center","background-size":"auto","background-attachment":"scroll","background-type":"","background-media":"","overlay-type":"","overlay-color":"","overlay-opacity":"","overlay-gradient":""}},"ast-content-background-meta":{"desktop":{"background-color":"var(--ast-global-color-5)","background-image":"","background-repeat":"repeat","background-position":"center center","background-size":"auto","background-attachment":"scroll","background-type":"","background-media":"","overlay-type":"","overlay-color":"","overlay-opacity":"","overlay-gradient":""},"tablet":{"background-color":"var(--ast-global-color-5)","background-image":"","background-repeat":"repeat","background-position":"center center","background-size":"auto","background-attachment":"scroll","background-type":"","background-media":"","overlay-type":"","overlay-color":"","overlay-opacity":"","overlay-gradient":""},"mobile":{"background-color":"var(--ast-global-color-5)","background-image":"","background-repeat":"repeat","background-position":"center center","background-size":"auto","background-attachment":"scroll","background-type":"","background-media":"","overlay-type":"","overlay-color":"","overlay-opacity":"","overlay-gradient":""}},"footnotes":""},"categories":[272,273],"tags":[609,545,334,668,560,681],"class_list":["post-9994","post","type-post","status-publish","format-standard","has-post-thumbnail","hentry","category-alumnes","category-portada","tag-acapps","tag-adolescents","tag-expressio-oral","tag-infocreda","tag-sords","tag-t-oigo"],"post_mailing_queue_ids":[],"_links":{"self":[{"href":"https:\/\/serveiseducatius.xtec.cat\/creda-catcentral\/wp-json\/wp\/v2\/posts\/9994","targetHints":{"allow":["GET"]}}],"collection":[{"href":"https:\/\/serveiseducatius.xtec.cat\/creda-catcentral\/wp-json\/wp\/v2\/posts"}],"about":[{"href":"https:\/\/serveiseducatius.xtec.cat\/creda-catcentral\/wp-json\/wp\/v2\/types\/post"}],"author":[{"embeddable":true,"href":"https:\/\/serveiseducatius.xtec.cat\/creda-catcentral\/wp-json\/wp\/v2\/users\/3"}],"replies":[{"embeddable":true,"href":"https:\/\/serveiseducatius.xtec.cat\/creda-catcentral\/wp-json\/wp\/v2\/comments?post=9994"}],"version-history":[{"count":3,"href":"https:\/\/serveiseducatius.xtec.cat\/creda-catcentral\/wp-json\/wp\/v2\/posts\/9994\/revisions"}],"predecessor-version":[{"id":10001,"href":"https:\/\/serveiseducatius.xtec.cat\/creda-catcentral\/wp-json\/wp\/v2\/posts\/9994\/revisions\/10001"}],"wp:featuredmedia":[{"embeddable":true,"href":"https:\/\/serveiseducatius.xtec.cat\/creda-catcentral\/wp-json\/wp\/v2\/media\/10000"}],"wp:attachment":[{"href":"https:\/\/serveiseducatius.xtec.cat\/creda-catcentral\/wp-json\/wp\/v2\/media?parent=9994"}],"wp:term":[{"taxonomy":"category","embeddable":true,"href":"https:\/\/serveiseducatius.xtec.cat\/creda-catcentral\/wp-json\/wp\/v2\/categories?post=9994"},{"taxonomy":"post_tag","embeddable":true,"href":"https:\/\/serveiseducatius.xtec.cat\/creda-catcentral\/wp-json\/wp\/v2\/tags?post=9994"}],"curies":[{"name":"wp","href":"https:\/\/api.w.org\/{rel}","templated":true}]}}