{"id":9676,"date":"2018-06-05T16:17:16","date_gmt":"2018-06-05T14:17:16","guid":{"rendered":"http:\/\/serveiseducatius.xtec.cat\/creda-catcentral\/?p=9676"},"modified":"2018-06-05T16:17:16","modified_gmt":"2018-06-05T14:17:16","slug":"activitats-destiu-per-a-professorat-no-universitari","status":"publish","type":"post","link":"https:\/\/serveiseducatius.xtec.cat\/creda-catcentral\/general\/activitats-destiu-per-a-professorat-no-universitari\/","title":{"rendered":"ACTIVITATS D&#8217;ESTIU PER A PROFESSORAT NO UNIVERSITARI"},"content":{"rendered":"<p><a href=\"http:\/\/serveiseducatius.xtec.cat\/creda-catcentral\/wp-content\/uploads\/usu1063\/2018\/06\/ICE-UAB.jpg\"><img loading=\"lazy\" decoding=\"async\" class=\"size-full wp-image-9677 aligncenter\" src=\"http:\/\/serveiseducatius.xtec.cat\/creda-catcentral\/wp-content\/uploads\/usu1063\/2018\/06\/ICE-UAB.jpg\" alt=\"\" width=\"675\" height=\"150\" srcset=\"https:\/\/serveiseducatius.xtec.cat\/creda-catcentral\/wp-content\/uploads\/usu1063\/2018\/06\/ICE-UAB.jpg 675w, https:\/\/serveiseducatius.xtec.cat\/creda-catcentral\/wp-content\/uploads\/usu1063\/2018\/06\/ICE-UAB-300x67.jpg 300w\" sizes=\"auto, (max-width: 675px) 100vw, 675px\" \/><\/a><span style=\"color: #000000;\">Els\u00a0<a style=\"color: #000000;\" href=\"http:\/\/www.uab.cat\/web\/formacio\/activitats-d-estiu\/cursos-professorat-de-totes-les-etapes-educatives-1345747799951.html\" target=\"_blank\" rel=\"noopener noreferrer\" data-saferedirecturl=\"https:\/\/www.google.com\/url?hl=ca&amp;q=http:\/\/www.uab.cat\/web\/formacio\/activitats-d-estiu\/cursos-professorat-de-totes-les-etapes-educatives-1345747799951.html&amp;source=gmail&amp;ust=1528292893030000&amp;usg=AFQjCNFbDrppV1cfTTD_zcACcoPWabQjcw\">cursos<\/a>\u00a0<a style=\"color: #000000;\" href=\"http:\/\/www.uab.cat\/web\/formacio\/activitats-d-estiu\/cursos-professorat-de-totes-les-etapes-educatives-1345747799951.html\" target=\"_blank\" rel=\"noopener noreferrer\" data-saferedirecturl=\"https:\/\/www.google.com\/url?hl=ca&amp;q=http:\/\/www.uab.cat\/web\/formacio\/activitats-d-estiu\/cursos-professorat-de-totes-les-etapes-educatives-1345747799951.html&amp;source=gmail&amp;ust=1528292893030000&amp;usg=AFQjCNFbDrppV1cfTTD_zcACcoPWabQjcw\">d&#8217;estiu a<\/a><a style=\"color: #000000;\" href=\"http:\/\/www.uab.cat\/web\/formacio\/activitats-d-estiu\/cursos-professorat-de-totes-les-etapes-educatives-1345747799951.html\" target=\"_blank\" rel=\"noopener noreferrer\" data-saferedirecturl=\"https:\/\/www.google.com\/url?hl=ca&amp;q=http:\/\/www.uab.cat\/web\/formacio\/activitats-d-estiu\/cursos-professorat-de-totes-les-etapes-educatives-1345747799951.html&amp;source=gmail&amp;ust=1528292893030000&amp;usg=AFQjCNFbDrppV1cfTTD_zcACcoPWabQjcw\">dre\u00e7ats al professora<\/a><a style=\"color: #000000;\" href=\"http:\/\/www.uab.cat\/web\/formacio\/activitats-d-estiu\/cursos-professorat-de-totes-les-etapes-educatives-1345747799951.html\" target=\"_blank\" rel=\"noopener noreferrer\" data-saferedirecturl=\"https:\/\/www.google.com\/url?hl=ca&amp;q=http:\/\/www.uab.cat\/web\/formacio\/activitats-d-estiu\/cursos-professorat-de-totes-les-etapes-educatives-1345747799951.html&amp;source=gmail&amp;ust=1528292893030000&amp;usg=AFQjCNFbDrppV1cfTTD_zcACcoPWabQjcw\">t no universitari<\/a>\u00a0representen un espai d\u2019actualitzaci\u00f3 i desenvolupament professional per al conjunt de professorat de les diferents<\/span> etapes educatives i per a qualsevol professional que estigui motivat i interessat en millorar la seva formaci\u00f3 i les seves compet\u00e8ncies. En aquest sentit, les activitats i cursos proposats ofereixen un ventall molt variat i divers de tem\u00e0tiques i \u00e0mbits disciplinaris.<\/p>\n","protected":false},"excerpt":{"rendered":"<p>Els\u00a0cursos\u00a0d&#8217;estiu adre\u00e7ats al professorat no universitari\u00a0representen un espai d\u2019actualitzaci\u00f3 i desenvolupament professional per al conjunt de professorat de les diferents etapes educatives i per a qualsevol professional que estigui motivat i interessat en millorar la seva formaci\u00f3 i les seves compet\u00e8ncies. En aquest sentit, les activitats i cursos proposats ofereixen un ventall molt variat i [&hellip;]<\/p>\n","protected":false},"author":25,"featured_media":9677,"comment_status":"open","ping_status":"closed","sticky":false,"template":"","format":"standard","meta":{"site-sidebar-layout":"default","site-content-layout":"","ast-site-content-layout":"","site-content-style":"default","site-sidebar-style":"default","ast-global-header-display":"","ast-banner-title-visibility":"","ast-main-header-display":"","ast-hfb-above-header-display":"","ast-hfb-below-header-display":"","ast-hfb-mobile-header-display":"","site-post-title":"","ast-breadcrumbs-content":"","ast-featured-img":"","footer-sml-layout":"","theme-transparent-header-meta":"","adv-header-id-meta":"","stick-header-meta":"","header-above-stick-meta":"","header-main-stick-meta":"","header-below-stick-meta":"","astra-migrate-meta-layouts":"default","ast-page-background-enabled":"default","ast-page-background-meta":{"desktop":{"background-color":"var(--ast-global-color-4)","background-image":"","background-repeat":"repeat","background-position":"center center","background-size":"auto","background-attachment":"scroll","background-type":"","background-media":"","overlay-type":"","overlay-color":"","overlay-opacity":"","overlay-gradient":""},"tablet":{"background-color":"","background-image":"","background-repeat":"repeat","background-position":"center center","background-size":"auto","background-attachment":"scroll","background-type":"","background-media":"","overlay-type":"","overlay-color":"","overlay-opacity":"","overlay-gradient":""},"mobile":{"background-color":"","background-image":"","background-repeat":"repeat","background-position":"center center","background-size":"auto","background-attachment":"scroll","background-type":"","background-media":"","overlay-type":"","overlay-color":"","overlay-opacity":"","overlay-gradient":""}},"ast-content-background-meta":{"desktop":{"background-color":"var(--ast-global-color-5)","background-image":"","background-repeat":"repeat","background-position":"center center","background-size":"auto","background-attachment":"scroll","background-type":"","background-media":"","overlay-type":"","overlay-color":"","overlay-opacity":"","overlay-gradient":""},"tablet":{"background-color":"var(--ast-global-color-5)","background-image":"","background-repeat":"repeat","background-position":"center center","background-size":"auto","background-attachment":"scroll","background-type":"","background-media":"","overlay-type":"","overlay-color":"","overlay-opacity":"","overlay-gradient":""},"mobile":{"background-color":"var(--ast-global-color-5)","background-image":"","background-repeat":"repeat","background-position":"center center","background-size":"auto","background-attachment":"scroll","background-type":"","background-media":"","overlay-type":"","overlay-color":"","overlay-opacity":"","overlay-gradient":""}},"footnotes":""},"categories":[288,1,273,264],"tags":[442,435,405],"class_list":["post-9676","post","type-post","status-publish","format-standard","has-post-thumbnail","hentry","category-formacio","category-general","category-portada","category-professionals","tag-cursos","tag-estiu","tag-formacio"],"post_mailing_queue_ids":[],"_links":{"self":[{"href":"https:\/\/serveiseducatius.xtec.cat\/creda-catcentral\/wp-json\/wp\/v2\/posts\/9676","targetHints":{"allow":["GET"]}}],"collection":[{"href":"https:\/\/serveiseducatius.xtec.cat\/creda-catcentral\/wp-json\/wp\/v2\/posts"}],"about":[{"href":"https:\/\/serveiseducatius.xtec.cat\/creda-catcentral\/wp-json\/wp\/v2\/types\/post"}],"author":[{"embeddable":true,"href":"https:\/\/serveiseducatius.xtec.cat\/creda-catcentral\/wp-json\/wp\/v2\/users\/25"}],"replies":[{"embeddable":true,"href":"https:\/\/serveiseducatius.xtec.cat\/creda-catcentral\/wp-json\/wp\/v2\/comments?post=9676"}],"version-history":[{"count":2,"href":"https:\/\/serveiseducatius.xtec.cat\/creda-catcentral\/wp-json\/wp\/v2\/posts\/9676\/revisions"}],"predecessor-version":[{"id":9679,"href":"https:\/\/serveiseducatius.xtec.cat\/creda-catcentral\/wp-json\/wp\/v2\/posts\/9676\/revisions\/9679"}],"wp:featuredmedia":[{"embeddable":true,"href":"https:\/\/serveiseducatius.xtec.cat\/creda-catcentral\/wp-json\/wp\/v2\/media\/9677"}],"wp:attachment":[{"href":"https:\/\/serveiseducatius.xtec.cat\/creda-catcentral\/wp-json\/wp\/v2\/media?parent=9676"}],"wp:term":[{"taxonomy":"category","embeddable":true,"href":"https:\/\/serveiseducatius.xtec.cat\/creda-catcentral\/wp-json\/wp\/v2\/categories?post=9676"},{"taxonomy":"post_tag","embeddable":true,"href":"https:\/\/serveiseducatius.xtec.cat\/creda-catcentral\/wp-json\/wp\/v2\/tags?post=9676"}],"curies":[{"name":"wp","href":"https:\/\/api.w.org\/{rel}","templated":true}]}}