{"id":9670,"date":"2018-06-05T15:58:50","date_gmt":"2018-06-05T13:58:50","guid":{"rendered":"http:\/\/serveiseducatius.xtec.cat\/creda-catcentral\/?p=9670"},"modified":"2018-06-05T16:03:04","modified_gmt":"2018-06-05T14:03:04","slug":"uab-curs-de-formacio-en-el-metode-verbo-tonal","status":"publish","type":"post","link":"https:\/\/serveiseducatius.xtec.cat\/creda-catcentral\/general\/uab-curs-de-formacio-en-el-metode-verbo-tonal\/","title":{"rendered":"UAB. CURS DE FORMACI\u00d3 EN EL M\u00c8TODE VERBO-TONAL"},"content":{"rendered":"<p style=\"font-weight: 400;\">La UAB organitza, conjuntament amb el Centre International de Phon\u00e9tique Appliqu\u00e9e (CIPA) de Mons (B\u00e8lgica) i la Universit\u00e9 de Mons, el\u00a0<em>Curs de Formaci\u00f3 en el M\u00e8tode verbo-tonal: correcci\u00f3 fon\u00e8tica i ensenyam<a href=\"http:\/\/serveiseducatius.xtec.cat\/creda-catcentral\/wp-content\/uploads\/usu1063\/2018\/06\/UAB.jpg\"><img loading=\"lazy\" decoding=\"async\" class=\"wp-image-9671 alignleft\" src=\"http:\/\/serveiseducatius.xtec.cat\/creda-catcentral\/wp-content\/uploads\/usu1063\/2018\/06\/UAB.jpg\" alt=\"\" width=\"428\" height=\"172\" srcset=\"https:\/\/serveiseducatius.xtec.cat\/creda-catcentral\/wp-content\/uploads\/usu1063\/2018\/06\/UAB.jpg 731w, https:\/\/serveiseducatius.xtec.cat\/creda-catcentral\/wp-content\/uploads\/usu1063\/2018\/06\/UAB-300x121.jpg 300w\" sizes=\"auto, (max-width: 428px) 100vw, 428px\" \/><\/a>ent de la llengua oral,<\/em>\u00a0que tindr\u00e0 lloc a la Facultat de Lletres de la UAB del 2 al 7 de juliol del 2018.<\/p>\n<p style=\"font-weight: 400;\">El curs, que pret\u00e9n donar respostes a una problem\u00e0tica molt espec\u00edfica en el camp de la did\u00e0ctica, est\u00e0 adre\u00e7at a professorat de lleng\u00fces maternes, segones o estrangeres de qualsevol nivell educatiu aix\u00ed com a professionals de la reeducaci\u00f3 de la parla i logopedes i t\u00e9 com a objectiu proporcionar les eines i instruments que en l\u2019enfocament verbo-tonal poden ajudar el docent o el terapeuta a millorar les produccions orals dels seus estudiants o pacients.<\/p>\n<p style=\"font-weight: 400;\">\n","protected":false},"excerpt":{"rendered":"<p>La UAB organitza, conjuntament amb el Centre International de Phon\u00e9tique Appliqu\u00e9e (CIPA) de Mons (B\u00e8lgica) i la Universit\u00e9 de Mons, el\u00a0Curs de Formaci\u00f3 en el M\u00e8tode verbo-tonal: correcci\u00f3 fon\u00e8tica i ensenyament de la llengua oral,\u00a0que tindr\u00e0 lloc a la Facultat de Lletres de la UAB del 2 al 7 de juliol del 2018. El curs, [&hellip;]<\/p>\n","protected":false},"author":25,"featured_media":9671,"comment_status":"open","ping_status":"closed","sticky":false,"template":"","format":"standard","meta":{"site-sidebar-layout":"default","site-content-layout":"","ast-site-content-layout":"","site-content-style":"default","site-sidebar-style":"default","ast-global-header-display":"","ast-banner-title-visibility":"","ast-main-header-display":"","ast-hfb-above-header-display":"","ast-hfb-below-header-display":"","ast-hfb-mobile-header-display":"","site-post-title":"","ast-breadcrumbs-content":"","ast-featured-img":"","footer-sml-layout":"","theme-transparent-header-meta":"","adv-header-id-meta":"","stick-header-meta":"","header-above-stick-meta":"","header-main-stick-meta":"","header-below-stick-meta":"","astra-migrate-meta-layouts":"default","ast-page-background-enabled":"default","ast-page-background-meta":{"desktop":{"background-color":"var(--ast-global-color-4)","background-image":"","background-repeat":"repeat","background-position":"center center","background-size":"auto","background-attachment":"scroll","background-type":"","background-media":"","overlay-type":"","overlay-color":"","overlay-opacity":"","overlay-gradient":""},"tablet":{"background-color":"","background-image":"","background-repeat":"repeat","background-position":"center center","background-size":"auto","background-attachment":"scroll","background-type":"","background-media":"","overlay-type":"","overlay-color":"","overlay-opacity":"","overlay-gradient":""},"mobile":{"background-color":"","background-image":"","background-repeat":"repeat","background-position":"center center","background-size":"auto","background-attachment":"scroll","background-type":"","background-media":"","overlay-type":"","overlay-color":"","overlay-opacity":"","overlay-gradient":""}},"ast-content-background-meta":{"desktop":{"background-color":"var(--ast-global-color-5)","background-image":"","background-repeat":"repeat","background-position":"center center","background-size":"auto","background-attachment":"scroll","background-type":"","background-media":"","overlay-type":"","overlay-color":"","overlay-opacity":"","overlay-gradient":""},"tablet":{"background-color":"var(--ast-global-color-5)","background-image":"","background-repeat":"repeat","background-position":"center center","background-size":"auto","background-attachment":"scroll","background-type":"","background-media":"","overlay-type":"","overlay-color":"","overlay-opacity":"","overlay-gradient":""},"mobile":{"background-color":"var(--ast-global-color-5)","background-image":"","background-repeat":"repeat","background-position":"center center","background-size":"auto","background-attachment":"scroll","background-type":"","background-media":"","overlay-type":"","overlay-color":"","overlay-opacity":"","overlay-gradient":""}},"footnotes":""},"categories":[288,1,273,264],"tags":[442,405,393,524],"class_list":["post-9670","post","type-post","status-publish","format-standard","has-post-thumbnail","hentry","category-formacio","category-general","category-portada","category-professionals","tag-cursos","tag-formacio","tag-metode-verbo-tonal","tag-uab"],"post_mailing_queue_ids":[],"_links":{"self":[{"href":"https:\/\/serveiseducatius.xtec.cat\/creda-catcentral\/wp-json\/wp\/v2\/posts\/9670","targetHints":{"allow":["GET"]}}],"collection":[{"href":"https:\/\/serveiseducatius.xtec.cat\/creda-catcentral\/wp-json\/wp\/v2\/posts"}],"about":[{"href":"https:\/\/serveiseducatius.xtec.cat\/creda-catcentral\/wp-json\/wp\/v2\/types\/post"}],"author":[{"embeddable":true,"href":"https:\/\/serveiseducatius.xtec.cat\/creda-catcentral\/wp-json\/wp\/v2\/users\/25"}],"replies":[{"embeddable":true,"href":"https:\/\/serveiseducatius.xtec.cat\/creda-catcentral\/wp-json\/wp\/v2\/comments?post=9670"}],"version-history":[{"count":2,"href":"https:\/\/serveiseducatius.xtec.cat\/creda-catcentral\/wp-json\/wp\/v2\/posts\/9670\/revisions"}],"predecessor-version":[{"id":9675,"href":"https:\/\/serveiseducatius.xtec.cat\/creda-catcentral\/wp-json\/wp\/v2\/posts\/9670\/revisions\/9675"}],"wp:featuredmedia":[{"embeddable":true,"href":"https:\/\/serveiseducatius.xtec.cat\/creda-catcentral\/wp-json\/wp\/v2\/media\/9671"}],"wp:attachment":[{"href":"https:\/\/serveiseducatius.xtec.cat\/creda-catcentral\/wp-json\/wp\/v2\/media?parent=9670"}],"wp:term":[{"taxonomy":"category","embeddable":true,"href":"https:\/\/serveiseducatius.xtec.cat\/creda-catcentral\/wp-json\/wp\/v2\/categories?post=9670"},{"taxonomy":"post_tag","embeddable":true,"href":"https:\/\/serveiseducatius.xtec.cat\/creda-catcentral\/wp-json\/wp\/v2\/tags?post=9670"}],"curies":[{"name":"wp","href":"https:\/\/api.w.org\/{rel}","templated":true}]}}