{"id":9487,"date":"2018-01-23T17:04:58","date_gmt":"2018-01-23T16:04:58","guid":{"rendered":"http:\/\/serveiseducatius.xtec.cat\/creda-catcentral\/?p=9487"},"modified":"2018-01-23T17:09:03","modified_gmt":"2018-01-23T16:09:03","slug":"ii-jornada-tacart-tecnologia-digital-i-educacio-artistica","status":"publish","type":"post","link":"https:\/\/serveiseducatius.xtec.cat\/creda-catcentral\/general\/ii-jornada-tacart-tecnologia-digital-i-educacio-artistica\/","title":{"rendered":"II JORNADA TACART, TECNOLOGIA DIGITAL I EDUCACI\u00d3 ART\u00cdSTICA"},"content":{"rendered":"<div class=\"ast-oembed-container \" style=\"height: 100%;\"><iframe loading=\"lazy\" title=\"Jornada TACArt 2017 (resum)\" width=\"500\" height=\"281\" src=\"https:\/\/www.youtube.com\/embed\/H3LOYTdkPS4?feature=oembed\" frameborder=\"0\" allow=\"accelerometer; autoplay; clipboard-write; encrypted-media; gyroscope; picture-in-picture; web-share\" referrerpolicy=\"strict-origin-when-cross-origin\" allowfullscreen><\/iframe><\/div>\n<p>La Jornada estar\u00e0 dedicada a l\u2019intercanvi d\u2019experi\u00e8ncies d\u2019educaci\u00f3 art\u00edstica:\u00a0<strong>visual i pl\u00e0stica,\u00a0m\u00fasica i dansa<\/strong><em>,\u00a0<\/em>amb l\u2019\u00fas de<strong>\u00a0tecnologia<\/strong>\u00a0dins el m\u00f3n educatiu.<\/p>\n<p>Aquesta trobada est\u00e0 especialment adre\u00e7ada a mestres de\u00a0prim\u00e0ria, professorat de secund\u00e0ria, formaci\u00f3 professional inicial i ensenyaments art\u00edstics, essent oberta a altres professionals interessats en la tem\u00e0tica.<\/p>\n","protected":false},"excerpt":{"rendered":"<p>La Jornada estar\u00e0 dedicada a l\u2019intercanvi d\u2019experi\u00e8ncies d\u2019educaci\u00f3 art\u00edstica:\u00a0visual i pl\u00e0stica,\u00a0m\u00fasica i dansa,\u00a0amb l\u2019\u00fas de\u00a0tecnologia\u00a0dins el m\u00f3n educatiu. Aquesta trobada est\u00e0 especialment adre\u00e7ada a mestres de\u00a0prim\u00e0ria, professorat de secund\u00e0ria, formaci\u00f3 professional inicial i ensenyaments art\u00edstics, essent oberta a altres professionals interessats en la tem\u00e0tica.<\/p>\n","protected":false},"author":25,"featured_media":0,"comment_status":"open","ping_status":"closed","sticky":false,"template":"","format":"standard","meta":{"site-sidebar-layout":"default","site-content-layout":"","ast-site-content-layout":"","site-content-style":"default","site-sidebar-style":"default","ast-global-header-display":"","ast-banner-title-visibility":"","ast-main-header-display":"","ast-hfb-above-header-display":"","ast-hfb-below-header-display":"","ast-hfb-mobile-header-display":"","site-post-title":"","ast-breadcrumbs-content":"","ast-featured-img":"","footer-sml-layout":"","theme-transparent-header-meta":"","adv-header-id-meta":"","stick-header-meta":"","header-above-stick-meta":"","header-main-stick-meta":"","header-below-stick-meta":"","astra-migrate-meta-layouts":"default","ast-page-background-enabled":"default","ast-page-background-meta":{"desktop":{"background-color":"var(--ast-global-color-4)","background-image":"","background-repeat":"repeat","background-position":"center center","background-size":"auto","background-attachment":"scroll","background-type":"","background-media":"","overlay-type":"","overlay-color":"","overlay-opacity":"","overlay-gradient":""},"tablet":{"background-color":"","background-image":"","background-repeat":"repeat","background-position":"center center","background-size":"auto","background-attachment":"scroll","background-type":"","background-media":"","overlay-type":"","overlay-color":"","overlay-opacity":"","overlay-gradient":""},"mobile":{"background-color":"","background-image":"","background-repeat":"repeat","background-position":"center center","background-size":"auto","background-attachment":"scroll","background-type":"","background-media":"","overlay-type":"","overlay-color":"","overlay-opacity":"","overlay-gradient":""}},"ast-content-background-meta":{"desktop":{"background-color":"var(--ast-global-color-5)","background-image":"","background-repeat":"repeat","background-position":"center center","background-size":"auto","background-attachment":"scroll","background-type":"","background-media":"","overlay-type":"","overlay-color":"","overlay-opacity":"","overlay-gradient":""},"tablet":{"background-color":"var(--ast-global-color-5)","background-image":"","background-repeat":"repeat","background-position":"center center","background-size":"auto","background-attachment":"scroll","background-type":"","background-media":"","overlay-type":"","overlay-color":"","overlay-opacity":"","overlay-gradient":""},"mobile":{"background-color":"var(--ast-global-color-5)","background-image":"","background-repeat":"repeat","background-position":"center center","background-size":"auto","background-attachment":"scroll","background-type":"","background-media":"","overlay-type":"","overlay-color":"","overlay-opacity":"","overlay-gradient":""}},"footnotes":""},"categories":[287,1,273],"tags":[],"class_list":["post-9487","post","type-post","status-publish","format-standard","hentry","category-als-mitjans","category-general","category-portada"],"post_mailing_queue_ids":[],"_links":{"self":[{"href":"https:\/\/serveiseducatius.xtec.cat\/creda-catcentral\/wp-json\/wp\/v2\/posts\/9487","targetHints":{"allow":["GET"]}}],"collection":[{"href":"https:\/\/serveiseducatius.xtec.cat\/creda-catcentral\/wp-json\/wp\/v2\/posts"}],"about":[{"href":"https:\/\/serveiseducatius.xtec.cat\/creda-catcentral\/wp-json\/wp\/v2\/types\/post"}],"author":[{"embeddable":true,"href":"https:\/\/serveiseducatius.xtec.cat\/creda-catcentral\/wp-json\/wp\/v2\/users\/25"}],"replies":[{"embeddable":true,"href":"https:\/\/serveiseducatius.xtec.cat\/creda-catcentral\/wp-json\/wp\/v2\/comments?post=9487"}],"version-history":[{"count":2,"href":"https:\/\/serveiseducatius.xtec.cat\/creda-catcentral\/wp-json\/wp\/v2\/posts\/9487\/revisions"}],"predecessor-version":[{"id":9489,"href":"https:\/\/serveiseducatius.xtec.cat\/creda-catcentral\/wp-json\/wp\/v2\/posts\/9487\/revisions\/9489"}],"wp:attachment":[{"href":"https:\/\/serveiseducatius.xtec.cat\/creda-catcentral\/wp-json\/wp\/v2\/media?parent=9487"}],"wp:term":[{"taxonomy":"category","embeddable":true,"href":"https:\/\/serveiseducatius.xtec.cat\/creda-catcentral\/wp-json\/wp\/v2\/categories?post=9487"},{"taxonomy":"post_tag","embeddable":true,"href":"https:\/\/serveiseducatius.xtec.cat\/creda-catcentral\/wp-json\/wp\/v2\/tags?post=9487"}],"curies":[{"name":"wp","href":"https:\/\/api.w.org\/{rel}","templated":true}]}}