{"id":9422,"date":"2018-01-11T14:18:34","date_gmt":"2018-01-11T13:18:34","guid":{"rendered":"http:\/\/serveiseducatius.xtec.cat\/creda-catcentral\/?p=9422"},"modified":"2018-01-11T14:18:34","modified_gmt":"2018-01-11T13:18:34","slug":"fobies-i-ansietat-en-el-tea","status":"publish","type":"post","link":"https:\/\/serveiseducatius.xtec.cat\/creda-catcentral\/general\/fobies-i-ansietat-en-el-tea\/","title":{"rendered":"F\u00d2BIES I ANSIETAT EN EL TEA"},"content":{"rendered":"<p>Les persones amb TEA pateixen f\u00f2bies i pors que condicionen la seva qualitat de vida. Des de qu\u00e8 s\u00f3n petits, les pors poden condicionar el seu proc\u00e9s d\u2019aprenentatge i generar nivells d\u2019ansietat significatius que els dificulten l\u2019ac<a href=\"https:\/\/educatiocat.wordpress.com\/2016\/07\/06\/fobies-i-ansietat-en-el-tea\/\"><img loading=\"lazy\" decoding=\"async\" class=\"wp-image-9428 alignleft\" src=\"http:\/\/serveiseducatius.xtec.cat\/creda-catcentral\/wp-content\/uploads\/usu1063\/2018\/01\/foto-2.png\" alt=\"\" width=\"237\" height=\"215\" srcset=\"https:\/\/serveiseducatius.xtec.cat\/creda-catcentral\/wp-content\/uploads\/usu1063\/2018\/01\/foto-2.png 654w, https:\/\/serveiseducatius.xtec.cat\/creda-catcentral\/wp-content\/uploads\/usu1063\/2018\/01\/foto-2-300x272.png 300w\" sizes=\"auto, (max-width: 237px) 100vw, 237px\" \/><\/a>c\u00e9s a molts entorns i activitats.<br \/>\nAquest curs pret\u00e9n aportar informaci\u00f3 te\u00f2rica i pr\u00e0ctica de com observar, analitzar i prioritzar els aspectes que condicionen l\u2019equilibri emocional de les persones amb TEA. A m\u00e9s, aprendrem estrat\u00e8gies concretes adaptades a perfils personals diferents, per tractar les pors i f\u00f2bies i per disminuir els nivells d\u2019ansietat.<\/p>\n","protected":false},"excerpt":{"rendered":"<p>Les persones amb TEA pateixen f\u00f2bies i pors que condicionen la seva qualitat de vida. Des de qu\u00e8 s\u00f3n petits, les pors poden condicionar el seu proc\u00e9s d\u2019aprenentatge i generar nivells d\u2019ansietat significatius que els dificulten l\u2019acc\u00e9s a molts entorns i activitats. Aquest curs pret\u00e9n aportar informaci\u00f3 te\u00f2rica i pr\u00e0ctica de com observar, analitzar i [&hellip;]<\/p>\n","protected":false},"author":25,"featured_media":9425,"comment_status":"open","ping_status":"closed","sticky":false,"template":"","format":"standard","meta":{"site-sidebar-layout":"default","site-content-layout":"","ast-site-content-layout":"","site-content-style":"default","site-sidebar-style":"default","ast-global-header-display":"","ast-banner-title-visibility":"","ast-main-header-display":"","ast-hfb-above-header-display":"","ast-hfb-below-header-display":"","ast-hfb-mobile-header-display":"","site-post-title":"","ast-breadcrumbs-content":"","ast-featured-img":"","footer-sml-layout":"","theme-transparent-header-meta":"","adv-header-id-meta":"","stick-header-meta":"","header-above-stick-meta":"","header-main-stick-meta":"","header-below-stick-meta":"","astra-migrate-meta-layouts":"default","ast-page-background-enabled":"default","ast-page-background-meta":{"desktop":{"background-color":"var(--ast-global-color-4)","background-image":"","background-repeat":"repeat","background-position":"center center","background-size":"auto","background-attachment":"scroll","background-type":"","background-media":"","overlay-type":"","overlay-color":"","overlay-opacity":"","overlay-gradient":""},"tablet":{"background-color":"","background-image":"","background-repeat":"repeat","background-position":"center center","background-size":"auto","background-attachment":"scroll","background-type":"","background-media":"","overlay-type":"","overlay-color":"","overlay-opacity":"","overlay-gradient":""},"mobile":{"background-color":"","background-image":"","background-repeat":"repeat","background-position":"center center","background-size":"auto","background-attachment":"scroll","background-type":"","background-media":"","overlay-type":"","overlay-color":"","overlay-opacity":"","overlay-gradient":""}},"ast-content-background-meta":{"desktop":{"background-color":"var(--ast-global-color-5)","background-image":"","background-repeat":"repeat","background-position":"center center","background-size":"auto","background-attachment":"scroll","background-type":"","background-media":"","overlay-type":"","overlay-color":"","overlay-opacity":"","overlay-gradient":""},"tablet":{"background-color":"var(--ast-global-color-5)","background-image":"","background-repeat":"repeat","background-position":"center center","background-size":"auto","background-attachment":"scroll","background-type":"","background-media":"","overlay-type":"","overlay-color":"","overlay-opacity":"","overlay-gradient":""},"mobile":{"background-color":"var(--ast-global-color-5)","background-image":"","background-repeat":"repeat","background-position":"center center","background-size":"auto","background-attachment":"scroll","background-type":"","background-media":"","overlay-type":"","overlay-color":"","overlay-opacity":"","overlay-gradient":""}},"footnotes":""},"categories":[1,273,264],"tags":[442,487,405,324],"class_list":["post-9422","post","type-post","status-publish","format-standard","has-post-thumbnail","hentry","category-general","category-portada","category-professionals","tag-cursos","tag-educacio","tag-formacio","tag-tea"],"post_mailing_queue_ids":[],"_links":{"self":[{"href":"https:\/\/serveiseducatius.xtec.cat\/creda-catcentral\/wp-json\/wp\/v2\/posts\/9422","targetHints":{"allow":["GET"]}}],"collection":[{"href":"https:\/\/serveiseducatius.xtec.cat\/creda-catcentral\/wp-json\/wp\/v2\/posts"}],"about":[{"href":"https:\/\/serveiseducatius.xtec.cat\/creda-catcentral\/wp-json\/wp\/v2\/types\/post"}],"author":[{"embeddable":true,"href":"https:\/\/serveiseducatius.xtec.cat\/creda-catcentral\/wp-json\/wp\/v2\/users\/25"}],"replies":[{"embeddable":true,"href":"https:\/\/serveiseducatius.xtec.cat\/creda-catcentral\/wp-json\/wp\/v2\/comments?post=9422"}],"version-history":[{"count":2,"href":"https:\/\/serveiseducatius.xtec.cat\/creda-catcentral\/wp-json\/wp\/v2\/posts\/9422\/revisions"}],"predecessor-version":[{"id":9429,"href":"https:\/\/serveiseducatius.xtec.cat\/creda-catcentral\/wp-json\/wp\/v2\/posts\/9422\/revisions\/9429"}],"wp:featuredmedia":[{"embeddable":true,"href":"https:\/\/serveiseducatius.xtec.cat\/creda-catcentral\/wp-json\/wp\/v2\/media\/9425"}],"wp:attachment":[{"href":"https:\/\/serveiseducatius.xtec.cat\/creda-catcentral\/wp-json\/wp\/v2\/media?parent=9422"}],"wp:term":[{"taxonomy":"category","embeddable":true,"href":"https:\/\/serveiseducatius.xtec.cat\/creda-catcentral\/wp-json\/wp\/v2\/categories?post=9422"},{"taxonomy":"post_tag","embeddable":true,"href":"https:\/\/serveiseducatius.xtec.cat\/creda-catcentral\/wp-json\/wp\/v2\/tags?post=9422"}],"curies":[{"name":"wp","href":"https:\/\/api.w.org\/{rel}","templated":true}]}}