{"id":9349,"date":"2017-11-21T15:17:15","date_gmt":"2017-11-21T14:17:15","guid":{"rendered":"http:\/\/serveiseducatius.xtec.cat\/creda-catcentral\/?p=9349"},"modified":"2017-11-21T15:17:15","modified_gmt":"2017-11-21T14:17:15","slug":"el-mon-dels-cavalls-de-la-ma-de-la-paqui-borjas","status":"publish","type":"post","link":"https:\/\/serveiseducatius.xtec.cat\/creda-catcentral\/families\/el-mon-dels-cavalls-de-la-ma-de-la-paqui-borjas\/","title":{"rendered":"EL M\u00d3N DELS CAVALLS DE LA M\u00c0 DE LA PAQUI BORJAS"},"content":{"rendered":"<p>&#8220;Un viatge a l&#8217;interior de l&#8217;\u00e0nima per fer visible lo invisible&#8221;<\/p>\n<p>EXPRESSA\u2019T \u00c9s un projecte educatiu pedag\u00f2gic i art\u00edstic amb una metodologia innovadora, que es gesta en un entorn escolar, a partir de l\u2019observaci\u00f3 corporal que es fa en l\u2019Infant, i que ens desperta una altre forma d\u2019apropar-nos a l\u2019alumne, mitjan\u00e7ant l\u2019Art, la dansa l&#8217;humor i l&#8217;amor, per afavorir la creativitat i l\u2019expressi\u00f3 de les seves necessitats emocionals.<\/p>\n<p>Feu clic sobre la imatge per veure el reportatge complet.<\/p>\n<p><a href=\"http:\/\/canal-taronja-central.xiptv.cat\/obert-24h\" target=\"_blank\" rel=\"noopener noreferrer\"><img loading=\"lazy\" decoding=\"async\" class=\"alignleft  wp-image-9350\" src=\"http:\/\/serveiseducatius.xtec.cat\/creda-catcentral\/wp-content\/uploads\/usu1063\/2017\/11\/moncavalls-300x169.jpg\" alt=\"\" width=\"454\" height=\"256\" srcset=\"https:\/\/serveiseducatius.xtec.cat\/creda-catcentral\/wp-content\/uploads\/usu1063\/2017\/11\/moncavalls-300x169.jpg 300w, https:\/\/serveiseducatius.xtec.cat\/creda-catcentral\/wp-content\/uploads\/usu1063\/2017\/11\/moncavalls.jpg 711w\" sizes=\"auto, (max-width: 454px) 100vw, 454px\" \/><\/a><\/p>\n","protected":false},"excerpt":{"rendered":"<p>&#8220;Un viatge a l&#8217;interior de l&#8217;\u00e0nima per fer visible lo invisible&#8221; EXPRESSA\u2019T \u00c9s un projecte educatiu pedag\u00f2gic i art\u00edstic amb una metodologia innovadora, que es gesta en un entorn escolar, a partir de l\u2019observaci\u00f3 corporal que es fa en l\u2019Infant, i que ens desperta una altre forma d\u2019apropar-nos a l\u2019alumne, mitjan\u00e7ant l\u2019Art, la dansa l&#8217;humor [&hellip;]<\/p>\n","protected":false},"author":3,"featured_media":9350,"comment_status":"open","ping_status":"closed","sticky":false,"template":"","format":"standard","meta":{"site-sidebar-layout":"default","site-content-layout":"","ast-site-content-layout":"","site-content-style":"default","site-sidebar-style":"default","ast-global-header-display":"","ast-banner-title-visibility":"","ast-main-header-display":"","ast-hfb-above-header-display":"","ast-hfb-below-header-display":"","ast-hfb-mobile-header-display":"","site-post-title":"","ast-breadcrumbs-content":"","ast-featured-img":"","footer-sml-layout":"","theme-transparent-header-meta":"","adv-header-id-meta":"","stick-header-meta":"","header-above-stick-meta":"","header-main-stick-meta":"","header-below-stick-meta":"","astra-migrate-meta-layouts":"default","ast-page-background-enabled":"default","ast-page-background-meta":{"desktop":{"background-color":"var(--ast-global-color-4)","background-image":"","background-repeat":"repeat","background-position":"center center","background-size":"auto","background-attachment":"scroll","background-type":"","background-media":"","overlay-type":"","overlay-color":"","overlay-opacity":"","overlay-gradient":""},"tablet":{"background-color":"","background-image":"","background-repeat":"repeat","background-position":"center center","background-size":"auto","background-attachment":"scroll","background-type":"","background-media":"","overlay-type":"","overlay-color":"","overlay-opacity":"","overlay-gradient":""},"mobile":{"background-color":"","background-image":"","background-repeat":"repeat","background-position":"center center","background-size":"auto","background-attachment":"scroll","background-type":"","background-media":"","overlay-type":"","overlay-color":"","overlay-opacity":"","overlay-gradient":""}},"ast-content-background-meta":{"desktop":{"background-color":"var(--ast-global-color-5)","background-image":"","background-repeat":"repeat","background-position":"center center","background-size":"auto","background-attachment":"scroll","background-type":"","background-media":"","overlay-type":"","overlay-color":"","overlay-opacity":"","overlay-gradient":""},"tablet":{"background-color":"var(--ast-global-color-5)","background-image":"","background-repeat":"repeat","background-position":"center center","background-size":"auto","background-attachment":"scroll","background-type":"","background-media":"","overlay-type":"","overlay-color":"","overlay-opacity":"","overlay-gradient":""},"mobile":{"background-color":"var(--ast-global-color-5)","background-image":"","background-repeat":"repeat","background-position":"center center","background-size":"auto","background-attachment":"scroll","background-type":"","background-media":"","overlay-type":"","overlay-color":"","overlay-opacity":"","overlay-gradient":""}},"footnotes":""},"categories":[271,273],"tags":[511,517,360],"class_list":["post-9349","post","type-post","status-publish","format-standard","has-post-thumbnail","hentry","category-families","category-portada","tag-diversitat","tag-educacio-emocionals","tag-emocions"],"post_mailing_queue_ids":[],"_links":{"self":[{"href":"https:\/\/serveiseducatius.xtec.cat\/creda-catcentral\/wp-json\/wp\/v2\/posts\/9349","targetHints":{"allow":["GET"]}}],"collection":[{"href":"https:\/\/serveiseducatius.xtec.cat\/creda-catcentral\/wp-json\/wp\/v2\/posts"}],"about":[{"href":"https:\/\/serveiseducatius.xtec.cat\/creda-catcentral\/wp-json\/wp\/v2\/types\/post"}],"author":[{"embeddable":true,"href":"https:\/\/serveiseducatius.xtec.cat\/creda-catcentral\/wp-json\/wp\/v2\/users\/3"}],"replies":[{"embeddable":true,"href":"https:\/\/serveiseducatius.xtec.cat\/creda-catcentral\/wp-json\/wp\/v2\/comments?post=9349"}],"version-history":[{"count":1,"href":"https:\/\/serveiseducatius.xtec.cat\/creda-catcentral\/wp-json\/wp\/v2\/posts\/9349\/revisions"}],"predecessor-version":[{"id":9351,"href":"https:\/\/serveiseducatius.xtec.cat\/creda-catcentral\/wp-json\/wp\/v2\/posts\/9349\/revisions\/9351"}],"wp:featuredmedia":[{"embeddable":true,"href":"https:\/\/serveiseducatius.xtec.cat\/creda-catcentral\/wp-json\/wp\/v2\/media\/9350"}],"wp:attachment":[{"href":"https:\/\/serveiseducatius.xtec.cat\/creda-catcentral\/wp-json\/wp\/v2\/media?parent=9349"}],"wp:term":[{"taxonomy":"category","embeddable":true,"href":"https:\/\/serveiseducatius.xtec.cat\/creda-catcentral\/wp-json\/wp\/v2\/categories?post=9349"},{"taxonomy":"post_tag","embeddable":true,"href":"https:\/\/serveiseducatius.xtec.cat\/creda-catcentral\/wp-json\/wp\/v2\/tags?post=9349"}],"curies":[{"name":"wp","href":"https:\/\/api.w.org\/{rel}","templated":true}]}}