{"id":9246,"date":"2017-10-26T16:14:30","date_gmt":"2017-10-26T14:14:30","guid":{"rendered":"http:\/\/serveiseducatius.xtec.cat\/creda-catcentral\/?p=9246"},"modified":"2017-11-14T17:07:04","modified_gmt":"2017-11-14T16:07:04","slug":"curs-sobre-dificultats-especifiques-de-laprenentatge-deteccio-diagnostic-i-intervencio-a-laula-i-a-casa","status":"publish","type":"post","link":"https:\/\/serveiseducatius.xtec.cat\/creda-catcentral\/general\/curs-sobre-dificultats-especifiques-de-laprenentatge-deteccio-diagnostic-i-intervencio-a-laula-i-a-casa\/","title":{"rendered":"CURS SOBRE DIFICULTATS ESPEC\u00cdFIQUES DE L&#8217;APRENENTATGE: DETECCI\u00d3, DIAGN\u00d2STIC I INTERVENCI\u00d3 A L&#8217;AULA I A CASA"},"content":{"rendered":"<p>&#8220;Quan li preguntes a un noi perqu\u00e8 creu que apr\u00e8n adequadament, normalment et diuen: \u00e9s que crec que s\u00f3c tonto.<\/p>\n<p>Quines s\u00f3n les conseq\u00fc\u00e8ncies emocionals de\u00a0la disl\u00e8xia?<\/p>\n<div style=\"width: 640px;\" class=\"wp-video\"><!--[if lt IE 9]><script>document.createElement('video');<\/script><![endif]-->\n<video class=\"wp-video-shortcode\" id=\"video-9246-1\" width=\"640\" height=\"360\" preload=\"metadata\" controls=\"controls\"><source type=\"video\/mp4\" src=\"http:\/\/serveiseducatius.xtec.cat\/creda-catcentral\/wp-content\/uploads\/usu1063\/2017\/10\/\u00bfCu\u00e1les-son-las-consecuencias-emocionales-de-la-dislexia-Detecci\u00f3n-diagn\u00f3stico-e-intervenci\u00f3n-en-el-aula-y-en-el-hogar.mp4?_=1\" \/><a href=\"http:\/\/serveiseducatius.xtec.cat\/creda-catcentral\/wp-content\/uploads\/usu1063\/2017\/10\/\u00bfCu\u00e1les-son-las-consecuencias-emocionales-de-la-dislexia-Detecci\u00f3n-diagn\u00f3stico-e-intervenci\u00f3n-en-el-aula-y-en-el-hogar.mp4\">http:\/\/serveiseducatius.xtec.cat\/creda-catcentral\/wp-content\/uploads\/usu1063\/2017\/10\/\u00bfCu\u00e1les-son-las-consecuencias-emocionales-de-la-dislexia-Detecci\u00f3n-diagn\u00f3stico-e-intervenci\u00f3n-en-el-aula-y-en-el-hogar.mp4<\/a><\/video><\/div>\n<p>&nbsp;<\/p>\n","protected":false},"excerpt":{"rendered":"<p>&#8220;Quan li preguntes a un noi perqu\u00e8 creu que apr\u00e8n adequadament, normalment et diuen: \u00e9s que crec que s\u00f3c tonto. Quines s\u00f3n les conseq\u00fc\u00e8ncies emocionals de\u00a0la disl\u00e8xia? &nbsp;<\/p>\n","protected":false},"author":25,"featured_media":9258,"comment_status":"open","ping_status":"closed","sticky":false,"template":"","format":"standard","meta":{"site-sidebar-layout":"default","site-content-layout":"","ast-site-content-layout":"","site-content-style":"default","site-sidebar-style":"default","ast-global-header-display":"","ast-banner-title-visibility":"","ast-main-header-display":"","ast-hfb-above-header-display":"","ast-hfb-below-header-display":"","ast-hfb-mobile-header-display":"","site-post-title":"","ast-breadcrumbs-content":"","ast-featured-img":"","footer-sml-layout":"","theme-transparent-header-meta":"","adv-header-id-meta":"","stick-header-meta":"","header-above-stick-meta":"","header-main-stick-meta":"","header-below-stick-meta":"","astra-migrate-meta-layouts":"default","ast-page-background-enabled":"default","ast-page-background-meta":{"desktop":{"background-color":"var(--ast-global-color-4)","background-image":"","background-repeat":"repeat","background-position":"center center","background-size":"auto","background-attachment":"scroll","background-type":"","background-media":"","overlay-type":"","overlay-color":"","overlay-opacity":"","overlay-gradient":""},"tablet":{"background-color":"","background-image":"","background-repeat":"repeat","background-position":"center center","background-size":"auto","background-attachment":"scroll","background-type":"","background-media":"","overlay-type":"","overlay-color":"","overlay-opacity":"","overlay-gradient":""},"mobile":{"background-color":"","background-image":"","background-repeat":"repeat","background-position":"center center","background-size":"auto","background-attachment":"scroll","background-type":"","background-media":"","overlay-type":"","overlay-color":"","overlay-opacity":"","overlay-gradient":""}},"ast-content-background-meta":{"desktop":{"background-color":"var(--ast-global-color-5)","background-image":"","background-repeat":"repeat","background-position":"center center","background-size":"auto","background-attachment":"scroll","background-type":"","background-media":"","overlay-type":"","overlay-color":"","overlay-opacity":"","overlay-gradient":""},"tablet":{"background-color":"var(--ast-global-color-5)","background-image":"","background-repeat":"repeat","background-position":"center center","background-size":"auto","background-attachment":"scroll","background-type":"","background-media":"","overlay-type":"","overlay-color":"","overlay-opacity":"","overlay-gradient":""},"mobile":{"background-color":"var(--ast-global-color-5)","background-image":"","background-repeat":"repeat","background-position":"center center","background-size":"auto","background-attachment":"scroll","background-type":"","background-media":"","overlay-type":"","overlay-color":"","overlay-opacity":"","overlay-gradient":""}},"footnotes":""},"categories":[288,1,273,264],"tags":[494,495,405],"class_list":["post-9246","post","type-post","status-publish","format-standard","has-post-thumbnail","hentry","category-formacio","category-general","category-portada","category-professionals","tag-consequencies-emocionals","tag-dislexia","tag-formacio"],"post_mailing_queue_ids":[],"_links":{"self":[{"href":"https:\/\/serveiseducatius.xtec.cat\/creda-catcentral\/wp-json\/wp\/v2\/posts\/9246","targetHints":{"allow":["GET"]}}],"collection":[{"href":"https:\/\/serveiseducatius.xtec.cat\/creda-catcentral\/wp-json\/wp\/v2\/posts"}],"about":[{"href":"https:\/\/serveiseducatius.xtec.cat\/creda-catcentral\/wp-json\/wp\/v2\/types\/post"}],"author":[{"embeddable":true,"href":"https:\/\/serveiseducatius.xtec.cat\/creda-catcentral\/wp-json\/wp\/v2\/users\/25"}],"replies":[{"embeddable":true,"href":"https:\/\/serveiseducatius.xtec.cat\/creda-catcentral\/wp-json\/wp\/v2\/comments?post=9246"}],"version-history":[{"count":4,"href":"https:\/\/serveiseducatius.xtec.cat\/creda-catcentral\/wp-json\/wp\/v2\/posts\/9246\/revisions"}],"predecessor-version":[{"id":9332,"href":"https:\/\/serveiseducatius.xtec.cat\/creda-catcentral\/wp-json\/wp\/v2\/posts\/9246\/revisions\/9332"}],"wp:featuredmedia":[{"embeddable":true,"href":"https:\/\/serveiseducatius.xtec.cat\/creda-catcentral\/wp-json\/wp\/v2\/media\/9258"}],"wp:attachment":[{"href":"https:\/\/serveiseducatius.xtec.cat\/creda-catcentral\/wp-json\/wp\/v2\/media?parent=9246"}],"wp:term":[{"taxonomy":"category","embeddable":true,"href":"https:\/\/serveiseducatius.xtec.cat\/creda-catcentral\/wp-json\/wp\/v2\/categories?post=9246"},{"taxonomy":"post_tag","embeddable":true,"href":"https:\/\/serveiseducatius.xtec.cat\/creda-catcentral\/wp-json\/wp\/v2\/tags?post=9246"}],"curies":[{"name":"wp","href":"https:\/\/api.w.org\/{rel}","templated":true}]}}