{"id":9233,"date":"2017-10-24T17:33:21","date_gmt":"2017-10-24T15:33:21","guid":{"rendered":"http:\/\/serveiseducatius.xtec.cat\/creda-catcentral\/?p=9233"},"modified":"2017-10-24T17:33:21","modified_gmt":"2017-10-24T15:33:21","slug":"decret-de-latencio-educativa-a-lalumnat-en-el-marc-del-sistema-educatiu-inclusiu","status":"publish","type":"post","link":"https:\/\/serveiseducatius.xtec.cat\/creda-catcentral\/portada\/decret-de-latencio-educativa-a-lalumnat-en-el-marc-del-sistema-educatiu-inclusiu\/","title":{"rendered":"DECRET DE L&#8217;ATENCI\u00d3 EDUCATIVA A L&#8217;ALUMNAT EN EL MARC DEL SISTEMA EDUCATIU INCLUSIU"},"content":{"rendered":"<p>El passat dia 20 d&#8217;octubre es va publicar al Diari Oficial de la Generalitat de Catalunya (DOCG) el Decret de l\u2019atenci\u00f3 educativa a l\u2019alumnat en el marc d\u2019un sistema educatiu inclusiu.<\/p>\n<p>Aquest Decret \u00e9s el resultat d\u2019un intens proc\u00e9s de di\u00e0leg, complicitat i consens per millorar la qualitat de l\u2019educaci\u00f3; sense la implicaci\u00f3 de cadascun dels agents, professionals i experts en curr\u00edculum, metodologia, avaluaci\u00f3 i atenci\u00f3 a la diversitat i la inclusi\u00f3, entitats, associacions i fam\u00edlies, no s&#8217;hagu\u00e9s aconseguit.<\/p>\n<p>Aquest decret vol ser un pas endavant en l\u2019educaci\u00f3 del pa\u00eds, amb la voluntat d\u2019avan\u00e7ar en la fita d\u2019una escola per a tothom, amb un projecte per a cadasc\u00fa.<\/p>\n<p>Vegeu en aquest enlla\u00e7 el <a href=\"http:\/\/serveiseducatius.xtec.cat\/creda-catcentral\/wp-content\/uploads\/usu1063\/2017\/10\/decret_aten_educ_alm_sist_educatiu_inclusiu.pdf\" target=\"_blank\" rel=\"noopener noreferrer\">DOCUMENT pdf<\/a><\/p>\n","protected":false},"excerpt":{"rendered":"<p>El passat dia 20 d&#8217;octubre es va publicar al Diari Oficial de la Generalitat de Catalunya (DOCG) el Decret de l\u2019atenci\u00f3 educativa a l\u2019alumnat en el marc d\u2019un sistema educatiu inclusiu. Aquest Decret \u00e9s el resultat d\u2019un intens proc\u00e9s de di\u00e0leg, complicitat i consens per millorar la qualitat de l\u2019educaci\u00f3; sense la implicaci\u00f3 de cadascun [&hellip;]<\/p>\n","protected":false},"author":3,"featured_media":0,"comment_status":"open","ping_status":"closed","sticky":false,"template":"","format":"standard","meta":{"site-sidebar-layout":"default","site-content-layout":"","ast-site-content-layout":"","site-content-style":"default","site-sidebar-style":"default","ast-global-header-display":"","ast-banner-title-visibility":"","ast-main-header-display":"","ast-hfb-above-header-display":"","ast-hfb-below-header-display":"","ast-hfb-mobile-header-display":"","site-post-title":"","ast-breadcrumbs-content":"","ast-featured-img":"","footer-sml-layout":"","theme-transparent-header-meta":"","adv-header-id-meta":"","stick-header-meta":"","header-above-stick-meta":"","header-main-stick-meta":"","header-below-stick-meta":"","astra-migrate-meta-layouts":"default","ast-page-background-enabled":"default","ast-page-background-meta":{"desktop":{"background-color":"var(--ast-global-color-4)","background-image":"","background-repeat":"repeat","background-position":"center center","background-size":"auto","background-attachment":"scroll","background-type":"","background-media":"","overlay-type":"","overlay-color":"","overlay-opacity":"","overlay-gradient":""},"tablet":{"background-color":"","background-image":"","background-repeat":"repeat","background-position":"center center","background-size":"auto","background-attachment":"scroll","background-type":"","background-media":"","overlay-type":"","overlay-color":"","overlay-opacity":"","overlay-gradient":""},"mobile":{"background-color":"","background-image":"","background-repeat":"repeat","background-position":"center center","background-size":"auto","background-attachment":"scroll","background-type":"","background-media":"","overlay-type":"","overlay-color":"","overlay-opacity":"","overlay-gradient":""}},"ast-content-background-meta":{"desktop":{"background-color":"var(--ast-global-color-5)","background-image":"","background-repeat":"repeat","background-position":"center center","background-size":"auto","background-attachment":"scroll","background-type":"","background-media":"","overlay-type":"","overlay-color":"","overlay-opacity":"","overlay-gradient":""},"tablet":{"background-color":"var(--ast-global-color-5)","background-image":"","background-repeat":"repeat","background-position":"center center","background-size":"auto","background-attachment":"scroll","background-type":"","background-media":"","overlay-type":"","overlay-color":"","overlay-opacity":"","overlay-gradient":""},"mobile":{"background-color":"var(--ast-global-color-5)","background-image":"","background-repeat":"repeat","background-position":"center center","background-size":"auto","background-attachment":"scroll","background-type":"","background-media":"","overlay-type":"","overlay-color":"","overlay-opacity":"","overlay-gradient":""}},"footnotes":""},"categories":[273],"tags":[488,377,489],"class_list":["post-9233","post","type-post","status-publish","format-standard","hentry","category-portada","tag-decret","tag-inclusio","tag-inclusiva"],"post_mailing_queue_ids":[],"_links":{"self":[{"href":"https:\/\/serveiseducatius.xtec.cat\/creda-catcentral\/wp-json\/wp\/v2\/posts\/9233","targetHints":{"allow":["GET"]}}],"collection":[{"href":"https:\/\/serveiseducatius.xtec.cat\/creda-catcentral\/wp-json\/wp\/v2\/posts"}],"about":[{"href":"https:\/\/serveiseducatius.xtec.cat\/creda-catcentral\/wp-json\/wp\/v2\/types\/post"}],"author":[{"embeddable":true,"href":"https:\/\/serveiseducatius.xtec.cat\/creda-catcentral\/wp-json\/wp\/v2\/users\/3"}],"replies":[{"embeddable":true,"href":"https:\/\/serveiseducatius.xtec.cat\/creda-catcentral\/wp-json\/wp\/v2\/comments?post=9233"}],"version-history":[{"count":1,"href":"https:\/\/serveiseducatius.xtec.cat\/creda-catcentral\/wp-json\/wp\/v2\/posts\/9233\/revisions"}],"predecessor-version":[{"id":9237,"href":"https:\/\/serveiseducatius.xtec.cat\/creda-catcentral\/wp-json\/wp\/v2\/posts\/9233\/revisions\/9237"}],"wp:attachment":[{"href":"https:\/\/serveiseducatius.xtec.cat\/creda-catcentral\/wp-json\/wp\/v2\/media?parent=9233"}],"wp:term":[{"taxonomy":"category","embeddable":true,"href":"https:\/\/serveiseducatius.xtec.cat\/creda-catcentral\/wp-json\/wp\/v2\/categories?post=9233"},{"taxonomy":"post_tag","embeddable":true,"href":"https:\/\/serveiseducatius.xtec.cat\/creda-catcentral\/wp-json\/wp\/v2\/tags?post=9233"}],"curies":[{"name":"wp","href":"https:\/\/api.w.org\/{rel}","templated":true}]}}