{"id":13752,"date":"2025-07-02T13:59:09","date_gmt":"2025-07-02T11:59:09","guid":{"rendered":"https:\/\/serveiseducatius.xtec.cat\/creda-catcentral\/?p=13752"},"modified":"2025-07-02T14:00:10","modified_gmt":"2025-07-02T12:00:10","slug":"visita-del-creda-a-laudiolab-de-la-uvic-ucc","status":"publish","type":"post","link":"https:\/\/serveiseducatius.xtec.cat\/creda-catcentral\/general\/visita-del-creda-a-laudiolab-de-la-uvic-ucc\/","title":{"rendered":"VISITA  A L&#8217;AUDIOLAB DE LA UVIC-UCC"},"content":{"rendered":"\n<p>El passat 30 de juny vam anar a visitar l\u2019AudioLab de la Facultat de Medicina de la UVic-UCC. Aquest espai es destina a les activitats pr\u00e0ctiques d&#8217;instrumentaci\u00f3 i d&#8217;audiologia cl\u00ednica i disposa d\u2019una cabina per a valoracions audiol\u00f2giques i dues sales insonoritzades.&nbsp;<\/p>\n\n\n\n<p>Ens van rebre els impulsors del Grau en Audiologia General de la UVic-UCC, el doctor especialista en Otorrinolaringologia Francesc Roca-Ribas (vicedeg\u00e0), l\u2019enginyer de telecomunicacions Gerard Encina (coordinador cient\u00edfic) i la psicopedagoga Olga Pedragosa (coordinadora acad\u00e8mica) i ens van mostrar els instruments, maquin\u00e0ria i programes inform\u00e0tics d&#8217;\u00fas habitual en la pr\u00e0ctica audiol\u00f2gica (audiometries, potencials evocats, emissions otoac\u00fastiques, irrigadors d&#8217;aire&#8230;). Va ser molt interessant visitar aquests espais tan ben equipats i novedosos i poder compartir diferents punts de vista d\u2019un camp professional que ens uneix.&nbsp;<\/p>\n\n\n\n<p>Volem agrair l\u2019acollida rebuda per part de la UVic-UCC que ens va permetre fer un tancament de curs molt enriquidor i que, de ben segur, ens permetr\u00e0 teixir xarxa en un futur ben proper.<\/p>\n\n\n\n<figure class=\"wp-block-image alignleft size-large is-resized\"><a href=\"https:\/\/serveiseducatius.xtec.cat\/creda-catcentral\/wp-content\/uploads\/usu1063\/2025\/07\/AUDIOLAB2.jpg\"><img loading=\"lazy\" decoding=\"async\" width=\"1024\" height=\"768\" src=\"https:\/\/serveiseducatius.xtec.cat\/creda-catcentral\/wp-content\/uploads\/usu1063\/2025\/07\/AUDIOLAB2-1024x768.jpg\" alt=\"\" class=\"wp-image-13755\" style=\"width:423px;height:auto\" srcset=\"https:\/\/serveiseducatius.xtec.cat\/creda-catcentral\/wp-content\/uploads\/usu1063\/2025\/07\/AUDIOLAB2-1024x768.jpg 1024w, https:\/\/serveiseducatius.xtec.cat\/creda-catcentral\/wp-content\/uploads\/usu1063\/2025\/07\/AUDIOLAB2-300x225.jpg 300w, https:\/\/serveiseducatius.xtec.cat\/creda-catcentral\/wp-content\/uploads\/usu1063\/2025\/07\/AUDIOLAB2-768x576.jpg 768w, https:\/\/serveiseducatius.xtec.cat\/creda-catcentral\/wp-content\/uploads\/usu1063\/2025\/07\/AUDIOLAB2-1536x1152.jpg 1536w, https:\/\/serveiseducatius.xtec.cat\/creda-catcentral\/wp-content\/uploads\/usu1063\/2025\/07\/AUDIOLAB2.jpg 1600w\" sizes=\"auto, (max-width: 1024px) 100vw, 1024px\" \/><\/a><\/figure>\n\n\n\n<figure class=\"wp-block-image size-large is-resized\"><a href=\"https:\/\/serveiseducatius.xtec.cat\/creda-catcentral\/wp-content\/uploads\/usu1063\/2025\/07\/AUDIOLAB.jpeg\"><img loading=\"lazy\" decoding=\"async\" width=\"768\" height=\"1024\" src=\"https:\/\/serveiseducatius.xtec.cat\/creda-catcentral\/wp-content\/uploads\/usu1063\/2025\/07\/AUDIOLAB-768x1024.jpeg\" alt=\"\" class=\"wp-image-13754\" style=\"width:267px;height:auto\" srcset=\"https:\/\/serveiseducatius.xtec.cat\/creda-catcentral\/wp-content\/uploads\/usu1063\/2025\/07\/AUDIOLAB-768x1024.jpeg 768w, https:\/\/serveiseducatius.xtec.cat\/creda-catcentral\/wp-content\/uploads\/usu1063\/2025\/07\/AUDIOLAB-225x300.jpeg 225w, https:\/\/serveiseducatius.xtec.cat\/creda-catcentral\/wp-content\/uploads\/usu1063\/2025\/07\/AUDIOLAB-1152x1536.jpeg 1152w, https:\/\/serveiseducatius.xtec.cat\/creda-catcentral\/wp-content\/uploads\/usu1063\/2025\/07\/AUDIOLAB.jpeg 1200w\" sizes=\"auto, (max-width: 768px) 100vw, 768px\" \/><\/a><\/figure>\n\n\n\n<p><\/p>\n","protected":false},"excerpt":{"rendered":"<p>El passat 30 de juny vam anar a visitar l\u2019AudioLab de la Facultat de Medicina de la UVic-UCC. Aquest espai es destina a les activitats pr\u00e0ctiques d&#8217;instrumentaci\u00f3 i d&#8217;audiologia cl\u00ednica i disposa d\u2019una cabina per a valoracions audiol\u00f2giques i dues sales insonoritzades.&nbsp; Ens van rebre els impulsors del Grau en Audiologia General de la UVic-UCC, [&hellip;]<\/p>\n","protected":false},"author":1,"featured_media":13755,"comment_status":"open","ping_status":"open","sticky":false,"template":"","format":"standard","meta":{"site-sidebar-layout":"default","site-content-layout":"","ast-site-content-layout":"default","site-content-style":"default","site-sidebar-style":"default","ast-global-header-display":"","ast-banner-title-visibility":"","ast-main-header-display":"","ast-hfb-above-header-display":"","ast-hfb-below-header-display":"","ast-hfb-mobile-header-display":"","site-post-title":"","ast-breadcrumbs-content":"","ast-featured-img":"","footer-sml-layout":"","theme-transparent-header-meta":"","adv-header-id-meta":"","stick-header-meta":"","header-above-stick-meta":"","header-main-stick-meta":"","header-below-stick-meta":"","astra-migrate-meta-layouts":"set","ast-page-background-enabled":"default","ast-page-background-meta":{"desktop":{"background-color":"var(--ast-global-color-4)","background-image":"","background-repeat":"repeat","background-position":"center center","background-size":"auto","background-attachment":"scroll","background-type":"","background-media":"","overlay-type":"","overlay-color":"","overlay-opacity":"","overlay-gradient":""},"tablet":{"background-color":"","background-image":"","background-repeat":"repeat","background-position":"center center","background-size":"auto","background-attachment":"scroll","background-type":"","background-media":"","overlay-type":"","overlay-color":"","overlay-opacity":"","overlay-gradient":""},"mobile":{"background-color":"","background-image":"","background-repeat":"repeat","background-position":"center center","background-size":"auto","background-attachment":"scroll","background-type":"","background-media":"","overlay-type":"","overlay-color":"","overlay-opacity":"","overlay-gradient":""}},"ast-content-background-meta":{"desktop":{"background-color":"var(--ast-global-color-5)","background-image":"","background-repeat":"repeat","background-position":"center center","background-size":"auto","background-attachment":"scroll","background-type":"","background-media":"","overlay-type":"","overlay-color":"","overlay-opacity":"","overlay-gradient":""},"tablet":{"background-color":"var(--ast-global-color-5)","background-image":"","background-repeat":"repeat","background-position":"center center","background-size":"auto","background-attachment":"scroll","background-type":"","background-media":"","overlay-type":"","overlay-color":"","overlay-opacity":"","overlay-gradient":""},"mobile":{"background-color":"var(--ast-global-color-5)","background-image":"","background-repeat":"repeat","background-position":"center center","background-size":"auto","background-attachment":"scroll","background-type":"","background-media":"","overlay-type":"","overlay-color":"","overlay-opacity":"","overlay-gradient":""}},"footnotes":""},"categories":[297,288,1,273,264],"tags":[],"class_list":["post-13752","post","type-post","status-publish","format-standard","has-post-thumbnail","hentry","category-audiologia","category-formacio","category-general","category-portada","category-professionals"],"post_mailing_queue_ids":[],"_links":{"self":[{"href":"https:\/\/serveiseducatius.xtec.cat\/creda-catcentral\/wp-json\/wp\/v2\/posts\/13752","targetHints":{"allow":["GET"]}}],"collection":[{"href":"https:\/\/serveiseducatius.xtec.cat\/creda-catcentral\/wp-json\/wp\/v2\/posts"}],"about":[{"href":"https:\/\/serveiseducatius.xtec.cat\/creda-catcentral\/wp-json\/wp\/v2\/types\/post"}],"author":[{"embeddable":true,"href":"https:\/\/serveiseducatius.xtec.cat\/creda-catcentral\/wp-json\/wp\/v2\/users\/1"}],"replies":[{"embeddable":true,"href":"https:\/\/serveiseducatius.xtec.cat\/creda-catcentral\/wp-json\/wp\/v2\/comments?post=13752"}],"version-history":[{"count":4,"href":"https:\/\/serveiseducatius.xtec.cat\/creda-catcentral\/wp-json\/wp\/v2\/posts\/13752\/revisions"}],"predecessor-version":[{"id":13758,"href":"https:\/\/serveiseducatius.xtec.cat\/creda-catcentral\/wp-json\/wp\/v2\/posts\/13752\/revisions\/13758"}],"wp:featuredmedia":[{"embeddable":true,"href":"https:\/\/serveiseducatius.xtec.cat\/creda-catcentral\/wp-json\/wp\/v2\/media\/13755"}],"wp:attachment":[{"href":"https:\/\/serveiseducatius.xtec.cat\/creda-catcentral\/wp-json\/wp\/v2\/media?parent=13752"}],"wp:term":[{"taxonomy":"category","embeddable":true,"href":"https:\/\/serveiseducatius.xtec.cat\/creda-catcentral\/wp-json\/wp\/v2\/categories?post=13752"},{"taxonomy":"post_tag","embeddable":true,"href":"https:\/\/serveiseducatius.xtec.cat\/creda-catcentral\/wp-json\/wp\/v2\/tags?post=13752"}],"curies":[{"name":"wp","href":"https:\/\/api.w.org\/{rel}","templated":true}]}}