{"id":12763,"date":"2024-05-13T15:35:12","date_gmt":"2024-05-13T13:35:12","guid":{"rendered":"https:\/\/serveiseducatius.xtec.cat\/creda-catcentral\/?p=12763"},"modified":"2024-05-13T15:35:12","modified_gmt":"2024-05-13T13:35:12","slug":"listenall-reconeixement-de-veu-i-transcripcio-a-text","status":"publish","type":"post","link":"https:\/\/serveiseducatius.xtec.cat\/creda-catcentral\/general\/listenall-reconeixement-de-veu-i-transcripcio-a-text\/","title":{"rendered":"ListenAll: RECONEIXEMENT DE VEU I TRANSCRIPCI\u00d3 A TEXT"},"content":{"rendered":"<p><img loading=\"lazy\" decoding=\"async\" class=\"aligncenter size-full wp-image-12765\" src=\"https:\/\/serveiseducatius.xtec.cat\/creda-catcentral\/wp-content\/uploads\/usu1063\/2024\/05\/ListenAll.png\" alt=\"\" width=\"763\" height=\"168\" srcset=\"https:\/\/serveiseducatius.xtec.cat\/creda-catcentral\/wp-content\/uploads\/usu1063\/2024\/05\/ListenAll.png 763w, https:\/\/serveiseducatius.xtec.cat\/creda-catcentral\/wp-content\/uploads\/usu1063\/2024\/05\/ListenAll-300x66.png 300w\" sizes=\"auto, (max-width: 763px) 100vw, 763px\" \/>Us presentem ListenAll, una aplicaci\u00f3 per a dispositius m\u00f2bils capa\u00e7 de recon\u00e8ixer la veu i transcriure-la a text.<\/p>\n<p>Aquesta aplicaci\u00f3 est\u00e0 dissenyada per a facilitar la integraci\u00f3 de persones amb p\u00e8rdua auditiva o amb dificultats motrius ja que permet llegir en el dispositiu la transcripci\u00f3 de la veu d\u2019una persona o d\u2019una conversa aix\u00ed com elaborar documents de text mitjan\u00e7ant dictats.<\/p>\n<p>Es pot descarregar de forma gratu\u00efta en dispositius amb sistema operatiu iOS o Android.<\/p>\n<p>Us deixem l&#8217;enlla\u00e7 a la <a href=\"https:\/\/abilityconnect.ua.es\/listenall\">web<\/a> per si en voleu tenir m\u00e9s informaci\u00f3.<\/p>\n","protected":false},"excerpt":{"rendered":"<p>Us presentem ListenAll, una aplicaci\u00f3 per a dispositius m\u00f2bils capa\u00e7 de recon\u00e8ixer la veu i transcriure-la a text. Aquesta aplicaci\u00f3 est\u00e0 dissenyada per a facilitar la integraci\u00f3 de persones amb p\u00e8rdua auditiva o amb dificultats motrius ja que permet llegir en el dispositiu la transcripci\u00f3 de la veu d\u2019una persona o d\u2019una conversa aix\u00ed com [&hellip;]<\/p>\n","protected":false},"author":52,"featured_media":12765,"comment_status":"open","ping_status":"closed","sticky":false,"template":"","format":"standard","meta":{"site-sidebar-layout":"default","site-content-layout":"","ast-site-content-layout":"","site-content-style":"default","site-sidebar-style":"default","ast-global-header-display":"","ast-banner-title-visibility":"","ast-main-header-display":"","ast-hfb-above-header-display":"","ast-hfb-below-header-display":"","ast-hfb-mobile-header-display":"","site-post-title":"","ast-breadcrumbs-content":"","ast-featured-img":"","footer-sml-layout":"","theme-transparent-header-meta":"","adv-header-id-meta":"","stick-header-meta":"","header-above-stick-meta":"","header-main-stick-meta":"","header-below-stick-meta":"","astra-migrate-meta-layouts":"default","ast-page-background-enabled":"default","ast-page-background-meta":{"desktop":{"background-color":"var(--ast-global-color-4)","background-image":"","background-repeat":"repeat","background-position":"center center","background-size":"auto","background-attachment":"scroll","background-type":"","background-media":"","overlay-type":"","overlay-color":"","overlay-opacity":"","overlay-gradient":""},"tablet":{"background-color":"","background-image":"","background-repeat":"repeat","background-position":"center center","background-size":"auto","background-attachment":"scroll","background-type":"","background-media":"","overlay-type":"","overlay-color":"","overlay-opacity":"","overlay-gradient":""},"mobile":{"background-color":"","background-image":"","background-repeat":"repeat","background-position":"center center","background-size":"auto","background-attachment":"scroll","background-type":"","background-media":"","overlay-type":"","overlay-color":"","overlay-opacity":"","overlay-gradient":""}},"ast-content-background-meta":{"desktop":{"background-color":"var(--ast-global-color-5)","background-image":"","background-repeat":"repeat","background-position":"center center","background-size":"auto","background-attachment":"scroll","background-type":"","background-media":"","overlay-type":"","overlay-color":"","overlay-opacity":"","overlay-gradient":""},"tablet":{"background-color":"var(--ast-global-color-5)","background-image":"","background-repeat":"repeat","background-position":"center center","background-size":"auto","background-attachment":"scroll","background-type":"","background-media":"","overlay-type":"","overlay-color":"","overlay-opacity":"","overlay-gradient":""},"mobile":{"background-color":"var(--ast-global-color-5)","background-image":"","background-repeat":"repeat","background-position":"center center","background-size":"auto","background-attachment":"scroll","background-type":"","background-media":"","overlay-type":"","overlay-color":"","overlay-opacity":"","overlay-gradient":""}},"footnotes":""},"categories":[289,1,273,281],"tags":[978,967,762],"class_list":["post-12763","post","type-post","status-publish","format-standard","has-post-thumbnail","hentry","category-apps","category-general","category-portada","category-recursos","tag-accessibilitat","tag-perdua-auditiva","tag-recursos-tac"],"post_mailing_queue_ids":[],"_links":{"self":[{"href":"https:\/\/serveiseducatius.xtec.cat\/creda-catcentral\/wp-json\/wp\/v2\/posts\/12763","targetHints":{"allow":["GET"]}}],"collection":[{"href":"https:\/\/serveiseducatius.xtec.cat\/creda-catcentral\/wp-json\/wp\/v2\/posts"}],"about":[{"href":"https:\/\/serveiseducatius.xtec.cat\/creda-catcentral\/wp-json\/wp\/v2\/types\/post"}],"author":[{"embeddable":true,"href":"https:\/\/serveiseducatius.xtec.cat\/creda-catcentral\/wp-json\/wp\/v2\/users\/52"}],"replies":[{"embeddable":true,"href":"https:\/\/serveiseducatius.xtec.cat\/creda-catcentral\/wp-json\/wp\/v2\/comments?post=12763"}],"version-history":[{"count":3,"href":"https:\/\/serveiseducatius.xtec.cat\/creda-catcentral\/wp-json\/wp\/v2\/posts\/12763\/revisions"}],"predecessor-version":[{"id":12767,"href":"https:\/\/serveiseducatius.xtec.cat\/creda-catcentral\/wp-json\/wp\/v2\/posts\/12763\/revisions\/12767"}],"wp:featuredmedia":[{"embeddable":true,"href":"https:\/\/serveiseducatius.xtec.cat\/creda-catcentral\/wp-json\/wp\/v2\/media\/12765"}],"wp:attachment":[{"href":"https:\/\/serveiseducatius.xtec.cat\/creda-catcentral\/wp-json\/wp\/v2\/media?parent=12763"}],"wp:term":[{"taxonomy":"category","embeddable":true,"href":"https:\/\/serveiseducatius.xtec.cat\/creda-catcentral\/wp-json\/wp\/v2\/categories?post=12763"},{"taxonomy":"post_tag","embeddable":true,"href":"https:\/\/serveiseducatius.xtec.cat\/creda-catcentral\/wp-json\/wp\/v2\/tags?post=12763"}],"curies":[{"name":"wp","href":"https:\/\/api.w.org\/{rel}","templated":true}]}}