{"id":12363,"date":"2023-10-02T15:50:41","date_gmt":"2023-10-02T13:50:41","guid":{"rendered":"https:\/\/serveiseducatius.xtec.cat\/creda-catcentral\/?p=12363"},"modified":"2023-10-02T15:58:53","modified_gmt":"2023-10-02T13:58:53","slug":"logopedia-dinamica-y-divertida","status":"publish","type":"post","link":"https:\/\/serveiseducatius.xtec.cat\/creda-catcentral\/recursos\/fonetica-fonologia\/logopedia-dinamica-y-divertida\/","title":{"rendered":"LOGOPEDIA DIN\u00c1MICA Y DIVERTIDA"},"content":{"rendered":"<p>Aquest \u00e9s una altra web que hem descobert . \u00c9s una web que est\u00e0 molt b\u00e9 perqu\u00e8 ofereix molt material per descarregar per a\u00a0 treballar diferents aspectes logop\u00e8dics: consci\u00e8ncia sem\u00e0ntica, l\u00e8xic, consci\u00e8ncia fonol\u00f2gica, discriminaci\u00f3 auditiva&#8230; Quasi tot el material que s&#8217;ofereix \u00e9s descarregable i gratu\u00eft, tamb\u00e9 hi ha material per comprar que est\u00e0 molt b\u00e9. Molt recomanable per baixar-vos material, comprar-ne i tamb\u00e9 per adaptar alguna activitat de les creades. Felicitem a les creadores del web.<\/p>\n<p style=\"text-align: center;\"><a href=\"https:\/\/logopediadinamicaydivertida.blogspot.com\/\"><img loading=\"lazy\" decoding=\"async\" class=\"alignnone size-medium wp-image-12360\" src=\"https:\/\/serveiseducatius.xtec.cat\/creda-catcentral\/wp-content\/uploads\/usu1063\/2023\/10\/web-material-300x145.png\" alt=\"\" width=\"300\" height=\"145\" srcset=\"https:\/\/serveiseducatius.xtec.cat\/creda-catcentral\/wp-content\/uploads\/usu1063\/2023\/10\/web-material-300x145.png 300w, https:\/\/serveiseducatius.xtec.cat\/creda-catcentral\/wp-content\/uploads\/usu1063\/2023\/10\/web-material-1024x493.png 1024w, https:\/\/serveiseducatius.xtec.cat\/creda-catcentral\/wp-content\/uploads\/usu1063\/2023\/10\/web-material-768x370.png 768w, https:\/\/serveiseducatius.xtec.cat\/creda-catcentral\/wp-content\/uploads\/usu1063\/2023\/10\/web-material.png 1324w\" sizes=\"auto, (max-width: 300px) 100vw, 300px\" \/><\/a><\/p>\n","protected":false},"excerpt":{"rendered":"<p>Aquest \u00e9s una altra web que hem descobert . \u00c9s una web que est\u00e0 molt b\u00e9 perqu\u00e8 ofereix molt material per descarregar per a\u00a0 treballar diferents aspectes logop\u00e8dics: consci\u00e8ncia sem\u00e0ntica, l\u00e8xic, consci\u00e8ncia fonol\u00f2gica, discriminaci\u00f3 auditiva&#8230; Quasi tot el material que s&#8217;ofereix \u00e9s descarregable i gratu\u00eft, tamb\u00e9 hi ha material per comprar que est\u00e0 molt b\u00e9. [&hellip;]<\/p>\n","protected":false},"author":58,"featured_media":12360,"comment_status":"open","ping_status":"closed","sticky":false,"template":"","format":"standard","meta":{"site-sidebar-layout":"default","site-content-layout":"","ast-site-content-layout":"","site-content-style":"default","site-sidebar-style":"default","ast-global-header-display":"","ast-banner-title-visibility":"","ast-main-header-display":"","ast-hfb-above-header-display":"","ast-hfb-below-header-display":"","ast-hfb-mobile-header-display":"","site-post-title":"","ast-breadcrumbs-content":"","ast-featured-img":"","footer-sml-layout":"","theme-transparent-header-meta":"","adv-header-id-meta":"","stick-header-meta":"","header-above-stick-meta":"","header-main-stick-meta":"","header-below-stick-meta":"","astra-migrate-meta-layouts":"default","ast-page-background-enabled":"default","ast-page-background-meta":{"desktop":{"background-color":"var(--ast-global-color-4)","background-image":"","background-repeat":"repeat","background-position":"center center","background-size":"auto","background-attachment":"scroll","background-type":"","background-media":"","overlay-type":"","overlay-color":"","overlay-opacity":"","overlay-gradient":""},"tablet":{"background-color":"","background-image":"","background-repeat":"repeat","background-position":"center center","background-size":"auto","background-attachment":"scroll","background-type":"","background-media":"","overlay-type":"","overlay-color":"","overlay-opacity":"","overlay-gradient":""},"mobile":{"background-color":"","background-image":"","background-repeat":"repeat","background-position":"center center","background-size":"auto","background-attachment":"scroll","background-type":"","background-media":"","overlay-type":"","overlay-color":"","overlay-opacity":"","overlay-gradient":""}},"ast-content-background-meta":{"desktop":{"background-color":"var(--ast-global-color-5)","background-image":"","background-repeat":"repeat","background-position":"center center","background-size":"auto","background-attachment":"scroll","background-type":"","background-media":"","overlay-type":"","overlay-color":"","overlay-opacity":"","overlay-gradient":""},"tablet":{"background-color":"var(--ast-global-color-5)","background-image":"","background-repeat":"repeat","background-position":"center center","background-size":"auto","background-attachment":"scroll","background-type":"","background-media":"","overlay-type":"","overlay-color":"","overlay-opacity":"","overlay-gradient":""},"mobile":{"background-color":"var(--ast-global-color-5)","background-image":"","background-repeat":"repeat","background-position":"center center","background-size":"auto","background-attachment":"scroll","background-type":"","background-media":"","overlay-type":"","overlay-color":"","overlay-opacity":"","overlay-gradient":""}},"footnotes":""},"categories":[298,355,266,268,267,496,273,281],"tags":[],"class_list":["post-12363","post","type-post","status-publish","format-standard","has-post-thumbnail","hentry","category-comunicacio","category-cf","category-fonetica-fonologia","category-lexic","category-morfosintaxi","category-parla","category-portada","category-recursos"],"post_mailing_queue_ids":[],"_links":{"self":[{"href":"https:\/\/serveiseducatius.xtec.cat\/creda-catcentral\/wp-json\/wp\/v2\/posts\/12363","targetHints":{"allow":["GET"]}}],"collection":[{"href":"https:\/\/serveiseducatius.xtec.cat\/creda-catcentral\/wp-json\/wp\/v2\/posts"}],"about":[{"href":"https:\/\/serveiseducatius.xtec.cat\/creda-catcentral\/wp-json\/wp\/v2\/types\/post"}],"author":[{"embeddable":true,"href":"https:\/\/serveiseducatius.xtec.cat\/creda-catcentral\/wp-json\/wp\/v2\/users\/58"}],"replies":[{"embeddable":true,"href":"https:\/\/serveiseducatius.xtec.cat\/creda-catcentral\/wp-json\/wp\/v2\/comments?post=12363"}],"version-history":[{"count":2,"href":"https:\/\/serveiseducatius.xtec.cat\/creda-catcentral\/wp-json\/wp\/v2\/posts\/12363\/revisions"}],"predecessor-version":[{"id":12368,"href":"https:\/\/serveiseducatius.xtec.cat\/creda-catcentral\/wp-json\/wp\/v2\/posts\/12363\/revisions\/12368"}],"wp:featuredmedia":[{"embeddable":true,"href":"https:\/\/serveiseducatius.xtec.cat\/creda-catcentral\/wp-json\/wp\/v2\/media\/12360"}],"wp:attachment":[{"href":"https:\/\/serveiseducatius.xtec.cat\/creda-catcentral\/wp-json\/wp\/v2\/media?parent=12363"}],"wp:term":[{"taxonomy":"category","embeddable":true,"href":"https:\/\/serveiseducatius.xtec.cat\/creda-catcentral\/wp-json\/wp\/v2\/categories?post=12363"},{"taxonomy":"post_tag","embeddable":true,"href":"https:\/\/serveiseducatius.xtec.cat\/creda-catcentral\/wp-json\/wp\/v2\/tags?post=12363"}],"curies":[{"name":"wp","href":"https:\/\/api.w.org\/{rel}","templated":true}]}}