{"id":12284,"date":"2023-05-10T13:21:09","date_gmt":"2023-05-10T11:21:09","guid":{"rendered":"https:\/\/serveiseducatius.xtec.cat\/creda-catcentral\/?p=12284"},"modified":"2023-10-02T15:52:31","modified_gmt":"2023-10-02T13:52:31","slug":"projecte-audiovisual-apunts-en-blanc","status":"publish","type":"post","link":"https:\/\/serveiseducatius.xtec.cat\/creda-catcentral\/general\/projecte-audiovisual-apunts-en-blanc\/","title":{"rendered":"PROJECTE AUDIOVISUAL : APUNTS EN BLANC"},"content":{"rendered":"<p>Ahir vam tenir la sort de poder tenir la visita de la Joana Comellas Mas, la Joana havia estat alumna del nostre CREDA, i ahir va venir per presentar-nos un projecte molt especial que est\u00e0 sorgint i est\u00e0 sent liderat des del grup de joves estudiants universitaris amb sordesa de l&#8217;associaci\u00f3 catalana de fam\u00edlies i persones amb sordesa (ACAPPS).<\/p>\n<p>\u00c9s un projecte molt bonic i interesant que ja s&#8217;ha iniciat. La Joana ens va venir a explicar la finalitat del projecte i les fases que estan seguint per aconseguir aquest projecte tan necessari i alhora tan complexe. La Joana ens va venir a parlar de la seva experi\u00e8ncia personal com a estudiant universit\u00e0ria amb sordesa i ens va fer visibles els motius d&#8217;aquest projecte. \u00c9s necessari donar a con\u00e8ixer, en aquesta etapa educativa superior, les mancances i les estrat\u00e8gies que es poden oferir per a qu\u00e8 cap estudiant m\u00e9s amb sordesa es senti exclos.<\/p>\n<p>El projecte \u00e9s l&#8217;elaboraci\u00f3 d&#8217;un audiovisual on els estudiants universitaris amb sordesa seran els protagonistes del seu dia a dia per tal de donar visibilitat i fer-ho arribar a tot arreu i, aix\u00ed, es puguin comen\u00e7ar a canviar coses que s\u00f3n molt i molt necess\u00e0ries.<\/p>\n<p>Estem segures que ho aconseguiran perqu\u00e8 des del grup que lidera el projecte estan fent un treball molt pensat i que surt de les seves realitats i viv\u00e8ncies i ning\u00fa m\u00e9s que ells ho pot expressar\u00a0 millor i aconseguir-ho.<\/p>\n<p>Gr\u00e0cies Joana<\/p>\n<p>A continuaci\u00f3 teniu un petit escrit de la Joana per a les fam\u00edlies:<\/p>\n<div>Hola, fam\u00edlies!<\/div>\n<div><\/div>\n<div>\n<p>S\u00f3c la Joana, una ex-alumna del CREDA de la Catalunya Central. Avui vull explicar-vos una cosa s\u00faper important per mi. Amb altres joves amb sordesa d\u2019ACAPPS, l\u2019associaci\u00f3 on s\u00f3c s\u00f2cia, estem treballant i posant tot el nostre esfor\u00e7 perqu\u00e8 d\u2019una vegada per totes volem que la nostra sordesa sigui visible i les nostres necessitats, escoltades, a la universitat i arreu.<\/p>\n<p>Perqu\u00e8 volem que tothom senti b\u00e9 el professor. Volem que ning\u00fa hagi de dependre dels apunts dels companys. Volem una universitat accessible per a tothom. Volem que cap estudiant amb sordesa hagi de passar pel que hem passat nosaltres.<\/p>\n<p>Volem ser visibles i que ens escoltin! I ho volem fer a trav\u00e9s d&#8217;un audiovisual on compartim les nostres experi\u00e8ncies i reivindicacions. Ja tenim el t\u00edtol, el gui\u00f3 i el director: Apunts en Blanc.<\/p>\n<p>Ara ens falta fer-lo possible: necessitem aconseguir 10.000 \u20ac abans del 12 de juny i estem segurs que entre tots ho farem realitat. Ajuda\u2019ns i fes el teu donatiu, el que puguis!, a\u00a0<a href=\"https:\/\/vkm.is\/apuntsenblanc\" target=\"_blank\" rel=\"noopener\" data-saferedirecturl=\"https:\/\/www.google.com\/url?q=https:\/\/vkm.is\/apuntsenblanc&amp;source=gmail&amp;ust=1683787936858000&amp;usg=AOvVaw1IkG7faugNtA6tUaf7pLV1\">https:\/\/vkm.is\/apuntsenblanc<\/a><\/p>\n<\/div>\n<div><\/div>\n<p>Us adjuntem el cartell\u00a0 del projecte, la nota de premsa i un petit v\u00eddeo de com estan treballant el projecte.<\/p>\n<p><a href=\"https:\/\/serveiseducatius.xtec.cat\/creda-catcentral\/wp-content\/uploads\/usu1063\/2023\/05\/CAMPANYA_baner.jpg\"><img loading=\"lazy\" decoding=\"async\" class=\"alignnone size-medium wp-image-12286\" src=\"https:\/\/serveiseducatius.xtec.cat\/creda-catcentral\/wp-content\/uploads\/usu1063\/2023\/05\/CAMPANYA_baner-300x300.jpg\" alt=\"\" width=\"300\" height=\"300\" srcset=\"https:\/\/serveiseducatius.xtec.cat\/creda-catcentral\/wp-content\/uploads\/usu1063\/2023\/05\/CAMPANYA_baner-300x300.jpg 300w, https:\/\/serveiseducatius.xtec.cat\/creda-catcentral\/wp-content\/uploads\/usu1063\/2023\/05\/CAMPANYA_baner-1024x1024.jpg 1024w, https:\/\/serveiseducatius.xtec.cat\/creda-catcentral\/wp-content\/uploads\/usu1063\/2023\/05\/CAMPANYA_baner-150x150.jpg 150w, https:\/\/serveiseducatius.xtec.cat\/creda-catcentral\/wp-content\/uploads\/usu1063\/2023\/05\/CAMPANYA_baner-768x768.jpg 768w, https:\/\/serveiseducatius.xtec.cat\/creda-catcentral\/wp-content\/uploads\/usu1063\/2023\/05\/CAMPANYA_baner.jpg 1080w\" sizes=\"auto, (max-width: 300px) 100vw, 300px\" \/>\u00a0\u00a0\u00a0\u00a0 <\/a><a href=\"https:\/\/docs.google.com\/document\/d\/1YtFi6lWlN8U0dc1csuiEn9PhDoflQRPA\/edit?usp=sharing&amp;ouid=106213876841958806389&amp;rtpof=true&amp;sd=true\"><img loading=\"lazy\" decoding=\"async\" class=\" wp-image-12291 alignnone\" src=\"https:\/\/serveiseducatius.xtec.cat\/creda-catcentral\/wp-content\/uploads\/usu1063\/2023\/05\/Captura-300x158.jpg\" alt=\"\" width=\"342\" height=\"180\" srcset=\"https:\/\/serveiseducatius.xtec.cat\/creda-catcentral\/wp-content\/uploads\/usu1063\/2023\/05\/Captura-300x158.jpg 300w, https:\/\/serveiseducatius.xtec.cat\/creda-catcentral\/wp-content\/uploads\/usu1063\/2023\/05\/Captura.jpg 474w\" sizes=\"auto, (max-width: 342px) 100vw, 342px\" \/><\/a><\/p>\n<p>&nbsp;<\/p>\n<p><iframe loading=\"lazy\" title=\"YouTube video player\" src=\"https:\/\/www.youtube.com\/embed\/z1bRzcGc3Rs\" width=\"560\" height=\"315\" frameborder=\"0\" allowfullscreen=\"allowfullscreen\"><\/iframe><\/p>\n<p>&nbsp;<\/p>\n<p><a href=\"https:\/\/serveiseducatius.xtec.cat\/creda-catcentral\/wp-content\/uploads\/usu1063\/2023\/05\/IMG_1544.jpg\"><img loading=\"lazy\" decoding=\"async\" class=\"alignnone wp-image-12295\" src=\"https:\/\/serveiseducatius.xtec.cat\/creda-catcentral\/wp-content\/uploads\/usu1063\/2023\/05\/IMG_1544-300x139.jpg\" alt=\"\" width=\"337\" height=\"156\" srcset=\"https:\/\/serveiseducatius.xtec.cat\/creda-catcentral\/wp-content\/uploads\/usu1063\/2023\/05\/IMG_1544-300x139.jpg 300w, https:\/\/serveiseducatius.xtec.cat\/creda-catcentral\/wp-content\/uploads\/usu1063\/2023\/05\/IMG_1544.jpg 640w\" sizes=\"auto, (max-width: 337px) 100vw, 337px\" \/>\u00a0\u00a0\u00a0\u00a0\u00a0 <\/a><a href=\"https:\/\/serveiseducatius.xtec.cat\/creda-catcentral\/wp-content\/uploads\/usu1063\/2023\/05\/IMG_1549.jpg\"><img loading=\"lazy\" decoding=\"async\" class=\"alignnone size-medium wp-image-12294\" src=\"https:\/\/serveiseducatius.xtec.cat\/creda-catcentral\/wp-content\/uploads\/usu1063\/2023\/05\/IMG_1549-300x225.jpg\" alt=\"\" width=\"300\" height=\"225\" srcset=\"https:\/\/serveiseducatius.xtec.cat\/creda-catcentral\/wp-content\/uploads\/usu1063\/2023\/05\/IMG_1549-300x225.jpg 300w, https:\/\/serveiseducatius.xtec.cat\/creda-catcentral\/wp-content\/uploads\/usu1063\/2023\/05\/IMG_1549-200x150.jpg 200w, https:\/\/serveiseducatius.xtec.cat\/creda-catcentral\/wp-content\/uploads\/usu1063\/2023\/05\/IMG_1549.jpg 640w\" sizes=\"auto, (max-width: 300px) 100vw, 300px\" \/><\/a><\/p>\n<p>&nbsp;<\/p>\n<p>&nbsp;<\/p>\n<p>&nbsp;<\/p>\n<p>&nbsp;<\/p>\n<p>&nbsp;<\/p>\n<p>&nbsp;<\/p>\n<p>&nbsp;<\/p>\n<p>&nbsp;<\/p>\n<p>&nbsp;<\/p>\n<p>&nbsp;<\/p>\n<p>&nbsp;<\/p>\n<p>&nbsp;<\/p>\n<p>&nbsp;<\/p>\n","protected":false},"excerpt":{"rendered":"<p>Ahir vam tenir la sort de poder tenir la visita de la Joana Comellas Mas, la Joana havia estat alumna del nostre CREDA, i ahir va venir per presentar-nos un projecte molt especial que est\u00e0 sorgint i est\u00e0 sent liderat des del grup de joves estudiants universitaris amb sordesa de l&#8217;associaci\u00f3 catalana de fam\u00edlies i [&hellip;]<\/p>\n","protected":false},"author":58,"featured_media":12286,"comment_status":"open","ping_status":"closed","sticky":false,"template":"","format":"standard","meta":{"site-sidebar-layout":"default","site-content-layout":"","ast-site-content-layout":"","site-content-style":"default","site-sidebar-style":"default","ast-global-header-display":"","ast-banner-title-visibility":"","ast-main-header-display":"","ast-hfb-above-header-display":"","ast-hfb-below-header-display":"","ast-hfb-mobile-header-display":"","site-post-title":"","ast-breadcrumbs-content":"","ast-featured-img":"","footer-sml-layout":"","theme-transparent-header-meta":"","adv-header-id-meta":"","stick-header-meta":"","header-above-stick-meta":"","header-main-stick-meta":"","header-below-stick-meta":"","astra-migrate-meta-layouts":"default","ast-page-background-enabled":"default","ast-page-background-meta":{"desktop":{"background-color":"var(--ast-global-color-4)","background-image":"","background-repeat":"repeat","background-position":"center center","background-size":"auto","background-attachment":"scroll","background-type":"","background-media":"","overlay-type":"","overlay-color":"","overlay-opacity":"","overlay-gradient":""},"tablet":{"background-color":"","background-image":"","background-repeat":"repeat","background-position":"center center","background-size":"auto","background-attachment":"scroll","background-type":"","background-media":"","overlay-type":"","overlay-color":"","overlay-opacity":"","overlay-gradient":""},"mobile":{"background-color":"","background-image":"","background-repeat":"repeat","background-position":"center center","background-size":"auto","background-attachment":"scroll","background-type":"","background-media":"","overlay-type":"","overlay-color":"","overlay-opacity":"","overlay-gradient":""}},"ast-content-background-meta":{"desktop":{"background-color":"var(--ast-global-color-5)","background-image":"","background-repeat":"repeat","background-position":"center center","background-size":"auto","background-attachment":"scroll","background-type":"","background-media":"","overlay-type":"","overlay-color":"","overlay-opacity":"","overlay-gradient":""},"tablet":{"background-color":"var(--ast-global-color-5)","background-image":"","background-repeat":"repeat","background-position":"center center","background-size":"auto","background-attachment":"scroll","background-type":"","background-media":"","overlay-type":"","overlay-color":"","overlay-opacity":"","overlay-gradient":""},"mobile":{"background-color":"var(--ast-global-color-5)","background-image":"","background-repeat":"repeat","background-position":"center center","background-size":"auto","background-attachment":"scroll","background-type":"","background-media":"","overlay-type":"","overlay-color":"","overlay-opacity":"","overlay-gradient":""}},"footnotes":""},"categories":[287,272,294,271,1,273],"tags":[],"class_list":["post-12284","post","type-post","status-publish","format-standard","has-post-thumbnail","hentry","category-als-mitjans","category-alumnes","category-esdeveniments-families","category-families","category-general","category-portada"],"post_mailing_queue_ids":[],"_links":{"self":[{"href":"https:\/\/serveiseducatius.xtec.cat\/creda-catcentral\/wp-json\/wp\/v2\/posts\/12284","targetHints":{"allow":["GET"]}}],"collection":[{"href":"https:\/\/serveiseducatius.xtec.cat\/creda-catcentral\/wp-json\/wp\/v2\/posts"}],"about":[{"href":"https:\/\/serveiseducatius.xtec.cat\/creda-catcentral\/wp-json\/wp\/v2\/types\/post"}],"author":[{"embeddable":true,"href":"https:\/\/serveiseducatius.xtec.cat\/creda-catcentral\/wp-json\/wp\/v2\/users\/58"}],"replies":[{"embeddable":true,"href":"https:\/\/serveiseducatius.xtec.cat\/creda-catcentral\/wp-json\/wp\/v2\/comments?post=12284"}],"version-history":[{"count":3,"href":"https:\/\/serveiseducatius.xtec.cat\/creda-catcentral\/wp-json\/wp\/v2\/posts\/12284\/revisions"}],"predecessor-version":[{"id":12297,"href":"https:\/\/serveiseducatius.xtec.cat\/creda-catcentral\/wp-json\/wp\/v2\/posts\/12284\/revisions\/12297"}],"wp:featuredmedia":[{"embeddable":true,"href":"https:\/\/serveiseducatius.xtec.cat\/creda-catcentral\/wp-json\/wp\/v2\/media\/12286"}],"wp:attachment":[{"href":"https:\/\/serveiseducatius.xtec.cat\/creda-catcentral\/wp-json\/wp\/v2\/media?parent=12284"}],"wp:term":[{"taxonomy":"category","embeddable":true,"href":"https:\/\/serveiseducatius.xtec.cat\/creda-catcentral\/wp-json\/wp\/v2\/categories?post=12284"},{"taxonomy":"post_tag","embeddable":true,"href":"https:\/\/serveiseducatius.xtec.cat\/creda-catcentral\/wp-json\/wp\/v2\/tags?post=12284"}],"curies":[{"name":"wp","href":"https:\/\/api.w.org\/{rel}","templated":true}]}}