{"id":12253,"date":"2023-04-17T16:20:16","date_gmt":"2023-04-17T14:20:16","guid":{"rendered":"https:\/\/serveiseducatius.xtec.cat\/creda-catcentral\/?p=12253"},"modified":"2023-04-17T16:20:16","modified_gmt":"2023-04-17T14:20:16","slug":"cicle-de-xerrades-a-docents-cat","status":"publish","type":"post","link":"https:\/\/serveiseducatius.xtec.cat\/creda-catcentral\/general\/cicle-de-xerrades-a-docents-cat\/","title":{"rendered":"CICLE DE XERRADES A DOCENTS.CAT"},"content":{"rendered":"<p>Docents.cat (la Comunitat dels Docents) ens ofereix un Cicle de 13 Xerrades\u00a0que ens aportaran\u00a0<strong>coneixements, recursos i estrat\u00e8gies<\/strong>\u00a0perqu\u00e8 puguem atendre la\u00a0<strong>diversitat d&#8217;alumnat<\/strong>\u00a0que tenim a les aules.<\/p>\n<p>Les xerrades seran<strong>\u00a0en l\u00ednia, gratu\u00eftes i obertes<\/strong>\u00a0a tothom!\ud83d\ude09<\/p>\n<p>Destaquem la Xerrada &#8220;<strong>Estrat\u00e8gies i orientacions per a la inclusi\u00f3 de l&#8217;alumnat amb P\u00e8rdua Auditiva<\/strong>&#8220;:<\/p>\n<p><a href=\"https:\/\/docents.cat\/cicle\/estrategies-i-orientacions-per-a-la-inclusio-de-lalumnat-amb-perdua-auditiva\/\" target=\"_blank\" rel=\"noopener\"><img loading=\"lazy\" decoding=\"async\" class=\"alignnone wp-image-12257\" src=\"https:\/\/serveiseducatius.xtec.cat\/creda-catcentral\/wp-content\/uploads\/usu1063\/2023\/04\/CREDA-300x300.jpg\" alt=\"\" width=\"322\" height=\"322\" srcset=\"https:\/\/serveiseducatius.xtec.cat\/creda-catcentral\/wp-content\/uploads\/usu1063\/2023\/04\/CREDA-300x300.jpg 300w, https:\/\/serveiseducatius.xtec.cat\/creda-catcentral\/wp-content\/uploads\/usu1063\/2023\/04\/CREDA-1024x1024.jpg 1024w, https:\/\/serveiseducatius.xtec.cat\/creda-catcentral\/wp-content\/uploads\/usu1063\/2023\/04\/CREDA-150x150.jpg 150w, https:\/\/serveiseducatius.xtec.cat\/creda-catcentral\/wp-content\/uploads\/usu1063\/2023\/04\/CREDA-768x768.jpg 768w, https:\/\/serveiseducatius.xtec.cat\/creda-catcentral\/wp-content\/uploads\/usu1063\/2023\/04\/CREDA.jpg 1080w\" sizes=\"auto, (max-width: 322px) 100vw, 322px\" \/><\/a><\/p>\n<p>Tot seguit us facilitem el programa de les Xerrades perqu\u00e8 pugueu consultar-lo f\u00e0cilment.<\/p>\n<p><a href=\"https:\/\/docents.cat\/\" target=\"_blank\" rel=\"noopener\"><img loading=\"lazy\" decoding=\"async\" class=\"alignnone wp-image-12258\" src=\"https:\/\/serveiseducatius.xtec.cat\/creda-catcentral\/wp-content\/uploads\/usu1063\/2023\/04\/Cicle-de-xerrades.-Diversitat-i-Inclusio-212x300.jpg\" alt=\"\" width=\"502\" height=\"710\" srcset=\"https:\/\/serveiseducatius.xtec.cat\/creda-catcentral\/wp-content\/uploads\/usu1063\/2023\/04\/Cicle-de-xerrades.-Diversitat-i-Inclusio-212x300.jpg 212w, https:\/\/serveiseducatius.xtec.cat\/creda-catcentral\/wp-content\/uploads\/usu1063\/2023\/04\/Cicle-de-xerrades.-Diversitat-i-Inclusio-724x1024.jpg 724w, https:\/\/serveiseducatius.xtec.cat\/creda-catcentral\/wp-content\/uploads\/usu1063\/2023\/04\/Cicle-de-xerrades.-Diversitat-i-Inclusio-768x1086.jpg 768w, https:\/\/serveiseducatius.xtec.cat\/creda-catcentral\/wp-content\/uploads\/usu1063\/2023\/04\/Cicle-de-xerrades.-Diversitat-i-Inclusio-1086x1536.jpg 1086w, https:\/\/serveiseducatius.xtec.cat\/creda-catcentral\/wp-content\/uploads\/usu1063\/2023\/04\/Cicle-de-xerrades.-Diversitat-i-Inclusio.jpg 1191w\" sizes=\"auto, (max-width: 502px) 100vw, 502px\" \/><\/a><\/p>\n","protected":false},"excerpt":{"rendered":"<p>Us recomanem aquest cicle de 13 xerrades sobre Diversitat i inclusi\u00f3. Destaquem la xerrada sobre l&#8217;alumnat amb P\u00e8rdua Auditiva.<\/p>\n","protected":false},"author":12,"featured_media":12254,"comment_status":"open","ping_status":"closed","sticky":false,"template":"","format":"standard","meta":{"site-sidebar-layout":"default","site-content-layout":"","ast-site-content-layout":"","site-content-style":"default","site-sidebar-style":"default","ast-global-header-display":"","ast-banner-title-visibility":"","ast-main-header-display":"","ast-hfb-above-header-display":"","ast-hfb-below-header-display":"","ast-hfb-mobile-header-display":"","site-post-title":"","ast-breadcrumbs-content":"","ast-featured-img":"","footer-sml-layout":"","theme-transparent-header-meta":"","adv-header-id-meta":"","stick-header-meta":"","header-above-stick-meta":"","header-main-stick-meta":"","header-below-stick-meta":"","astra-migrate-meta-layouts":"default","ast-page-background-enabled":"default","ast-page-background-meta":{"desktop":{"background-color":"var(--ast-global-color-4)","background-image":"","background-repeat":"repeat","background-position":"center center","background-size":"auto","background-attachment":"scroll","background-type":"","background-media":"","overlay-type":"","overlay-color":"","overlay-opacity":"","overlay-gradient":""},"tablet":{"background-color":"","background-image":"","background-repeat":"repeat","background-position":"center center","background-size":"auto","background-attachment":"scroll","background-type":"","background-media":"","overlay-type":"","overlay-color":"","overlay-opacity":"","overlay-gradient":""},"mobile":{"background-color":"","background-image":"","background-repeat":"repeat","background-position":"center center","background-size":"auto","background-attachment":"scroll","background-type":"","background-media":"","overlay-type":"","overlay-color":"","overlay-opacity":"","overlay-gradient":""}},"ast-content-background-meta":{"desktop":{"background-color":"var(--ast-global-color-5)","background-image":"","background-repeat":"repeat","background-position":"center center","background-size":"auto","background-attachment":"scroll","background-type":"","background-media":"","overlay-type":"","overlay-color":"","overlay-opacity":"","overlay-gradient":""},"tablet":{"background-color":"var(--ast-global-color-5)","background-image":"","background-repeat":"repeat","background-position":"center center","background-size":"auto","background-attachment":"scroll","background-type":"","background-media":"","overlay-type":"","overlay-color":"","overlay-opacity":"","overlay-gradient":""},"mobile":{"background-color":"var(--ast-global-color-5)","background-image":"","background-repeat":"repeat","background-position":"center center","background-size":"auto","background-attachment":"scroll","background-type":"","background-media":"","overlay-type":"","overlay-color":"","overlay-opacity":"","overlay-gradient":""}},"footnotes":""},"categories":[288,1,273,264],"tags":[405,967],"class_list":["post-12253","post","type-post","status-publish","format-standard","has-post-thumbnail","hentry","category-formacio","category-general","category-portada","category-professionals","tag-formacio","tag-perdua-auditiva"],"post_mailing_queue_ids":[],"_links":{"self":[{"href":"https:\/\/serveiseducatius.xtec.cat\/creda-catcentral\/wp-json\/wp\/v2\/posts\/12253","targetHints":{"allow":["GET"]}}],"collection":[{"href":"https:\/\/serveiseducatius.xtec.cat\/creda-catcentral\/wp-json\/wp\/v2\/posts"}],"about":[{"href":"https:\/\/serveiseducatius.xtec.cat\/creda-catcentral\/wp-json\/wp\/v2\/types\/post"}],"author":[{"embeddable":true,"href":"https:\/\/serveiseducatius.xtec.cat\/creda-catcentral\/wp-json\/wp\/v2\/users\/12"}],"replies":[{"embeddable":true,"href":"https:\/\/serveiseducatius.xtec.cat\/creda-catcentral\/wp-json\/wp\/v2\/comments?post=12253"}],"version-history":[{"count":3,"href":"https:\/\/serveiseducatius.xtec.cat\/creda-catcentral\/wp-json\/wp\/v2\/posts\/12253\/revisions"}],"predecessor-version":[{"id":12261,"href":"https:\/\/serveiseducatius.xtec.cat\/creda-catcentral\/wp-json\/wp\/v2\/posts\/12253\/revisions\/12261"}],"wp:featuredmedia":[{"embeddable":true,"href":"https:\/\/serveiseducatius.xtec.cat\/creda-catcentral\/wp-json\/wp\/v2\/media\/12254"}],"wp:attachment":[{"href":"https:\/\/serveiseducatius.xtec.cat\/creda-catcentral\/wp-json\/wp\/v2\/media?parent=12253"}],"wp:term":[{"taxonomy":"category","embeddable":true,"href":"https:\/\/serveiseducatius.xtec.cat\/creda-catcentral\/wp-json\/wp\/v2\/categories?post=12253"},{"taxonomy":"post_tag","embeddable":true,"href":"https:\/\/serveiseducatius.xtec.cat\/creda-catcentral\/wp-json\/wp\/v2\/tags?post=12253"}],"curies":[{"name":"wp","href":"https:\/\/api.w.org\/{rel}","templated":true}]}}