{"id":11813,"date":"2022-11-09T22:33:13","date_gmt":"2022-11-09T21:33:13","guid":{"rendered":"https:\/\/serveiseducatius.xtec.cat\/creda-catcentral\/?p=11813"},"modified":"2022-11-10T07:32:20","modified_gmt":"2022-11-10T06:32:20","slug":"formacio-datencio-primerenca-a-navarra","status":"publish","type":"post","link":"https:\/\/serveiseducatius.xtec.cat\/creda-catcentral\/general\/formacio-datencio-primerenca-a-navarra\/","title":{"rendered":"FORMACI\u00d3 SOBRE ATENCI\u00d3 PRIMERENCA A NAVARRA"},"content":{"rendered":"<p>En aquest article volem donar a con\u00e8ixer la formaci\u00f3 que van fer algunes compayes del CREDA.\u00a0 La setmana passada van poder assistir-hi algunes companyes de l&#8217;equip a la formaci\u00f3 que s&#8217;organitzava a Navarra sobre l&#8217;atenci\u00f3 primerenca dels nens i nenes amb dificultats auditives.<\/p>\n<p>Va ser una formaci\u00f3 molt interesant en la que hi van assistir diferents professionals: logopedes, audioprotesistes, otorrinos&#8230; per fer una abordatge multidisciplinar\u00a0 de l&#8217;atenci\u00f3 dels nens i nenes amb p\u00e8rdua auditiva en els primers anys.<\/p>\n<p><a href=\"https:\/\/serveiseducatius.xtec.cat\/creda-catcentral\/wp-content\/uploads\/usu1063\/2022\/11\/PHOTO-2022-11-09-19-59-35-1.jpg\"><img loading=\"lazy\" decoding=\"async\" class=\"size-medium wp-image-11811 aligncenter\" src=\"https:\/\/serveiseducatius.xtec.cat\/creda-catcentral\/wp-content\/uploads\/usu1063\/2022\/11\/PHOTO-2022-11-09-19-59-35-1-300x225.jpg\" alt=\"\" width=\"300\" height=\"225\" srcset=\"https:\/\/serveiseducatius.xtec.cat\/creda-catcentral\/wp-content\/uploads\/usu1063\/2022\/11\/PHOTO-2022-11-09-19-59-35-1-300x225.jpg 300w, https:\/\/serveiseducatius.xtec.cat\/creda-catcentral\/wp-content\/uploads\/usu1063\/2022\/11\/PHOTO-2022-11-09-19-59-35-1-1024x767.jpg 1024w, https:\/\/serveiseducatius.xtec.cat\/creda-catcentral\/wp-content\/uploads\/usu1063\/2022\/11\/PHOTO-2022-11-09-19-59-35-1-768x575.jpg 768w, https:\/\/serveiseducatius.xtec.cat\/creda-catcentral\/wp-content\/uploads\/usu1063\/2022\/11\/PHOTO-2022-11-09-19-59-35-1-1536x1150.jpg 1536w, https:\/\/serveiseducatius.xtec.cat\/creda-catcentral\/wp-content\/uploads\/usu1063\/2022\/11\/PHOTO-2022-11-09-19-59-35-1-200x150.jpg 200w, https:\/\/serveiseducatius.xtec.cat\/creda-catcentral\/wp-content\/uploads\/usu1063\/2022\/11\/PHOTO-2022-11-09-19-59-35-1.jpg 2048w\" sizes=\"auto, (max-width: 300px) 100vw, 300px\" \/><\/a><\/p>\n<p>Us deixem l&#8217;enlla\u00e7 de la not\u00edcia que es va publicar a Noticias\u00a0 de Navarra.<\/p>\n<p><a href=\"https:\/\/www.noticiasdenavarra.com\/sociedad\/2022\/11\/05\/200-profesionales-abordan-navarra-problemas-6195745.html\">https:\/\/www.noticiasdenavarra.com\/sociedad\/2022\/11\/05\/200-profesionales-abordan-navarra-problemas-6195745.html<\/a><\/p>\n","protected":false},"excerpt":{"rendered":"<p>Formaci\u00f3  sobre l&#8217;atenci\u00f3 primerenca dels nens i nenes amb p\u00e8rdua auditva a Navarra. <\/p>\n","protected":false},"author":58,"featured_media":11811,"comment_status":"open","ping_status":"closed","sticky":false,"template":"","format":"standard","meta":{"site-sidebar-layout":"default","site-content-layout":"","ast-site-content-layout":"","site-content-style":"default","site-sidebar-style":"default","ast-global-header-display":"","ast-banner-title-visibility":"","ast-main-header-display":"","ast-hfb-above-header-display":"","ast-hfb-below-header-display":"","ast-hfb-mobile-header-display":"","site-post-title":"","ast-breadcrumbs-content":"","ast-featured-img":"","footer-sml-layout":"","theme-transparent-header-meta":"","adv-header-id-meta":"","stick-header-meta":"","header-above-stick-meta":"","header-main-stick-meta":"","header-below-stick-meta":"","astra-migrate-meta-layouts":"default","ast-page-background-enabled":"default","ast-page-background-meta":{"desktop":{"background-color":"var(--ast-global-color-4)","background-image":"","background-repeat":"repeat","background-position":"center center","background-size":"auto","background-attachment":"scroll","background-type":"","background-media":"","overlay-type":"","overlay-color":"","overlay-opacity":"","overlay-gradient":""},"tablet":{"background-color":"","background-image":"","background-repeat":"repeat","background-position":"center center","background-size":"auto","background-attachment":"scroll","background-type":"","background-media":"","overlay-type":"","overlay-color":"","overlay-opacity":"","overlay-gradient":""},"mobile":{"background-color":"","background-image":"","background-repeat":"repeat","background-position":"center center","background-size":"auto","background-attachment":"scroll","background-type":"","background-media":"","overlay-type":"","overlay-color":"","overlay-opacity":"","overlay-gradient":""}},"ast-content-background-meta":{"desktop":{"background-color":"var(--ast-global-color-5)","background-image":"","background-repeat":"repeat","background-position":"center center","background-size":"auto","background-attachment":"scroll","background-type":"","background-media":"","overlay-type":"","overlay-color":"","overlay-opacity":"","overlay-gradient":""},"tablet":{"background-color":"var(--ast-global-color-5)","background-image":"","background-repeat":"repeat","background-position":"center center","background-size":"auto","background-attachment":"scroll","background-type":"","background-media":"","overlay-type":"","overlay-color":"","overlay-opacity":"","overlay-gradient":""},"mobile":{"background-color":"var(--ast-global-color-5)","background-image":"","background-repeat":"repeat","background-position":"center center","background-size":"auto","background-attachment":"scroll","background-type":"","background-media":"","overlay-type":"","overlay-color":"","overlay-opacity":"","overlay-gradient":""}},"footnotes":""},"categories":[294,288,1,273],"tags":[],"class_list":["post-11813","post","type-post","status-publish","format-standard","has-post-thumbnail","hentry","category-esdeveniments-families","category-formacio","category-general","category-portada"],"post_mailing_queue_ids":[],"_links":{"self":[{"href":"https:\/\/serveiseducatius.xtec.cat\/creda-catcentral\/wp-json\/wp\/v2\/posts\/11813","targetHints":{"allow":["GET"]}}],"collection":[{"href":"https:\/\/serveiseducatius.xtec.cat\/creda-catcentral\/wp-json\/wp\/v2\/posts"}],"about":[{"href":"https:\/\/serveiseducatius.xtec.cat\/creda-catcentral\/wp-json\/wp\/v2\/types\/post"}],"author":[{"embeddable":true,"href":"https:\/\/serveiseducatius.xtec.cat\/creda-catcentral\/wp-json\/wp\/v2\/users\/58"}],"replies":[{"embeddable":true,"href":"https:\/\/serveiseducatius.xtec.cat\/creda-catcentral\/wp-json\/wp\/v2\/comments?post=11813"}],"version-history":[{"count":3,"href":"https:\/\/serveiseducatius.xtec.cat\/creda-catcentral\/wp-json\/wp\/v2\/posts\/11813\/revisions"}],"predecessor-version":[{"id":11818,"href":"https:\/\/serveiseducatius.xtec.cat\/creda-catcentral\/wp-json\/wp\/v2\/posts\/11813\/revisions\/11818"}],"wp:featuredmedia":[{"embeddable":true,"href":"https:\/\/serveiseducatius.xtec.cat\/creda-catcentral\/wp-json\/wp\/v2\/media\/11811"}],"wp:attachment":[{"href":"https:\/\/serveiseducatius.xtec.cat\/creda-catcentral\/wp-json\/wp\/v2\/media?parent=11813"}],"wp:term":[{"taxonomy":"category","embeddable":true,"href":"https:\/\/serveiseducatius.xtec.cat\/creda-catcentral\/wp-json\/wp\/v2\/categories?post=11813"},{"taxonomy":"post_tag","embeddable":true,"href":"https:\/\/serveiseducatius.xtec.cat\/creda-catcentral\/wp-json\/wp\/v2\/tags?post=11813"}],"curies":[{"name":"wp","href":"https:\/\/api.w.org\/{rel}","templated":true}]}}