{"id":11605,"date":"2022-05-11T11:54:03","date_gmt":"2022-05-11T09:54:03","guid":{"rendered":"https:\/\/serveiseducatius.xtec.cat\/creda-catcentral\/?p=11605"},"modified":"2022-05-11T11:54:03","modified_gmt":"2022-05-11T09:54:03","slug":"sortida-alumnes-creda-catalunya-central","status":"publish","type":"post","link":"https:\/\/serveiseducatius.xtec.cat\/creda-catcentral\/general\/sortida-alumnes-creda-catalunya-central\/","title":{"rendered":"SORTIDA ALUMNES CREDA CATALUNYA CENTRAL"},"content":{"rendered":"<p>El passat dilluns 9 de maig vam poder celebrar la Sortida anual d&#8217;alumnes amb p\u00e8rdua auditiva del nostre CREDA de la Catalunya Central. Hi van participar m\u00e9s de 40 alumnes de Prim\u00e0ria i Secund\u00e0ria.<\/p>\n<p>Despr\u00e9s de m\u00e9s de dos anys sense poder organitzar aquesta activitat, degut a la pand\u00e8mia que tant ha limitat les relacions socials de grans i petits, hem gaudit d&#8217;un dia meravell\u00f3s ple d&#8217;activitats, retrobades i emocions.<\/p>\n<p>Com ja \u00e9s tradicional, la sortida es va programar de manera conjunta amb l&#8217;alumnat del grau mig d&#8217;Animaci\u00f3 S\u00f2ciocultural de l&#8217;IES Guillem Cat\u00e0 de Manresa. Enguany, les activitats giraven entorn a l&#8217;\u00e0mbit de la Creativitat. Els nens i nenes, nois i noies que van participar van poder posar a prova la seva capacitat creativa en diferents sectors: expressi\u00f3 corporal, dansa, equilibris, dibuix&#8230;<\/p>\n<p>Despr\u00e9s de les activitats grans i petits, van dinar tots junts i acontinuaci\u00f3 van tenir temps lliure per jugar als diferents espais del parc.<\/p>\n<p>Un gran dia amb una molt bona companyia!!! Amb ganes de tonar-hi!!! Gr\u00e0cies petits, grans i fam\u00edlies per la vostra participaci\u00f3.<\/p>\n<p><img loading=\"lazy\" decoding=\"async\" class=\"alignnone  wp-image-11606\" src=\"https:\/\/serveiseducatius.xtec.cat\/creda-catcentral\/wp-content\/uploads\/usu1063\/2022\/05\/foto-sortida-grup-monitors-300x169.jpg\" alt=\"\" width=\"527\" height=\"297\" srcset=\"https:\/\/serveiseducatius.xtec.cat\/creda-catcentral\/wp-content\/uploads\/usu1063\/2022\/05\/foto-sortida-grup-monitors-300x169.jpg 300w, https:\/\/serveiseducatius.xtec.cat\/creda-catcentral\/wp-content\/uploads\/usu1063\/2022\/05\/foto-sortida-grup-monitors-1024x578.jpg 1024w, https:\/\/serveiseducatius.xtec.cat\/creda-catcentral\/wp-content\/uploads\/usu1063\/2022\/05\/foto-sortida-grup-monitors-768x433.jpg 768w, https:\/\/serveiseducatius.xtec.cat\/creda-catcentral\/wp-content\/uploads\/usu1063\/2022\/05\/foto-sortida-grup-monitors-1536x867.jpg 1536w, https:\/\/serveiseducatius.xtec.cat\/creda-catcentral\/wp-content\/uploads\/usu1063\/2022\/05\/foto-sortida-grup-monitors-2048x1156.jpg 2048w\" sizes=\"auto, (max-width: 527px) 100vw, 527px\" \/><\/p>\n","protected":false},"excerpt":{"rendered":"<p>Sortida dels alumnes amb p\u00e8rdua auditiva del CREDA CC.<\/p>\n","protected":false},"author":12,"featured_media":11606,"comment_status":"open","ping_status":"closed","sticky":false,"template":"","format":"standard","meta":{"site-sidebar-layout":"default","site-content-layout":"","ast-site-content-layout":"","site-content-style":"default","site-sidebar-style":"default","ast-global-header-display":"","ast-banner-title-visibility":"","ast-main-header-display":"","ast-hfb-above-header-display":"","ast-hfb-below-header-display":"","ast-hfb-mobile-header-display":"","site-post-title":"","ast-breadcrumbs-content":"","ast-featured-img":"","footer-sml-layout":"","theme-transparent-header-meta":"","adv-header-id-meta":"","stick-header-meta":"","header-above-stick-meta":"","header-main-stick-meta":"","header-below-stick-meta":"","astra-migrate-meta-layouts":"default","ast-page-background-enabled":"default","ast-page-background-meta":{"desktop":{"background-color":"var(--ast-global-color-4)","background-image":"","background-repeat":"repeat","background-position":"center center","background-size":"auto","background-attachment":"scroll","background-type":"","background-media":"","overlay-type":"","overlay-color":"","overlay-opacity":"","overlay-gradient":""},"tablet":{"background-color":"","background-image":"","background-repeat":"repeat","background-position":"center center","background-size":"auto","background-attachment":"scroll","background-type":"","background-media":"","overlay-type":"","overlay-color":"","overlay-opacity":"","overlay-gradient":""},"mobile":{"background-color":"","background-image":"","background-repeat":"repeat","background-position":"center center","background-size":"auto","background-attachment":"scroll","background-type":"","background-media":"","overlay-type":"","overlay-color":"","overlay-opacity":"","overlay-gradient":""}},"ast-content-background-meta":{"desktop":{"background-color":"var(--ast-global-color-5)","background-image":"","background-repeat":"repeat","background-position":"center center","background-size":"auto","background-attachment":"scroll","background-type":"","background-media":"","overlay-type":"","overlay-color":"","overlay-opacity":"","overlay-gradient":""},"tablet":{"background-color":"var(--ast-global-color-5)","background-image":"","background-repeat":"repeat","background-position":"center center","background-size":"auto","background-attachment":"scroll","background-type":"","background-media":"","overlay-type":"","overlay-color":"","overlay-opacity":"","overlay-gradient":""},"mobile":{"background-color":"var(--ast-global-color-5)","background-image":"","background-repeat":"repeat","background-position":"center center","background-size":"auto","background-attachment":"scroll","background-type":"","background-media":"","overlay-type":"","overlay-color":"","overlay-opacity":"","overlay-gradient":""}},"footnotes":""},"categories":[272,1,273,353],"tags":[565,326,581],"class_list":["post-11605","post","type-post","status-publish","format-standard","has-post-thumbnail","hentry","category-alumnes","category-general","category-portada","category-sortides-alumnes","tag-alumnes","tag-sordesa","tag-sortida"],"post_mailing_queue_ids":[],"_links":{"self":[{"href":"https:\/\/serveiseducatius.xtec.cat\/creda-catcentral\/wp-json\/wp\/v2\/posts\/11605","targetHints":{"allow":["GET"]}}],"collection":[{"href":"https:\/\/serveiseducatius.xtec.cat\/creda-catcentral\/wp-json\/wp\/v2\/posts"}],"about":[{"href":"https:\/\/serveiseducatius.xtec.cat\/creda-catcentral\/wp-json\/wp\/v2\/types\/post"}],"author":[{"embeddable":true,"href":"https:\/\/serveiseducatius.xtec.cat\/creda-catcentral\/wp-json\/wp\/v2\/users\/12"}],"replies":[{"embeddable":true,"href":"https:\/\/serveiseducatius.xtec.cat\/creda-catcentral\/wp-json\/wp\/v2\/comments?post=11605"}],"version-history":[{"count":1,"href":"https:\/\/serveiseducatius.xtec.cat\/creda-catcentral\/wp-json\/wp\/v2\/posts\/11605\/revisions"}],"predecessor-version":[{"id":11607,"href":"https:\/\/serveiseducatius.xtec.cat\/creda-catcentral\/wp-json\/wp\/v2\/posts\/11605\/revisions\/11607"}],"wp:featuredmedia":[{"embeddable":true,"href":"https:\/\/serveiseducatius.xtec.cat\/creda-catcentral\/wp-json\/wp\/v2\/media\/11606"}],"wp:attachment":[{"href":"https:\/\/serveiseducatius.xtec.cat\/creda-catcentral\/wp-json\/wp\/v2\/media?parent=11605"}],"wp:term":[{"taxonomy":"category","embeddable":true,"href":"https:\/\/serveiseducatius.xtec.cat\/creda-catcentral\/wp-json\/wp\/v2\/categories?post=11605"},{"taxonomy":"post_tag","embeddable":true,"href":"https:\/\/serveiseducatius.xtec.cat\/creda-catcentral\/wp-json\/wp\/v2\/tags?post=11605"}],"curies":[{"name":"wp","href":"https:\/\/api.w.org\/{rel}","templated":true}]}}