{"id":11020,"date":"2021-02-01T18:51:39","date_gmt":"2021-02-01T17:51:39","guid":{"rendered":"http:\/\/serveiseducatius.xtec.cat\/creda-catcentral\/?p=11020"},"modified":"2021-02-01T18:51:39","modified_gmt":"2021-02-01T17:51:39","slug":"auriculars-i-volum-a-tot-drap-compte","status":"publish","type":"post","link":"https:\/\/serveiseducatius.xtec.cat\/creda-catcentral\/families\/auriculars-i-volum-a-tot-drap-compte\/","title":{"rendered":"AURICULARS I VOLUM A TOT DRAP? COMPTE!"},"content":{"rendered":"<p>&#8220;Segons dades de l&#8217;Organitzaci\u00f3 Mundial de la Salut (OMS), el 50% de la poblaci\u00f3 d&#8217;entre 12 i 35 anys estan en risc de patir p\u00e8rdua d&#8217;audici\u00f3 a causa de l&#8217;exposici\u00f3 al soroll, una situaci\u00f3 que sol donar-se en contextos recreatius, com pot ser l&#8217;\u00fas d&#8217;auriculars per escoltar m\u00fasica a un volum elevat durant un temps prolongat. Segons GAES-Amplifon, un de cada cinc adolescents entre 12 i 19 anys pateix p\u00e8rdua d&#8217;audici\u00f3 a causa d&#8217;un \u00fas excessiu d&#8217;aquests dispositius.&#8221;<\/p>\n<p>Si voleu continuar llegint aquest article del diari ARA, cliqueu sobre la imatge.<\/p>\n<p><a href=\"https:\/\/criatures.ara.cat\/adolescencia\/joves-risc-patir-perdua-audicio-per-exposicio-soroll_1_3030416.html\" target=\"_blank\" rel=\"noopener noreferrer\"><img loading=\"lazy\" decoding=\"async\" class=\"alignleft  wp-image-11021\" src=\"https:\/\/serveiseducatius.xtec.cat\/creda-catcentral\/wp-content\/uploads\/usu1063\/2021\/02\/auriculars.jpg\" alt=\"\" width=\"520\" height=\"292\" srcset=\"https:\/\/serveiseducatius.xtec.cat\/creda-catcentral\/wp-content\/uploads\/usu1063\/2021\/02\/auriculars.jpg 900w, https:\/\/serveiseducatius.xtec.cat\/creda-catcentral\/wp-content\/uploads\/usu1063\/2021\/02\/auriculars-300x169.jpg 300w, https:\/\/serveiseducatius.xtec.cat\/creda-catcentral\/wp-content\/uploads\/usu1063\/2021\/02\/auriculars-768x432.jpg 768w\" sizes=\"auto, (max-width: 520px) 100vw, 520px\" \/><\/a><\/p>\n","protected":false},"excerpt":{"rendered":"<p>&#8220;Segons dades de l&#8217;Organitzaci\u00f3 Mundial de la Salut (OMS), el 50% de la poblaci\u00f3 d&#8217;entre 12 i 35 anys estan en risc de patir p\u00e8rdua d&#8217;audici\u00f3 a causa de l&#8217;exposici\u00f3 al soroll, una situaci\u00f3 que sol donar-se en contextos recreatius, com pot ser l&#8217;\u00fas d&#8217;auriculars per escoltar m\u00fasica a un volum elevat durant un temps [&hellip;]<\/p>\n","protected":false},"author":3,"featured_media":11021,"comment_status":"open","ping_status":"closed","sticky":false,"template":"","format":"standard","meta":{"site-sidebar-layout":"default","site-content-layout":"","ast-site-content-layout":"","site-content-style":"default","site-sidebar-style":"default","ast-global-header-display":"","ast-banner-title-visibility":"","ast-main-header-display":"","ast-hfb-above-header-display":"","ast-hfb-below-header-display":"","ast-hfb-mobile-header-display":"","site-post-title":"","ast-breadcrumbs-content":"","ast-featured-img":"","footer-sml-layout":"","theme-transparent-header-meta":"","adv-header-id-meta":"","stick-header-meta":"","header-above-stick-meta":"","header-main-stick-meta":"","header-below-stick-meta":"","astra-migrate-meta-layouts":"default","ast-page-background-enabled":"default","ast-page-background-meta":{"desktop":{"background-color":"var(--ast-global-color-4)","background-image":"","background-repeat":"repeat","background-position":"center center","background-size":"auto","background-attachment":"scroll","background-type":"","background-media":"","overlay-type":"","overlay-color":"","overlay-opacity":"","overlay-gradient":""},"tablet":{"background-color":"","background-image":"","background-repeat":"repeat","background-position":"center center","background-size":"auto","background-attachment":"scroll","background-type":"","background-media":"","overlay-type":"","overlay-color":"","overlay-opacity":"","overlay-gradient":""},"mobile":{"background-color":"","background-image":"","background-repeat":"repeat","background-position":"center center","background-size":"auto","background-attachment":"scroll","background-type":"","background-media":"","overlay-type":"","overlay-color":"","overlay-opacity":"","overlay-gradient":""}},"ast-content-background-meta":{"desktop":{"background-color":"var(--ast-global-color-5)","background-image":"","background-repeat":"repeat","background-position":"center center","background-size":"auto","background-attachment":"scroll","background-type":"","background-media":"","overlay-type":"","overlay-color":"","overlay-opacity":"","overlay-gradient":""},"tablet":{"background-color":"var(--ast-global-color-5)","background-image":"","background-repeat":"repeat","background-position":"center center","background-size":"auto","background-attachment":"scroll","background-type":"","background-media":"","overlay-type":"","overlay-color":"","overlay-opacity":"","overlay-gradient":""},"mobile":{"background-color":"var(--ast-global-color-5)","background-image":"","background-repeat":"repeat","background-position":"center center","background-size":"auto","background-attachment":"scroll","background-type":"","background-media":"","overlay-type":"","overlay-color":"","overlay-opacity":"","overlay-gradient":""}},"footnotes":""},"categories":[271,273],"tags":[900,897,899,901,326,898],"class_list":["post-11020","post","type-post","status-publish","format-standard","has-post-thumbnail","hentry","category-families","category-portada","tag-ara-criatures","tag-auriculars","tag-diari-ara","tag-prevencio","tag-sordesa","tag-volum-alt"],"post_mailing_queue_ids":[],"_links":{"self":[{"href":"https:\/\/serveiseducatius.xtec.cat\/creda-catcentral\/wp-json\/wp\/v2\/posts\/11020","targetHints":{"allow":["GET"]}}],"collection":[{"href":"https:\/\/serveiseducatius.xtec.cat\/creda-catcentral\/wp-json\/wp\/v2\/posts"}],"about":[{"href":"https:\/\/serveiseducatius.xtec.cat\/creda-catcentral\/wp-json\/wp\/v2\/types\/post"}],"author":[{"embeddable":true,"href":"https:\/\/serveiseducatius.xtec.cat\/creda-catcentral\/wp-json\/wp\/v2\/users\/3"}],"replies":[{"embeddable":true,"href":"https:\/\/serveiseducatius.xtec.cat\/creda-catcentral\/wp-json\/wp\/v2\/comments?post=11020"}],"version-history":[{"count":1,"href":"https:\/\/serveiseducatius.xtec.cat\/creda-catcentral\/wp-json\/wp\/v2\/posts\/11020\/revisions"}],"predecessor-version":[{"id":11022,"href":"https:\/\/serveiseducatius.xtec.cat\/creda-catcentral\/wp-json\/wp\/v2\/posts\/11020\/revisions\/11022"}],"wp:featuredmedia":[{"embeddable":true,"href":"https:\/\/serveiseducatius.xtec.cat\/creda-catcentral\/wp-json\/wp\/v2\/media\/11021"}],"wp:attachment":[{"href":"https:\/\/serveiseducatius.xtec.cat\/creda-catcentral\/wp-json\/wp\/v2\/media?parent=11020"}],"wp:term":[{"taxonomy":"category","embeddable":true,"href":"https:\/\/serveiseducatius.xtec.cat\/creda-catcentral\/wp-json\/wp\/v2\/categories?post=11020"},{"taxonomy":"post_tag","embeddable":true,"href":"https:\/\/serveiseducatius.xtec.cat\/creda-catcentral\/wp-json\/wp\/v2\/tags?post=11020"}],"curies":[{"name":"wp","href":"https:\/\/api.w.org\/{rel}","templated":true}]}}