{"id":11004,"date":"2021-01-18T15:15:04","date_gmt":"2021-01-18T14:15:04","guid":{"rendered":"http:\/\/serveiseducatius.xtec.cat\/creda-catcentral\/?p=11004"},"modified":"2021-01-18T15:17:33","modified_gmt":"2021-01-18T14:17:33","slug":"noticia-escoles-amb-alumnes-sords-reclamen-les-mascaretes-transparents-promeses-per-educacio","status":"publish","type":"post","link":"https:\/\/serveiseducatius.xtec.cat\/creda-catcentral\/general\/noticia-escoles-amb-alumnes-sords-reclamen-les-mascaretes-transparents-promeses-per-educacio\/","title":{"rendered":"ESCOLES AMB ALUMNES SORDS RECLAMEN LES MASCARETES TRANSPARENTS PROMESES PER EDUCACI\u00d3"},"content":{"rendered":"<p>Ha comen\u00e7at el segon trimestre escolar, i els alumnes amb defici\u00e8ncies auditives ho han fet de la mateixa manera que van comen\u00e7ar el curs: sense mascaretes transparents que necessiten per a la seva activitat escolar.<\/p>\n<p><img loading=\"lazy\" decoding=\"async\" class=\"attachment-266x266 size-266x266\" src=\"https:\/\/serveiseducatius.xtec.cat\/creda-catcentral\/wp-content\/uploads\/usu1063\/2021\/01\/Not%C3%ADcia-mascaretes-gener21.jpg\" sizes=\"auto, (max-width: 266px) 100vw, 266px\" srcset=\"https:\/\/serveiseducatius.xtec.cat\/creda-catcentral\/wp-content\/uploads\/usu1063\/2021\/01\/Not\u00edcia-mascaretes-gener21.jpg 679w, https:\/\/serveiseducatius.xtec.cat\/creda-catcentral\/wp-content\/uploads\/usu1063\/2021\/01\/Not\u00edcia-mascaretes-gener21-300x172.jpg 300w\" alt=\"\" width=\"266\" height=\"152\" \/><\/p>\n<p>Podeu llegir la not\u00edcia sencera al seg\u00fcent enlla\u00e7:<\/p>\n<p><a href=\"https:\/\/www.ccma.cat\/324\/escoles-amb-alumnes-sords-reclamen-les-mascaretes-transparents-promeses-per-educacio\/noticia\/3071868\/\">https:\/\/www.ccma.cat\/324\/escoles-amb-alumnes-sords-reclamen-les-mascaretes-transparents-promeses-per-educacio\/noticia\/3071868\/<\/a><\/p>\n","protected":false},"excerpt":{"rendered":"<p>Ha comen\u00e7at el segon trimestre escolar, i els alumnes amb defici\u00e8ncies auditives ho han fet de la mateixa manera que van comen\u00e7ar el curs: sense mascaretes transparents que necessiten per a la seva activitat escolar. Podeu llegir la not\u00edcia sencera al seg\u00fcent enlla\u00e7: https:\/\/www.ccma.cat\/324\/escoles-amb-alumnes-sords-reclamen-les-mascaretes-transparents-promeses-per-educacio\/noticia\/3071868\/<\/p>\n","protected":false},"author":12,"featured_media":11005,"comment_status":"open","ping_status":"closed","sticky":false,"template":"","format":"standard","meta":{"site-sidebar-layout":"default","site-content-layout":"","ast-site-content-layout":"","site-content-style":"default","site-sidebar-style":"default","ast-global-header-display":"","ast-banner-title-visibility":"","ast-main-header-display":"","ast-hfb-above-header-display":"","ast-hfb-below-header-display":"","ast-hfb-mobile-header-display":"","site-post-title":"","ast-breadcrumbs-content":"","ast-featured-img":"","footer-sml-layout":"","theme-transparent-header-meta":"","adv-header-id-meta":"","stick-header-meta":"","header-above-stick-meta":"","header-main-stick-meta":"","header-below-stick-meta":"","astra-migrate-meta-layouts":"default","ast-page-background-enabled":"default","ast-page-background-meta":{"desktop":{"background-color":"var(--ast-global-color-4)","background-image":"","background-repeat":"repeat","background-position":"center center","background-size":"auto","background-attachment":"scroll","background-type":"","background-media":"","overlay-type":"","overlay-color":"","overlay-opacity":"","overlay-gradient":""},"tablet":{"background-color":"","background-image":"","background-repeat":"repeat","background-position":"center center","background-size":"auto","background-attachment":"scroll","background-type":"","background-media":"","overlay-type":"","overlay-color":"","overlay-opacity":"","overlay-gradient":""},"mobile":{"background-color":"","background-image":"","background-repeat":"repeat","background-position":"center center","background-size":"auto","background-attachment":"scroll","background-type":"","background-media":"","overlay-type":"","overlay-color":"","overlay-opacity":"","overlay-gradient":""}},"ast-content-background-meta":{"desktop":{"background-color":"var(--ast-global-color-5)","background-image":"","background-repeat":"repeat","background-position":"center center","background-size":"auto","background-attachment":"scroll","background-type":"","background-media":"","overlay-type":"","overlay-color":"","overlay-opacity":"","overlay-gradient":""},"tablet":{"background-color":"var(--ast-global-color-5)","background-image":"","background-repeat":"repeat","background-position":"center center","background-size":"auto","background-attachment":"scroll","background-type":"","background-media":"","overlay-type":"","overlay-color":"","overlay-opacity":"","overlay-gradient":""},"mobile":{"background-color":"var(--ast-global-color-5)","background-image":"","background-repeat":"repeat","background-position":"center center","background-size":"auto","background-attachment":"scroll","background-type":"","background-media":"","overlay-type":"","overlay-color":"","overlay-opacity":"","overlay-gradient":""}},"footnotes":""},"categories":[1,273],"tags":[895,436,326],"class_list":["post-11004","post","type-post","status-publish","format-standard","has-post-thumbnail","hentry","category-general","category-portada","tag-noticia","tag-recursos","tag-sordesa"],"post_mailing_queue_ids":[],"_links":{"self":[{"href":"https:\/\/serveiseducatius.xtec.cat\/creda-catcentral\/wp-json\/wp\/v2\/posts\/11004","targetHints":{"allow":["GET"]}}],"collection":[{"href":"https:\/\/serveiseducatius.xtec.cat\/creda-catcentral\/wp-json\/wp\/v2\/posts"}],"about":[{"href":"https:\/\/serveiseducatius.xtec.cat\/creda-catcentral\/wp-json\/wp\/v2\/types\/post"}],"author":[{"embeddable":true,"href":"https:\/\/serveiseducatius.xtec.cat\/creda-catcentral\/wp-json\/wp\/v2\/users\/12"}],"replies":[{"embeddable":true,"href":"https:\/\/serveiseducatius.xtec.cat\/creda-catcentral\/wp-json\/wp\/v2\/comments?post=11004"}],"version-history":[{"count":3,"href":"https:\/\/serveiseducatius.xtec.cat\/creda-catcentral\/wp-json\/wp\/v2\/posts\/11004\/revisions"}],"predecessor-version":[{"id":11008,"href":"https:\/\/serveiseducatius.xtec.cat\/creda-catcentral\/wp-json\/wp\/v2\/posts\/11004\/revisions\/11008"}],"wp:featuredmedia":[{"embeddable":true,"href":"https:\/\/serveiseducatius.xtec.cat\/creda-catcentral\/wp-json\/wp\/v2\/media\/11005"}],"wp:attachment":[{"href":"https:\/\/serveiseducatius.xtec.cat\/creda-catcentral\/wp-json\/wp\/v2\/media?parent=11004"}],"wp:term":[{"taxonomy":"category","embeddable":true,"href":"https:\/\/serveiseducatius.xtec.cat\/creda-catcentral\/wp-json\/wp\/v2\/categories?post=11004"},{"taxonomy":"post_tag","embeddable":true,"href":"https:\/\/serveiseducatius.xtec.cat\/creda-catcentral\/wp-json\/wp\/v2\/tags?post=11004"}],"curies":[{"name":"wp","href":"https:\/\/api.w.org\/{rel}","templated":true}]}}