{"id":10898,"date":"2020-10-06T16:20:51","date_gmt":"2020-10-06T14:20:51","guid":{"rendered":"http:\/\/serveiseducatius.xtec.cat\/creda-catcentral\/?p=10898"},"modified":"2020-10-06T16:22:27","modified_gmt":"2020-10-06T14:22:27","slug":"els-centres-inicien-el-curs-sense-mascaretes-transparents-per-als-alumnes-amb-sordesa","status":"publish","type":"post","link":"https:\/\/serveiseducatius.xtec.cat\/creda-catcentral\/professionals\/els-centres-inicien-el-curs-sense-mascaretes-transparents-per-als-alumnes-amb-sordesa\/","title":{"rendered":"ELS CENTRES INICIEN EL CURS SENSE MASCARETES TRANSPARENTS PER ALS ALUMNES AMB SORDESA"},"content":{"rendered":"<p>El diari Regi\u00f37 ha publicat aquesta not\u00edcia que den\u00fancia el retard del Departament d&#8217;Ensenyament en la dotaci\u00f3 de mascaretes transparents per l&#8217;alumnat amb sordesa.<\/p>\n<p>&#8220;La mascareta \u00e9s una barrera per a les persones amb d\u00e8ficit auditiu a l&#8217;hora de comunicar-se amb els altres, at\u00e8s que impossibilita la lectura labial. Amb l&#8217;inici de curs, el problema es trasllada a les aules, on l&#8217;\u00fas del producte sanitari, que \u00e9s tan necessari en aquest context, dificulta l&#8217;aprenentatge dels alumnes amb sordesa.&#8221;<\/p>\n<p>Podeu llegir la not\u00edcia completa clicant sobre la imatge.<\/p>\n<p><a href=\"https:\/\/www.regio7.cat\/arreu-catalunya-espanya-mon\/2020\/10\/06\/centres-inicien-curs-mascaretes-transparents\/634760.html\" target=\"_blank\" rel=\"noopener noreferrer\"><img loading=\"lazy\" decoding=\"async\" class=\" wp-image-10899\" style=\"font-weight: bold; font-family: inherit; font-size: 1em;\" src=\"https:\/\/serveiseducatius.xtec.cat\/creda-catcentral\/wp-content\/uploads\/usu1063\/2020\/10\/treball-en-pandemia.jpg\" alt=\"\" width=\"645\" height=\"431\" srcset=\"https:\/\/serveiseducatius.xtec.cat\/creda-catcentral\/wp-content\/uploads\/usu1063\/2020\/10\/treball-en-pandemia.jpg 1254w, https:\/\/serveiseducatius.xtec.cat\/creda-catcentral\/wp-content\/uploads\/usu1063\/2020\/10\/treball-en-pandemia-300x200.jpg 300w, https:\/\/serveiseducatius.xtec.cat\/creda-catcentral\/wp-content\/uploads\/usu1063\/2020\/10\/treball-en-pandemia-768x513.jpg 768w, https:\/\/serveiseducatius.xtec.cat\/creda-catcentral\/wp-content\/uploads\/usu1063\/2020\/10\/treball-en-pandemia-1024x683.jpg 1024w\" sizes=\"auto, (max-width: 645px) 100vw, 645px\" \/><\/a><\/p>\n<p>&nbsp;<\/p>\n<p>&nbsp;<\/p>\n<p>&nbsp;<\/p>\n","protected":false},"excerpt":{"rendered":"<p>El diari Regi\u00f37 ha publicat aquesta not\u00edcia que den\u00fancia el retard del Departament d&#8217;Ensenyament en la dotaci\u00f3 de mascaretes transparents per l&#8217;alumnat amb sordesa. &#8220;La mascareta \u00e9s una barrera per a les persones amb d\u00e8ficit auditiu a l&#8217;hora de comunicar-se amb els altres, at\u00e8s que impossibilita la lectura labial. Amb l&#8217;inici de curs, el problema [&hellip;]<\/p>\n","protected":false},"author":3,"featured_media":10899,"comment_status":"open","ping_status":"closed","sticky":false,"template":"","format":"standard","meta":{"site-sidebar-layout":"default","site-content-layout":"","ast-site-content-layout":"","site-content-style":"default","site-sidebar-style":"default","ast-global-header-display":"","ast-banner-title-visibility":"","ast-main-header-display":"","ast-hfb-above-header-display":"","ast-hfb-below-header-display":"","ast-hfb-mobile-header-display":"","site-post-title":"","ast-breadcrumbs-content":"","ast-featured-img":"","footer-sml-layout":"","theme-transparent-header-meta":"","adv-header-id-meta":"","stick-header-meta":"","header-above-stick-meta":"","header-main-stick-meta":"","header-below-stick-meta":"","astra-migrate-meta-layouts":"default","ast-page-background-enabled":"default","ast-page-background-meta":{"desktop":{"background-color":"var(--ast-global-color-4)","background-image":"","background-repeat":"repeat","background-position":"center center","background-size":"auto","background-attachment":"scroll","background-type":"","background-media":"","overlay-type":"","overlay-color":"","overlay-opacity":"","overlay-gradient":""},"tablet":{"background-color":"","background-image":"","background-repeat":"repeat","background-position":"center center","background-size":"auto","background-attachment":"scroll","background-type":"","background-media":"","overlay-type":"","overlay-color":"","overlay-opacity":"","overlay-gradient":""},"mobile":{"background-color":"","background-image":"","background-repeat":"repeat","background-position":"center center","background-size":"auto","background-attachment":"scroll","background-type":"","background-media":"","overlay-type":"","overlay-color":"","overlay-opacity":"","overlay-gradient":""}},"ast-content-background-meta":{"desktop":{"background-color":"var(--ast-global-color-5)","background-image":"","background-repeat":"repeat","background-position":"center center","background-size":"auto","background-attachment":"scroll","background-type":"","background-media":"","overlay-type":"","overlay-color":"","overlay-opacity":"","overlay-gradient":""},"tablet":{"background-color":"var(--ast-global-color-5)","background-image":"","background-repeat":"repeat","background-position":"center center","background-size":"auto","background-attachment":"scroll","background-type":"","background-media":"","overlay-type":"","overlay-color":"","overlay-opacity":"","overlay-gradient":""},"mobile":{"background-color":"var(--ast-global-color-5)","background-image":"","background-repeat":"repeat","background-position":"center center","background-size":"auto","background-attachment":"scroll","background-type":"","background-media":"","overlay-type":"","overlay-color":"","overlay-opacity":"","overlay-gradient":""}},"footnotes":""},"categories":[271,273,264],"tags":[635,868,869,326],"class_list":["post-10898","post","type-post","status-publish","format-standard","has-post-thumbnail","hentry","category-families","category-portada","category-professionals","tag-inclusio-educativa","tag-mascaretes-transparents","tag-regio7","tag-sordesa"],"post_mailing_queue_ids":[],"_links":{"self":[{"href":"https:\/\/serveiseducatius.xtec.cat\/creda-catcentral\/wp-json\/wp\/v2\/posts\/10898","targetHints":{"allow":["GET"]}}],"collection":[{"href":"https:\/\/serveiseducatius.xtec.cat\/creda-catcentral\/wp-json\/wp\/v2\/posts"}],"about":[{"href":"https:\/\/serveiseducatius.xtec.cat\/creda-catcentral\/wp-json\/wp\/v2\/types\/post"}],"author":[{"embeddable":true,"href":"https:\/\/serveiseducatius.xtec.cat\/creda-catcentral\/wp-json\/wp\/v2\/users\/3"}],"replies":[{"embeddable":true,"href":"https:\/\/serveiseducatius.xtec.cat\/creda-catcentral\/wp-json\/wp\/v2\/comments?post=10898"}],"version-history":[{"count":1,"href":"https:\/\/serveiseducatius.xtec.cat\/creda-catcentral\/wp-json\/wp\/v2\/posts\/10898\/revisions"}],"predecessor-version":[{"id":10900,"href":"https:\/\/serveiseducatius.xtec.cat\/creda-catcentral\/wp-json\/wp\/v2\/posts\/10898\/revisions\/10900"}],"wp:featuredmedia":[{"embeddable":true,"href":"https:\/\/serveiseducatius.xtec.cat\/creda-catcentral\/wp-json\/wp\/v2\/media\/10899"}],"wp:attachment":[{"href":"https:\/\/serveiseducatius.xtec.cat\/creda-catcentral\/wp-json\/wp\/v2\/media?parent=10898"}],"wp:term":[{"taxonomy":"category","embeddable":true,"href":"https:\/\/serveiseducatius.xtec.cat\/creda-catcentral\/wp-json\/wp\/v2\/categories?post=10898"},{"taxonomy":"post_tag","embeddable":true,"href":"https:\/\/serveiseducatius.xtec.cat\/creda-catcentral\/wp-json\/wp\/v2\/tags?post=10898"}],"curies":[{"name":"wp","href":"https:\/\/api.w.org\/{rel}","templated":true}]}}