{"id":10888,"date":"2020-10-05T15:17:06","date_gmt":"2020-10-05T13:17:06","guid":{"rendered":"http:\/\/serveiseducatius.xtec.cat\/creda-catcentral\/?p=10888"},"modified":"2020-10-05T15:19:12","modified_gmt":"2020-10-05T13:19:12","slug":"les-funcions-executives-a-leducacio","status":"publish","type":"post","link":"https:\/\/serveiseducatius.xtec.cat\/creda-catcentral\/general\/les-funcions-executives-a-leducacio\/","title":{"rendered":"LES FUNCIONS EXECUTIVES A L&#8217;EDUCACI\u00d3."},"content":{"rendered":"<p>El director executiu del nostre cervell, el l\u00f2bul frontal, \u00e9s l&#8217;encarregat de realitzar les funcions cognitives m\u00e9s complexes que ens caracterizan als \u00e9ssers humans i que ens defineixen com a \u00e9ssers socials: les funcions executives. Aquestes capacitats relacionades amb la gesti\u00f3 de les emocions, l&#8217;atenci\u00f3 i la mem\u00f2ria ens permeten el control cognitiu i conductual necessari per planificar i prendre decisions adequades. Per aix\u00f2, s\u00f3n impres<img loading=\"lazy\" decoding=\"async\" class=\"alignleft wp-image-10889\" src=\"https:\/\/serveiseducatius.xtec.cat\/creda-catcentral\/wp-content\/uploads\/usu1063\/2020\/10\/FUNCIONS-EXECUTIVES-A-LEDUCACI\u00d3-798x1024.jpg\" alt=\"\" width=\"272\" height=\"349\" srcset=\"https:\/\/serveiseducatius.xtec.cat\/creda-catcentral\/wp-content\/uploads\/usu1063\/2020\/10\/FUNCIONS-EXECUTIVES-A-LEDUCACI\u00d3-798x1024.jpg 798w, https:\/\/serveiseducatius.xtec.cat\/creda-catcentral\/wp-content\/uploads\/usu1063\/2020\/10\/FUNCIONS-EXECUTIVES-A-LEDUCACI\u00d3-234x300.jpg 234w, https:\/\/serveiseducatius.xtec.cat\/creda-catcentral\/wp-content\/uploads\/usu1063\/2020\/10\/FUNCIONS-EXECUTIVES-A-LEDUCACI\u00d3-768x986.jpg 768w, https:\/\/serveiseducatius.xtec.cat\/creda-catcentral\/wp-content\/uploads\/usu1063\/2020\/10\/FUNCIONS-EXECUTIVES-A-LEDUCACI\u00d3.jpg 935w\" sizes=\"auto, (max-width: 272px) 100vw, 272px\" \/>cindibles per a l&#8217;aprenentatge i el desenvolupament socioemocional de l&#8217;infant i de l&#8217;adolescent i tenen un enorme protagonisme a l&#8217;aula.<\/p>\n<p>Al seminari s&#8217;analitzaran les funcions executives b\u00e0siques i estrat\u00e8gies senzilles per treballar-les a l&#8217;aula o en qualsevol altre context educatiu.<\/p>\n<p><a href=\"https:\/\/integratek.es\/funciones-ejecutivas-en-la-educacion-jesus-guillen\/\">integratek<\/a><\/p>\n","protected":false},"excerpt":{"rendered":"<p>El director executiu del nostre cervell, el l\u00f2bul frontal, \u00e9s l&#8217;encarregat de realitzar les funcions cognitives m\u00e9s complexes que ens caracterizan als \u00e9ssers humans i que ens defineixen com a \u00e9ssers socials: les funcions executives. Aquestes capacitats relacionades amb la gesti\u00f3 de les emocions, l&#8217;atenci\u00f3 i la mem\u00f2ria ens permeten el control cognitiu i conductual [&hellip;]<\/p>\n","protected":false},"author":25,"featured_media":10889,"comment_status":"open","ping_status":"closed","sticky":false,"template":"","format":"standard","meta":{"site-sidebar-layout":"default","site-content-layout":"","ast-site-content-layout":"","site-content-style":"default","site-sidebar-style":"default","ast-global-header-display":"","ast-banner-title-visibility":"","ast-main-header-display":"","ast-hfb-above-header-display":"","ast-hfb-below-header-display":"","ast-hfb-mobile-header-display":"","site-post-title":"","ast-breadcrumbs-content":"","ast-featured-img":"","footer-sml-layout":"","theme-transparent-header-meta":"","adv-header-id-meta":"","stick-header-meta":"","header-above-stick-meta":"","header-main-stick-meta":"","header-below-stick-meta":"","astra-migrate-meta-layouts":"default","ast-page-background-enabled":"default","ast-page-background-meta":{"desktop":{"background-color":"var(--ast-global-color-4)","background-image":"","background-repeat":"repeat","background-position":"center center","background-size":"auto","background-attachment":"scroll","background-type":"","background-media":"","overlay-type":"","overlay-color":"","overlay-opacity":"","overlay-gradient":""},"tablet":{"background-color":"","background-image":"","background-repeat":"repeat","background-position":"center center","background-size":"auto","background-attachment":"scroll","background-type":"","background-media":"","overlay-type":"","overlay-color":"","overlay-opacity":"","overlay-gradient":""},"mobile":{"background-color":"","background-image":"","background-repeat":"repeat","background-position":"center center","background-size":"auto","background-attachment":"scroll","background-type":"","background-media":"","overlay-type":"","overlay-color":"","overlay-opacity":"","overlay-gradient":""}},"ast-content-background-meta":{"desktop":{"background-color":"var(--ast-global-color-5)","background-image":"","background-repeat":"repeat","background-position":"center center","background-size":"auto","background-attachment":"scroll","background-type":"","background-media":"","overlay-type":"","overlay-color":"","overlay-opacity":"","overlay-gradient":""},"tablet":{"background-color":"var(--ast-global-color-5)","background-image":"","background-repeat":"repeat","background-position":"center center","background-size":"auto","background-attachment":"scroll","background-type":"","background-media":"","overlay-type":"","overlay-color":"","overlay-opacity":"","overlay-gradient":""},"mobile":{"background-color":"var(--ast-global-color-5)","background-image":"","background-repeat":"repeat","background-position":"center center","background-size":"auto","background-attachment":"scroll","background-type":"","background-media":"","overlay-type":"","overlay-color":"","overlay-opacity":"","overlay-gradient":""}},"footnotes":""},"categories":[288,1,273,264],"tags":[867,405,866],"class_list":["post-10888","post","type-post","status-publish","format-standard","has-post-thumbnail","hentry","category-formacio","category-general","category-portada","category-professionals","tag-cervell","tag-formacio","tag-funcions-executives"],"post_mailing_queue_ids":[],"_links":{"self":[{"href":"https:\/\/serveiseducatius.xtec.cat\/creda-catcentral\/wp-json\/wp\/v2\/posts\/10888","targetHints":{"allow":["GET"]}}],"collection":[{"href":"https:\/\/serveiseducatius.xtec.cat\/creda-catcentral\/wp-json\/wp\/v2\/posts"}],"about":[{"href":"https:\/\/serveiseducatius.xtec.cat\/creda-catcentral\/wp-json\/wp\/v2\/types\/post"}],"author":[{"embeddable":true,"href":"https:\/\/serveiseducatius.xtec.cat\/creda-catcentral\/wp-json\/wp\/v2\/users\/25"}],"replies":[{"embeddable":true,"href":"https:\/\/serveiseducatius.xtec.cat\/creda-catcentral\/wp-json\/wp\/v2\/comments?post=10888"}],"version-history":[{"count":2,"href":"https:\/\/serveiseducatius.xtec.cat\/creda-catcentral\/wp-json\/wp\/v2\/posts\/10888\/revisions"}],"predecessor-version":[{"id":10891,"href":"https:\/\/serveiseducatius.xtec.cat\/creda-catcentral\/wp-json\/wp\/v2\/posts\/10888\/revisions\/10891"}],"wp:featuredmedia":[{"embeddable":true,"href":"https:\/\/serveiseducatius.xtec.cat\/creda-catcentral\/wp-json\/wp\/v2\/media\/10889"}],"wp:attachment":[{"href":"https:\/\/serveiseducatius.xtec.cat\/creda-catcentral\/wp-json\/wp\/v2\/media?parent=10888"}],"wp:term":[{"taxonomy":"category","embeddable":true,"href":"https:\/\/serveiseducatius.xtec.cat\/creda-catcentral\/wp-json\/wp\/v2\/categories?post=10888"},{"taxonomy":"post_tag","embeddable":true,"href":"https:\/\/serveiseducatius.xtec.cat\/creda-catcentral\/wp-json\/wp\/v2\/tags?post=10888"}],"curies":[{"name":"wp","href":"https:\/\/api.w.org\/{rel}","templated":true}]}}