{"id":10735,"date":"2020-05-04T20:21:32","date_gmt":"2020-05-04T18:21:32","guid":{"rendered":"http:\/\/serveiseducatius.xtec.cat\/creda-catcentral\/?p=10735"},"modified":"2020-05-04T20:21:32","modified_gmt":"2020-05-04T18:21:32","slug":"parlem-de-la-lectura","status":"publish","type":"post","link":"https:\/\/serveiseducatius.xtec.cat\/creda-catcentral\/professionals\/parlem-de-la-lectura\/","title":{"rendered":"PARLEM DE LA LECTURA"},"content":{"rendered":"<p>Us presentem una s\u00e8rie d&#8217;articles que ens permetran analitzar i con\u00e8ixer diferents projectes per potenciar la lectura, eines per acompanyar la lectura a casa, diferents llocs on podem trobar llibres de manera gratu\u00efta.<\/p>\n<p>Comencem amb el <strong>projecte LECXIT:<\/strong> lectura per a l&#8217;\u00e8xit educatiu de la fundaci\u00f3 Jaume Bofill. \u00c9s un programa que t\u00e9 per objectiu incrementar l&#8217;\u00e8xit educatiu dels infants a trav\u00e9s del treball per la millora de la seva comprensi\u00f3 lectora. La clau de LECXIT est\u00e0 en treballar de forma l\u00fadica i amena gr\u00e0cies al\u00a0<strong>voluntariat<\/strong>\u00a0i a la\u00a0<strong>implicaci\u00f3 de l&#8217;entorn<\/strong>\u00a0dels nens i nenes que participen en el programa.<a href=\"https:\/\/www.fbofill.cat\/lecxit\" target=\"_blank\" rel=\"noopener noreferrer\"><img loading=\"lazy\" decoding=\"async\" class=\"wp-image-10736 aligncenter\" src=\"https:\/\/serveiseducatius.xtec.cat\/creda-catcentral\/wp-content\/uploads\/usu1063\/2020\/05\/lecxit.png\" alt=\"\" width=\"241\" height=\"242\" srcset=\"https:\/\/serveiseducatius.xtec.cat\/creda-catcentral\/wp-content\/uploads\/usu1063\/2020\/05\/lecxit.png 177w, https:\/\/serveiseducatius.xtec.cat\/creda-catcentral\/wp-content\/uploads\/usu1063\/2020\/05\/lecxit-150x150.png 150w\" sizes=\"auto, (max-width: 241px) 100vw, 241px\" \/><\/a><\/p>\n<p><strong>14 idees per acompanyar la lectura a casa<\/strong>, \u00e9s un article del diari digital Catorze.cat. &#8220;Ara que el temps s\u2019allarga a dintre de casa, compartir lectures amb els infants pot ser una de les pr\u00e0ctiques m\u00e9s senzilles i enriquidores&#8221;<\/p>\n<p><a href=\"https:\/\/www.catorze.cat\/noticia\/13941\/14\/idees\/acompanyar\/lectura\/casa\" target=\"_blank\" rel=\"noopener noreferrer\"><img loading=\"lazy\" decoding=\"async\" class=\"size-medium wp-image-10737 aligncenter\" src=\"https:\/\/serveiseducatius.xtec.cat\/creda-catcentral\/wp-content\/uploads\/usu1063\/2020\/05\/lectura-300x200.jpg\" alt=\"\" width=\"300\" height=\"200\" srcset=\"https:\/\/serveiseducatius.xtec.cat\/creda-catcentral\/wp-content\/uploads\/usu1063\/2020\/05\/lectura-300x200.jpg 300w, https:\/\/serveiseducatius.xtec.cat\/creda-catcentral\/wp-content\/uploads\/usu1063\/2020\/05\/lectura.jpg 650w\" sizes=\"auto, (max-width: 300px) 100vw, 300px\" \/><\/a><\/p>\n<p>On podem trobar contes i llibres per llegir? Doncs a <strong>eBiblio Catalunya<\/strong>. \u00c9s un servei del Sistema de Lectura P\u00fablica de Catalunya que fa possible el <strong>pr\u00e9stec de continguts digitals<\/strong> a tots els usuaris amb carnet de les biblioteques p\u00fabliques catalanes. Es pot accedir a aquests continguts a trav\u00e9s de diferents dispositius: ordinadors personals, lectors de llibres electr\u00f2nics, tauletes o tel\u00e8fons intel\u00b7ligents.<\/p>\n<p><a href=\"https:\/\/catalunya.ebiblio.es\/opac\/#index\" target=\"_blank\" rel=\"noopener noreferrer\"><img loading=\"lazy\" decoding=\"async\" class=\"size-medium wp-image-10738 aligncenter\" src=\"https:\/\/serveiseducatius.xtec.cat\/creda-catcentral\/wp-content\/uploads\/usu1063\/2020\/05\/ebibliocatalunya-300x157.png\" alt=\"\" width=\"300\" height=\"157\" srcset=\"https:\/\/serveiseducatius.xtec.cat\/creda-catcentral\/wp-content\/uploads\/usu1063\/2020\/05\/ebibliocatalunya-300x157.png 300w, https:\/\/serveiseducatius.xtec.cat\/creda-catcentral\/wp-content\/uploads\/usu1063\/2020\/05\/ebibliocatalunya.png 310w\" sizes=\"auto, (max-width: 300px) 100vw, 300px\" \/><\/a><\/p>\n","protected":false},"excerpt":{"rendered":"<p>Us presentem una s\u00e8rie d&#8217;articles que ens permetran analitzar i con\u00e8ixer diferents projectes per potenciar la lectura, eines per acompanyar la lectura a casa, diferents llocs on podem trobar llibres de manera gratu\u00efta. Comencem amb el projecte LECXIT: lectura per a l&#8217;\u00e8xit educatiu de la fundaci\u00f3 Jaume Bofill. \u00c9s un programa que t\u00e9 per objectiu [&hellip;]<\/p>\n","protected":false},"author":3,"featured_media":10737,"comment_status":"open","ping_status":"closed","sticky":false,"template":"","format":"standard","meta":{"site-sidebar-layout":"default","site-content-layout":"","ast-site-content-layout":"","site-content-style":"default","site-sidebar-style":"default","ast-global-header-display":"","ast-banner-title-visibility":"","ast-main-header-display":"","ast-hfb-above-header-display":"","ast-hfb-below-header-display":"","ast-hfb-mobile-header-display":"","site-post-title":"","ast-breadcrumbs-content":"","ast-featured-img":"","footer-sml-layout":"","theme-transparent-header-meta":"","adv-header-id-meta":"","stick-header-meta":"","header-above-stick-meta":"","header-main-stick-meta":"","header-below-stick-meta":"","astra-migrate-meta-layouts":"default","ast-page-background-enabled":"default","ast-page-background-meta":{"desktop":{"background-color":"var(--ast-global-color-4)","background-image":"","background-repeat":"repeat","background-position":"center center","background-size":"auto","background-attachment":"scroll","background-type":"","background-media":"","overlay-type":"","overlay-color":"","overlay-opacity":"","overlay-gradient":""},"tablet":{"background-color":"","background-image":"","background-repeat":"repeat","background-position":"center center","background-size":"auto","background-attachment":"scroll","background-type":"","background-media":"","overlay-type":"","overlay-color":"","overlay-opacity":"","overlay-gradient":""},"mobile":{"background-color":"","background-image":"","background-repeat":"repeat","background-position":"center center","background-size":"auto","background-attachment":"scroll","background-type":"","background-media":"","overlay-type":"","overlay-color":"","overlay-opacity":"","overlay-gradient":""}},"ast-content-background-meta":{"desktop":{"background-color":"var(--ast-global-color-5)","background-image":"","background-repeat":"repeat","background-position":"center center","background-size":"auto","background-attachment":"scroll","background-type":"","background-media":"","overlay-type":"","overlay-color":"","overlay-opacity":"","overlay-gradient":""},"tablet":{"background-color":"var(--ast-global-color-5)","background-image":"","background-repeat":"repeat","background-position":"center center","background-size":"auto","background-attachment":"scroll","background-type":"","background-media":"","overlay-type":"","overlay-color":"","overlay-opacity":"","overlay-gradient":""},"mobile":{"background-color":"var(--ast-global-color-5)","background-image":"","background-repeat":"repeat","background-position":"center center","background-size":"auto","background-attachment":"scroll","background-type":"","background-media":"","overlay-type":"","overlay-color":"","overlay-opacity":"","overlay-gradient":""}},"footnotes":""},"categories":[269,273,264],"tags":[839,837,838,840,344,836],"class_list":["post-10735","post","type-post","status-publish","format-standard","has-post-thumbnail","hentry","category-lectoescriptura","category-portada","category-professionals","tag-acompanyament-lector","tag-ebiblio-catalunya","tag-fundacio-jaume-bofill","tag-gust-per-la-lectura","tag-lectura","tag-lecxit"],"post_mailing_queue_ids":[],"_links":{"self":[{"href":"https:\/\/serveiseducatius.xtec.cat\/creda-catcentral\/wp-json\/wp\/v2\/posts\/10735","targetHints":{"allow":["GET"]}}],"collection":[{"href":"https:\/\/serveiseducatius.xtec.cat\/creda-catcentral\/wp-json\/wp\/v2\/posts"}],"about":[{"href":"https:\/\/serveiseducatius.xtec.cat\/creda-catcentral\/wp-json\/wp\/v2\/types\/post"}],"author":[{"embeddable":true,"href":"https:\/\/serveiseducatius.xtec.cat\/creda-catcentral\/wp-json\/wp\/v2\/users\/3"}],"replies":[{"embeddable":true,"href":"https:\/\/serveiseducatius.xtec.cat\/creda-catcentral\/wp-json\/wp\/v2\/comments?post=10735"}],"version-history":[{"count":1,"href":"https:\/\/serveiseducatius.xtec.cat\/creda-catcentral\/wp-json\/wp\/v2\/posts\/10735\/revisions"}],"predecessor-version":[{"id":10739,"href":"https:\/\/serveiseducatius.xtec.cat\/creda-catcentral\/wp-json\/wp\/v2\/posts\/10735\/revisions\/10739"}],"wp:featuredmedia":[{"embeddable":true,"href":"https:\/\/serveiseducatius.xtec.cat\/creda-catcentral\/wp-json\/wp\/v2\/media\/10737"}],"wp:attachment":[{"href":"https:\/\/serveiseducatius.xtec.cat\/creda-catcentral\/wp-json\/wp\/v2\/media?parent=10735"}],"wp:term":[{"taxonomy":"category","embeddable":true,"href":"https:\/\/serveiseducatius.xtec.cat\/creda-catcentral\/wp-json\/wp\/v2\/categories?post=10735"},{"taxonomy":"post_tag","embeddable":true,"href":"https:\/\/serveiseducatius.xtec.cat\/creda-catcentral\/wp-json\/wp\/v2\/tags?post=10735"}],"curies":[{"name":"wp","href":"https:\/\/api.w.org\/{rel}","templated":true}]}}