{"id":10632,"date":"2020-03-31T17:48:07","date_gmt":"2020-03-31T15:48:07","guid":{"rendered":"http:\/\/serveiseducatius.xtec.cat\/creda-catcentral\/?p=10632"},"modified":"2020-03-31T19:52:42","modified_gmt":"2020-03-31T17:52:42","slug":"repte-de-la-setmana-iii","status":"publish","type":"post","link":"https:\/\/serveiseducatius.xtec.cat\/creda-catcentral\/alumnes\/repte-de-la-setmana-iii\/","title":{"rendered":"REPTE DE LA SETMANA III"},"content":{"rendered":"<p>CURTMETRATGE<\/p>\n<p>La proposta d&#8217;aquesta setmana \u00e9s que us mireu un curtmetratge dels que us proposem i despr\u00e9s realitzeu alguna de les nostres propostes.<\/p>\n<table style=\"height: 57px;\" width=\"753\">\n<tbody>\n<tr>\n<td style=\"width: 255px;\"><a href=\"https:\/\/vimeo.com\/341077341\" target=\"_blank\" rel=\"noopener noreferrer\"><img loading=\"lazy\" decoding=\"async\" class=\"alignleft size-medium wp-image-10633\" src=\"https:\/\/serveiseducatius.xtec.cat\/creda-catcentral\/wp-content\/uploads\/usu1063\/2020\/03\/piper-300x142.jpg\" alt=\"\" width=\"300\" height=\"142\" srcset=\"https:\/\/serveiseducatius.xtec.cat\/creda-catcentral\/wp-content\/uploads\/usu1063\/2020\/03\/piper-300x142.jpg 300w, https:\/\/serveiseducatius.xtec.cat\/creda-catcentral\/wp-content\/uploads\/usu1063\/2020\/03\/piper.jpg 326w\" sizes=\"auto, (max-width: 300px) 100vw, 300px\" \/><\/a><\/td>\n<td style=\"width: 490px;\">El protagonista d\u2019aquest preci\u00f3s curt \u00e9s en Piper, un ocellet amb por a abandonar el niu i aventurar-se a ca\u00e7ar clo\u00efsses a la platja.<\/p>\n<p>\u00c9s una hist\u00f2ria , que far\u00e0 que els infants reflexionin sobre la\u00a0<strong>import\u00e0ncia de superar les seves pors. <\/strong><strong><br \/>\n<\/strong><\/td>\n<\/tr>\n<tr>\n<td style=\"width: 255px;\"><a href=\"https:\/\/www.youtube.com\/watch?time_continue=4&amp;v=Fj0XBbaZWEs&amp;feature=emb_logo\" target=\"_blank\" rel=\"noopener noreferrer\"><img loading=\"lazy\" decoding=\"async\" class=\"alignleft size-medium wp-image-10634\" src=\"https:\/\/serveiseducatius.xtec.cat\/creda-catcentral\/wp-content\/uploads\/usu1063\/2020\/03\/oktapodi-220x300.jpg\" alt=\"\" width=\"220\" height=\"300\" srcset=\"https:\/\/serveiseducatius.xtec.cat\/creda-catcentral\/wp-content\/uploads\/usu1063\/2020\/03\/oktapodi-220x300.jpg 220w, https:\/\/serveiseducatius.xtec.cat\/creda-catcentral\/wp-content\/uploads\/usu1063\/2020\/03\/oktapodi.jpg 300w\" sizes=\"auto, (max-width: 220px) 100vw, 220px\" \/><\/a><\/td>\n<td style=\"width: 490px;\">Dos pops que viuen enamorats dins una peixera, de cop i volta, es veuen separats.\u00a0 Un cuiner d&#8217;un restaurant compra la femella i el mascle empr\u00e8n una aventura per rescatar-la.<\/p>\n<p>Amb aquesta hist\u00f2ria s&#8217;expressa la <strong>import\u00e0ncia de\u00a0 lluitar pel qu\u00e8 vols i de v\u00e8ncer tots els entrebancs<\/strong>.<\/td>\n<\/tr>\n<tr>\n<td style=\"width: 255px;\"><a href=\"https:\/\/www.youtube.com\/watch?v=JiAC-8oQEQE\" target=\"_blank\" rel=\"noopener noreferrer\"><img loading=\"lazy\" decoding=\"async\" class=\"alignleft size-medium wp-image-10635\" src=\"https:\/\/serveiseducatius.xtec.cat\/creda-catcentral\/wp-content\/uploads\/usu1063\/2020\/03\/one-small-300x300.jpg\" alt=\"\" width=\"300\" height=\"300\" srcset=\"https:\/\/serveiseducatius.xtec.cat\/creda-catcentral\/wp-content\/uploads\/usu1063\/2020\/03\/one-small-300x300.jpg 300w, https:\/\/serveiseducatius.xtec.cat\/creda-catcentral\/wp-content\/uploads\/usu1063\/2020\/03\/one-small-150x150.jpg 150w, https:\/\/serveiseducatius.xtec.cat\/creda-catcentral\/wp-content\/uploads\/usu1063\/2020\/03\/one-small.jpg 500w\" sizes=\"auto, (max-width: 300px) 100vw, 300px\" \/><\/a><\/td>\n<td style=\"width: 490px;\">\u201cOne small step\u201d \u00e9s la hist\u00f2ria d\u2019un sabater humil i la seva filla Lluna, una nena que somia a convertir-se en astronauta.<\/p>\n<p>Amb la seva hist\u00f2ria aprenem que cal perseguir els nostres somnis i que, encara que les coses es posin dif\u00edcils, no hem de desistir mai. Heus aqu\u00ed la import\u00e0ncia de l<strong>\u2019esfor\u00e7, la perseveran\u00e7a, el sacrifici i la dedicaci\u00f3<\/strong>. I, per descomptat, de <strong>la superaci\u00f3 personal.<\/strong><\/td>\n<\/tr>\n<tr>\n<td style=\"width: 255px;\"><a href=\"https:\/\/www.youtube.com\/watch?v=AlQeKPPp_XU\" target=\"_blank\" rel=\"noopener noreferrer\"><img loading=\"lazy\" decoding=\"async\" class=\"alignleft size-medium wp-image-10636\" src=\"https:\/\/serveiseducatius.xtec.cat\/creda-catcentral\/wp-content\/uploads\/usu1063\/2020\/03\/jinsi-300x169.jpg\" alt=\"\" width=\"300\" height=\"169\" srcset=\"https:\/\/serveiseducatius.xtec.cat\/creda-catcentral\/wp-content\/uploads\/usu1063\/2020\/03\/jinsi-300x169.jpg 300w, https:\/\/serveiseducatius.xtec.cat\/creda-catcentral\/wp-content\/uploads\/usu1063\/2020\/03\/jinsi-768x432.jpg 768w, https:\/\/serveiseducatius.xtec.cat\/creda-catcentral\/wp-content\/uploads\/usu1063\/2020\/03\/jinsi-1024x576.jpg 1024w, https:\/\/serveiseducatius.xtec.cat\/creda-catcentral\/wp-content\/uploads\/usu1063\/2020\/03\/jinsi.jpg 1280w\" sizes=\"auto, (max-width: 300px) 100vw, 300px\" \/><\/a><\/td>\n<td style=\"width: 490px;\">Jinxy Jenkisns, Lucky Lou\u00a0 \u00e9s la historia desafortunat Jenkins, que viu en un caos absolut i l&#8217;afortunada Lou a qui tot li surt b\u00e9. Un mat\u00ed els dos personatges es troben i comen\u00e7a l&#8217;aventura.<\/p>\n<p>Una hist\u00f2ria divertida que ens reafirma que la vida cal mirar-la amb <strong>optimisme<\/strong>.<\/td>\n<\/tr>\n<\/tbody>\n<\/table>\n<p><strong>Proposta 1:<\/strong> Pots fer un dibuix de la part del curt que t&#8217;hagi agradat m\u00e9s.<\/p>\n<p><strong>Proposta 2:<\/strong> Pots explicar oralment el curt a la teva fam\u00edlia o gravar un v\u00eddeo explicant-lo i fer-nos-el arribar.<\/p>\n<p><strong>Proposta 3:<\/strong> En cap dels curts hi ha di\u00e0leg. Et proposem que facis parlar els personatges.<\/p>\n<p><strong>Proposta 4:<\/strong> Pots extreure la idea principal del curt.<\/p>\n<p>Si ens voleu fer arribar alguna de les vostres tasques les penjarem al <a href=\"https:\/\/blocs.xtec.cat\/credaccc\/\" target=\"_blank\" rel=\"noopener noreferrer\">bloc<\/a><\/p>\n","protected":false},"excerpt":{"rendered":"<p>CURTMETRATGE La proposta d&#8217;aquesta setmana \u00e9s que us mireu un curtmetratge dels que us proposem i despr\u00e9s realitzeu alguna de les nostres propostes. El protagonista d\u2019aquest preci\u00f3s curt \u00e9s en Piper, un ocellet amb por a abandonar el niu i aventurar-se a ca\u00e7ar clo\u00efsses a la platja. \u00c9s una hist\u00f2ria , que far\u00e0 que els [&hellip;]<\/p>\n","protected":false},"author":3,"featured_media":10637,"comment_status":"open","ping_status":"closed","sticky":false,"template":"","format":"standard","meta":{"site-sidebar-layout":"default","site-content-layout":"","ast-site-content-layout":"","site-content-style":"default","site-sidebar-style":"default","ast-global-header-display":"","ast-banner-title-visibility":"","ast-main-header-display":"","ast-hfb-above-header-display":"","ast-hfb-below-header-display":"","ast-hfb-mobile-header-display":"","site-post-title":"","ast-breadcrumbs-content":"","ast-featured-img":"","footer-sml-layout":"","theme-transparent-header-meta":"","adv-header-id-meta":"","stick-header-meta":"","header-above-stick-meta":"","header-main-stick-meta":"","header-below-stick-meta":"","astra-migrate-meta-layouts":"default","ast-page-background-enabled":"default","ast-page-background-meta":{"desktop":{"background-color":"var(--ast-global-color-4)","background-image":"","background-repeat":"repeat","background-position":"center center","background-size":"auto","background-attachment":"scroll","background-type":"","background-media":"","overlay-type":"","overlay-color":"","overlay-opacity":"","overlay-gradient":""},"tablet":{"background-color":"","background-image":"","background-repeat":"repeat","background-position":"center center","background-size":"auto","background-attachment":"scroll","background-type":"","background-media":"","overlay-type":"","overlay-color":"","overlay-opacity":"","overlay-gradient":""},"mobile":{"background-color":"","background-image":"","background-repeat":"repeat","background-position":"center center","background-size":"auto","background-attachment":"scroll","background-type":"","background-media":"","overlay-type":"","overlay-color":"","overlay-opacity":"","overlay-gradient":""}},"ast-content-background-meta":{"desktop":{"background-color":"var(--ast-global-color-5)","background-image":"","background-repeat":"repeat","background-position":"center center","background-size":"auto","background-attachment":"scroll","background-type":"","background-media":"","overlay-type":"","overlay-color":"","overlay-opacity":"","overlay-gradient":""},"tablet":{"background-color":"var(--ast-global-color-5)","background-image":"","background-repeat":"repeat","background-position":"center center","background-size":"auto","background-attachment":"scroll","background-type":"","background-media":"","overlay-type":"","overlay-color":"","overlay-opacity":"","overlay-gradient":""},"mobile":{"background-color":"var(--ast-global-color-5)","background-image":"","background-repeat":"repeat","background-position":"center center","background-size":"auto","background-attachment":"scroll","background-type":"","background-media":"","overlay-type":"","overlay-color":"","overlay-opacity":"","overlay-gradient":""}},"footnotes":""},"categories":[272,273],"tags":[770,766,802,774],"class_list":["post-10632","post","type-post","status-publish","format-standard","has-post-thumbnail","hentry","category-alumnes","category-portada","tag-activitats-a-casa","tag-coronavirus","tag-curtmetratge","tag-joemquedoacasa"],"post_mailing_queue_ids":[],"_links":{"self":[{"href":"https:\/\/serveiseducatius.xtec.cat\/creda-catcentral\/wp-json\/wp\/v2\/posts\/10632","targetHints":{"allow":["GET"]}}],"collection":[{"href":"https:\/\/serveiseducatius.xtec.cat\/creda-catcentral\/wp-json\/wp\/v2\/posts"}],"about":[{"href":"https:\/\/serveiseducatius.xtec.cat\/creda-catcentral\/wp-json\/wp\/v2\/types\/post"}],"author":[{"embeddable":true,"href":"https:\/\/serveiseducatius.xtec.cat\/creda-catcentral\/wp-json\/wp\/v2\/users\/3"}],"replies":[{"embeddable":true,"href":"https:\/\/serveiseducatius.xtec.cat\/creda-catcentral\/wp-json\/wp\/v2\/comments?post=10632"}],"version-history":[{"count":2,"href":"https:\/\/serveiseducatius.xtec.cat\/creda-catcentral\/wp-json\/wp\/v2\/posts\/10632\/revisions"}],"predecessor-version":[{"id":10639,"href":"https:\/\/serveiseducatius.xtec.cat\/creda-catcentral\/wp-json\/wp\/v2\/posts\/10632\/revisions\/10639"}],"wp:featuredmedia":[{"embeddable":true,"href":"https:\/\/serveiseducatius.xtec.cat\/creda-catcentral\/wp-json\/wp\/v2\/media\/10637"}],"wp:attachment":[{"href":"https:\/\/serveiseducatius.xtec.cat\/creda-catcentral\/wp-json\/wp\/v2\/media?parent=10632"}],"wp:term":[{"taxonomy":"category","embeddable":true,"href":"https:\/\/serveiseducatius.xtec.cat\/creda-catcentral\/wp-json\/wp\/v2\/categories?post=10632"},{"taxonomy":"post_tag","embeddable":true,"href":"https:\/\/serveiseducatius.xtec.cat\/creda-catcentral\/wp-json\/wp\/v2\/tags?post=10632"}],"curies":[{"name":"wp","href":"https:\/\/api.w.org\/{rel}","templated":true}]}}